{"id":4996,"date":"2022-11-28T19:59:24","date_gmt":"2022-11-28T19:59:24","guid":{"rendered":"http:\/\/news-fm.ro\/index.php\/2022\/11\/28\/andra-deschide-seria-de-concerte-de-la-targul-de-craciun-bucuresti-program\/"},"modified":"2022-11-28T19:59:24","modified_gmt":"2022-11-28T19:59:24","slug":"andra-deschide-seria-de-concerte-de-la-targul-de-craciun-bucuresti-program","status":"publish","type":"post","link":"https:\/\/news-fm.ro\/index.php\/2022\/11\/28\/andra-deschide-seria-de-concerte-de-la-targul-de-craciun-bucuresti-program\/","title":{"rendered":"Andra deschide seria de concerte de la T\u00e2rgul de Cr\u0103ciun Bucure\u0219ti &#8211; PROGRAM"},"content":{"rendered":"<p>Mult a\u0219teptatele concerte ale T\u00e2rgului de Cr\u0103ciun Bucure\u015fti 2022 debuteaz\u0103 \u00een minivacan\u0163a de Sf\u00e2ntul Andrei \u015fi 1 decembrie, \u0219i continu\u0103 cu alte trei zile de muzic\u0103 live \u00een Pia\u0163a Constitu\u0163iei. Astfel, participan\u021bii se vor bucura de muzic\u0103 de calitate \u00een fiecare zi, \u00eentre 30 noiembrie \u015fi 4 decembrie, \u00eencep\u00e2nd cu ora 19.30.<\/p>\n<p>Andra urc\u0103 pe scena din Pia\u0163a Constitu\u0163iei \u00een prima zi de concerte, pe 30 noiembrie. Proasp\u0103t premiat\u0103 cu titlul &#8220;Artistul Anului&#8221; la Gala Radar de Media 2022 \u015fi la The Artist Award, c\u00e2nt\u0103rea\u0163a de\u0163in\u0103toare a unui Disc de Platin\u0103 \u015fi Disc de Diamant marcheaz\u0103 atmosfera festiv\u0103 a T\u00e2rgului cu un concert de iarn\u0103 \u00een care publicul va fredona colinde din folclorul rom\u00e2nesc, hituri ale artistei, dar \u015fi refrene ale unor melodii de Cr\u0103ciun din repertoriul interna\u0163ional.<\/p>\n<\/p>\n<p>Bucure\u015ftenii aniverseaz\u0103 Ziua Na\u0163ional\u0103 a Rom\u00e2niei pe acorduri de muzic\u0103 popular\u0103. Lavinia Goste al\u0103turi de maestrul dirijor Marius Zoril\u0103, Orchestra Na\u0163ional\u0103 &#8220;Valahia&#8221; \u015fi invitatul de onoare Valentin Samfira insufl\u0103 bucurie \u00een r\u00e2ndul publicului joi, 1 decembrie, cu melodii populare din toate zonele etnofolclorice ale \u0163\u0103rii, interpretate la instrumente tradi\u0163ionale, precum fluier geam\u0103n, cimpoi, caval, ocarin\u0103, tr\u00e2mbi\u0163\u0103, nai sau taragot.<\/p>\n<p>Nicolae Voicule\u0163, artistul care a dus arta naiului \u00een Japonia, America de Nord \u015fi de Sud, colaborator al Orchestrei Filarmonice din Viena, Stockholm \u015fi Praga, urc\u0103 pe scen\u0103 vineri seara, pe 2 decembrie cu un program de doine \u015fi colinde al concertului &#8220;Sus la naltul Cerului&#8221;\u00a0\u00een fa\u0163a publicului din Pia\u0163a Constitu\u0163iei.<\/p>\n<p>C\u00e2ntece vechi rom\u00e2ne\u015fti sunt reinventate pe groove-uri de drum&#8217;n&#8217;bass de LUPII lui Calancea \u00eentr-un concert exploziv s\u00e2mb\u0103t\u0103, 3 decembrie. Recunoscu\u0163i pentru felul \u00een care reu\u015fesc s\u0103 reconecteze publicul la r\u0103d\u0103cinile sale, arti\u015ftii basarabeni promit un show original \u00een care pasaje clasice se \u00eempletesc cu elemente de folclor \u015fi datini demult uitate pe ritmuri urbane.<\/p>\n<p>Vocea intens\u0103 a artistului crossover Cezar Ouatu poart\u0103 publicul pe aripile muzicii duminic\u0103 seara, pe 4 decembrie, cu un concert de pop-opera al\u0103turi de Ascendis Choir. Cunoscut pentru versatilitatea vocii sale, Cezar Ouatu creeaz\u0103 \u00eentotdeauna magie pe scen\u0103 \u015fi surprinde cu un registru inedit de melodii ce poate s\u0103 varieze de la arii celebre de oper\u0103, la piese de folclor sau interpret\u0103ri moderne de jazz, muzic\u0103 pop sau rock-simfonic\u0103.<\/p>\n<p>Programul artistic din minivacan\u0163a 30 noiembrie &#8211; 4 decembrie este completat de momente vesele aduse \u00een Pia\u0163a Constitu\u0163iei de trupa de copii Picii lu&#8217; Soreasca, Butterfly Band, Ana Cebotari sau de muzica de fanfar\u0103 a ansamblurilor de al\u0103muri Armonia Brass Quintet \u015fi Spirit Brass Quintet. Muzica de Cr\u0103ciun va r\u0103suna cu sensibilitate \u015fi rafinament \u00een concertele mai multor ansambluri corale din Rom\u00e2nia, printre care \u015fi Corul de Copii Radio, condus de R\u0103zvan R\u0103dos.<\/p>\n<p>Programul concertelor la T\u00e2rgul de Cr\u0103ciun Bucure\u015fti continu\u0103 cu o sear\u0103 special\u0103 de Sf\u00e2ntul Nicolae, mar\u0163i 6 decembrie, cu Felicia Filip \u00een calitate de invitat special. \u00cen weekendul 9-11 decembrie, publicul de la T\u00e2rg se va bucura de trei concerte pe sear\u0103 ale unor tarafuri, forma\u0163ii pop, coruri religioase, coruri de copii \u015fi grupuri vocale.<\/p>\n<p> PROGRAM ARTISTIC | 30 noiembrie \u2013 4 decembrie 2022 <\/p>\n<p>Miercuri, 30 noiembrie 2022 | 19:30-21:50<\/p>\n<ul>\n<li>Picii lu&#8217; Soreasca<\/li>\n<li>Armonia Brass Quintet<\/li>\n<li>Andra<\/li>\n<\/ul>\n<p>Joi, 1 decembrie 2022 | 19:30-21:30<\/p>\n<ul>\n<li>Butterfly Band<\/li>\n<li>Lavinia Goste al\u0103turi de maestrul dirijor Marius Zoril\u0103 &#038; Orchestra Na\u021bional\u0103 Valahia. Invitat special: Valentin Sanfira<\/li>\n<\/ul>\n<p>Vineri, 2 decembrie 2022 | 19:30-21:30<\/p>\n<ul>\n<li>Corul Universit\u0103\u0163ii din Bucure\u015fti<\/li>\n<li>Spirit Brass Quintet<\/li>\n<li>Nicolae Voicule\u0163 \u2013 Sus la naltul cerului<\/li>\n<\/ul>\n<p>S\u00e2mb\u0103t\u0103,<\/p>\n<p> <a class=\"echo_read_more\" href=\"https:\/\/www.infomusic.ro\/2022\/11\/andra-concerte-targul-de-craciun-bucuresti-2022\/\" target=\"_blank\" rel=\"noopener\">\u00a0\u00bb\u00a0Cite\u0219te continuarea pe pagina autorului<\/a><\/p>\n","protected":false},"excerpt":{"rendered":"<p>Mult a\u0219teptatele concerte ale T\u00e2rgului de Cr\u0103ciun Bucure\u015fti 2022 debuteaz\u0103 \u00een minivacan\u0163a de Sf\u00e2ntul Andrei \u015fi 1 decembrie, \u0219i continu\u0103 cu alte trei zile de muzic\u0103 live \u00een Pia\u0163a Constitu\u0163iei. Astfel, participan\u021bii se vor bucura de muzic\u0103 de calitate \u00een fiecare zi, \u00eentre 30 noiembrie \u015fi 4 decembrie, \u00eencep\u00e2nd cu ora 19.30. Andra urc\u0103 pe [&hellip;]<\/p>\n","protected":false},"author":1,"featured_media":4997,"comment_status":"open","ping_status":"open","sticky":false,"template":"","format":"standard","meta":{"_crdt_document":"","footnotes":""},"categories":[4],"tags":[],"class_list":["post-4996","post","type-post","status-publish","format-standard","has-post-thumbnail","hentry","category-noutati"],"_links":{"self":[{"href":"https:\/\/news-fm.ro\/index.php\/wp-json\/wp\/v2\/posts\/4996","targetHints":{"allow":["GET"]}}],"collection":[{"href":"https:\/\/news-fm.ro\/index.php\/wp-json\/wp\/v2\/posts"}],"about":[{"href":"https:\/\/news-fm.ro\/index.php\/wp-json\/wp\/v2\/types\/post"}],"author":[{"embeddable":true,"href":"https:\/\/news-fm.ro\/index.php\/wp-json\/wp\/v2\/users\/1"}],"replies":[{"embeddable":true,"href":"https:\/\/news-fm.ro\/index.php\/wp-json\/wp\/v2\/comments?post=4996"}],"version-history":[{"count":0,"href":"https:\/\/news-fm.ro\/index.php\/wp-json\/wp\/v2\/posts\/4996\/revisions"}],"wp:featuredmedia":[{"embeddable":true,"href":"https:\/\/news-fm.ro\/index.php\/wp-json\/wp\/v2\/media\/4997"}],"wp:attachment":[{"href":"https:\/\/news-fm.ro\/index.php\/wp-json\/wp\/v2\/media?parent=4996"}],"wp:term":[{"taxonomy":"category","embeddable":true,"href":"https:\/\/news-fm.ro\/index.php\/wp-json\/wp\/v2\/categories?post=4996"},{"taxonomy":"post_tag","embeddable":true,"href":"https:\/\/news-fm.ro\/index.php\/wp-json\/wp\/v2\/tags?post=4996"}],"curies":[{"name":"wp","href":"https:\/\/api.w.org\/{rel}","templated":true}]}}