{"id":4992,"date":"2022-11-28T11:00:19","date_gmt":"2022-11-28T11:00:19","guid":{"rendered":"http:\/\/news-fm.ro\/index.php\/2022\/11\/28\/trupa-akcent-a-revenit-intr-o-formula-noua-cine-face-parte-din-ea\/"},"modified":"2022-11-28T11:00:19","modified_gmt":"2022-11-28T11:00:19","slug":"trupa-akcent-a-revenit-intr-o-formula-noua-cine-face-parte-din-ea","status":"publish","type":"post","link":"https:\/\/news-fm.ro\/index.php\/2022\/11\/28\/trupa-akcent-a-revenit-intr-o-formula-noua-cine-face-parte-din-ea\/","title":{"rendered":"Trupa Akcent a revenit \u00eentr-o formul\u0103 nou\u0103; Cine face parte din ea?"},"content":{"rendered":"<p>Adrian S\u00een\u0103 a anun\u0163at relansarea apreciatei trupe din Cluj, c\u00e2nt\u00e2nd al\u0103turi de dou\u0103 artiste talentate. Miruna P\u00e2nzariu \u015fi Irina Ionescu sunt noile soliste Akcent. Prima a participat la X-Factor \u00een 2016, pe c\u00e2nd avea doar 14 ani. Irina Ionescu a participat la r\u00e2ndul s\u0103u la show-ul de talente \u00een 2014, iar acum este solist\u0103 la Teatrul de Revista &#8220;Constantin T\u0103nase&#8221;.<\/p>\n<p>Artistele colaboreaz\u0103 deja cu Adrian S\u00een\u0103 \u00een cadrul proiectului Adrian S\u00een\u0103 &#038; The Wedding Crashers, cu care particip\u0103 la evenimente, nun\u0163i, petreceri. Trupa Akcent a fost format\u0103 \u00een 1998 de c\u0103tre Adrian S\u00een\u0103, al\u0103turi de artista Ramona Barta. Ulterior devenea un boy band, prin includerea lui Marius Nedelcu, Mihai Gruia \u015fi Sorin Brotnei. \u00cen 2008 Marius Nedelcu p\u0103r\u0103sea trupa, iar \u00een 2013 s-a produs separarea final\u0103 dintre Adrian S\u00een\u0103 \u015fi fo\u015ftii colegi, \u00een urma unui proces.<\/p>\n<p><a href=\"https:\/\/www.infomusic.ro\/videoclip\/akcent-olivia-addams-heart-attack\/\">Trupa<\/a> a participat \u00een 2006 la Selec\u0163ia Na\u0163ional\u0103 pentru Eurovision, al\u0103turi de Nico, cu piesa &#8220;Jockero&#8221;, care de\u015fi nu a c\u00e2\u015ftigat a fost un hit la posturile de radio de la noi, dar \u015fi \u00een afar\u0103. \u00cen ultimii ani Akcent a ap\u0103rut \u00een cadrul a diferite colabor\u0103ri \u015fi evenimente sub forma lui Adrian S\u00een\u0103 plus colaboratori diferi\u0163i. Urm\u0103torul mare concert <a href=\"https:\/\/www.infomusic.ro\/videoclip\/akcent-rita\/\">Akcent<\/a> este la Retro Party, care are loc la Cluj, pe 30 noiembrie.<\/p>\n<p>Atunci urc\u0103 pe scen\u0103 Zdob \u015fi Zdub, Hara, Arsenium, DJ Antenna \u015fi Boney M Xperience. Akcent va c\u00e2nta hituri ca &#8220;Dragoste de \u00eenchiriat&#8221;, care are \u015fi o versiune \u00een englez\u0103 &#8220;Kylie&#8221;, care a ajuns pe prima pozi\u0163ie \u00een topurile din Europa. Forma\u0163ia a colaborat de-a lungul anilor cu arti\u015fti ca Lora, Ruxandra Bar, Lidia Buble, Reea, Olivia Addams. Primul album Akcent a fost &#8220;Senza\u0163ia&#8221; lansat \u00een 1999, \u00een formula Adrian S\u00een\u0103 + Ramona Barta. Primul mare hit a fost totu\u015fi singl<\/p>\n<p> <a class=\"echo_read_more\" href=\"https:\/\/www.infomusic.ro\/2022\/11\/trupa-akcent-a-revenit-intr-o-formula-noua-cine-face-parte-din-ea\/\" target=\"_blank\" rel=\"noopener\">\u00a0\u00bb\u00a0Cite\u0219te continuarea pe pagina autorului<\/a><\/p>\n","protected":false},"excerpt":{"rendered":"<p>Adrian S\u00een\u0103 a anun\u0163at relansarea apreciatei trupe din Cluj, c\u00e2nt\u00e2nd al\u0103turi de dou\u0103 artiste talentate. Miruna P\u00e2nzariu \u015fi Irina Ionescu sunt noile soliste Akcent. Prima a participat la X-Factor \u00een 2016, pe c\u00e2nd avea doar 14 ani. Irina Ionescu a participat la r\u00e2ndul s\u0103u la show-ul de talente \u00een 2014, iar acum este solist\u0103 la [&hellip;]<\/p>\n","protected":false},"author":1,"featured_media":4993,"comment_status":"open","ping_status":"open","sticky":false,"template":"","format":"standard","meta":{"_crdt_document":"","footnotes":""},"categories":[4],"tags":[],"class_list":["post-4992","post","type-post","status-publish","format-standard","has-post-thumbnail","hentry","category-noutati"],"_links":{"self":[{"href":"https:\/\/news-fm.ro\/index.php\/wp-json\/wp\/v2\/posts\/4992","targetHints":{"allow":["GET"]}}],"collection":[{"href":"https:\/\/news-fm.ro\/index.php\/wp-json\/wp\/v2\/posts"}],"about":[{"href":"https:\/\/news-fm.ro\/index.php\/wp-json\/wp\/v2\/types\/post"}],"author":[{"embeddable":true,"href":"https:\/\/news-fm.ro\/index.php\/wp-json\/wp\/v2\/users\/1"}],"replies":[{"embeddable":true,"href":"https:\/\/news-fm.ro\/index.php\/wp-json\/wp\/v2\/comments?post=4992"}],"version-history":[{"count":0,"href":"https:\/\/news-fm.ro\/index.php\/wp-json\/wp\/v2\/posts\/4992\/revisions"}],"wp:featuredmedia":[{"embeddable":true,"href":"https:\/\/news-fm.ro\/index.php\/wp-json\/wp\/v2\/media\/4993"}],"wp:attachment":[{"href":"https:\/\/news-fm.ro\/index.php\/wp-json\/wp\/v2\/media?parent=4992"}],"wp:term":[{"taxonomy":"category","embeddable":true,"href":"https:\/\/news-fm.ro\/index.php\/wp-json\/wp\/v2\/categories?post=4992"},{"taxonomy":"post_tag","embeddable":true,"href":"https:\/\/news-fm.ro\/index.php\/wp-json\/wp\/v2\/tags?post=4992"}],"curies":[{"name":"wp","href":"https:\/\/api.w.org\/{rel}","templated":true}]}}