{"id":4902,"date":"2022-11-07T20:59:05","date_gmt":"2022-11-07T20:59:05","guid":{"rendered":"http:\/\/news-fm.ro\/index.php\/2022\/11\/07\/andre-rieu-aduce-inca-un-concert-cel-de-al-treilea-la-cluj-napoca-in-2023\/"},"modified":"2022-11-07T20:59:05","modified_gmt":"2022-11-07T20:59:05","slug":"andre-rieu-aduce-inca-un-concert-cel-de-al-treilea-la-cluj-napoca-in-2023","status":"publish","type":"post","link":"https:\/\/news-fm.ro\/index.php\/2022\/11\/07\/andre-rieu-aduce-inca-un-concert-cel-de-al-treilea-la-cluj-napoca-in-2023\/","title":{"rendered":"Andr\u00e9 Rieu aduce \u00eenc\u0103 un concert (cel de-al treilea) la Cluj-Napoca \u00een 2023"},"content":{"rendered":"<p>UPDATE: Biletele pentru concertul artistului Andr\u00e9 Rieu programat vineri, 3 martie 2023, la Cluj-Napoca s-au v\u00e2ndut \u00een ritm alert \u00eenc\u0103 din primele minute de la lansare. <a href=\"https:\/\/www.infomusic.ro\/2022\/11\/andre-rieu-al-doilea-concert-cluj-martie-2023-primul-sold-out\/\">Violonistul anun\u021b\u0103 \u00eenc\u0103 o reprezenta\u021bie pe 4 martie, tot la BT Arena<\/a>.<\/p>\n<p>Admiratorii artistului se vor putea bucura de magia muzicii \u00eentr-un nou spectacol fabulos, prezentat de celebrul violonist al\u0103turi de cei 60 de muzicieni des\u0103v\u00e2r\u0219i\u021bi, membri ai Johann Strauss Orchestra. Maestrul Andr\u00e9 Rieu va urca pe scena BT-Arena din Cluj-Napoca, pe 3 martie, iar concertul grandios va fi cu siguran\u021b\u0103 unul dintre cele mai importante evenimente concertistice ale anului 2023 din Rom\u00e2nia.<\/p>\n<p>Concertele romantice \u0219i vesele ale lui Andr\u00e9 Rieu includ piese clasice emo\u021bionante, valsuri, muzic\u0103 de film \u0219i oper\u0103, dar \u0219i melodii pop, interpretate al\u0103turi de cea mai mare orchestr\u0103 privat\u0103 din lume, Johann Strauss Orchestra.<\/p>\n<p>Pe muzica lui Andr\u00e9 Rieu mii de spectatori prezen\u021bi pe stadioane au vibrat \u0219i s-au leg\u0103nat pe valsul lui Dmitri Shostakovich, pe durata pauzelor mai multor meciuri de fotbal jucate \u00een Liga Campionilor, iar turneele sale mondiale ajung la peste jum\u0103tate de milion de oameni \u00een fiecare an.<\/p>\n<p>&#8220;Toat\u0103 lumea este binevenit\u0103 la concertele mele. Ne deschidem inimile pentru public, iar publicul \u00ee\u0219i deschide inimile pentru noi. \u00cen fiecare sear\u0103, \u00een s\u0103lile de spectacole, eu \u0219i orchestra mea vedem oameni dans\u00e2nd \u0219i c\u00e2nt\u00e2nd pe culoar, entuzia\u0219ti \u0219i f\u0103r\u0103 griji. \u00cempreun\u0103 petrecem seri de neuitat. C\u00e2nd oamenii \u00eemi scriu c\u0103 au nevoie de dou\u0103 s\u0103pt\u0103m\u00e2ni pentru a-\u0219i reveni dup\u0103 concertele mele, devin cel mai fericit om din lume!&#8221;, a declarat Andr\u00e9 Rieu.<\/p>\n<p>Videoclipurile lui Andr\u00e9 Rieu pe YouTube au dep\u0103\u0219it cu mult peste 1 miliard de vizualiz\u0103ri, iar\u00a0aproape 9 milioane de fani din \u00eentreaga lume \u00eel urm\u0103resc pe Facebook. Printre cele 40 de milioane de albume v\u00e2ndute, cel mai recent album, lansat \u00een 2022, intitulat &#8220;Happy Together&#8221; i-a adus din nou succesul, acesta afl\u00e2ndu-se \u00een primele 10 pozi\u021bii ale topurilor interna\u021bionale.<\/p>\n<p>Turneele lui Andr\u00e9 Rieu dep\u0103\u0219esc \u00een mod regulat turneele mai multor vedete pop \u0219i rock din lume. Concertele sale sunt, de asemenea, un r\u0103sf\u0103\u021b vizual, \u00eencep\u00e2nd cu intrarea celebrului violonist \u0219i a muzicienilor s\u0103i prin mul\u021bime, p\u00e2n\u0103 la momentul urc\u0103rii pe scen\u0103 \u0219i a \u00a0\u00eenceperii concertului, la costumele fastuoase sau ecranul impresionant din spatele orchestrei pe care sunt proiectate imagini speciale pentru fiecare c\u00e2ntec \u00een parte, garant\u00e2nd o sear\u0103 extraordinar\u0103 pentru \u00eentreaga familie.<\/p>\n<p>Andr\u00e8 Rieu se bucur\u0103 de aprecierea unui num\u0103r impresionant de fani din \u021bara noastr\u0103. \u00cen 2015, artistul a sus\u021binut 7 concerte sold-out, \u00een Pia\u021ba Constitu\u021biei din Capital\u0103, loc numit de artist ca fiind &#8220;<em>Centrul Universului<\/em>&#8220;. Atunci, celebrul violonist a fos<\/p>\n<p> <a class=\"echo_read_more\" href=\"https:\/\/www.infomusic.ro\/2022\/11\/andre-rieu-al-treilea-concert-cluj-2023\/\" target=\"_blank\" rel=\"noopener\">\u00a0\u00bb\u00a0Cite\u0219te continuarea pe pagina autorului<\/a><\/p>\n","protected":false},"excerpt":{"rendered":"<p>UPDATE: Biletele pentru concertul artistului Andr\u00e9 Rieu programat vineri, 3 martie 2023, la Cluj-Napoca s-au v\u00e2ndut \u00een ritm alert \u00eenc\u0103 din primele minute de la lansare. Violonistul anun\u021b\u0103 \u00eenc\u0103 o reprezenta\u021bie pe 4 martie, tot la BT Arena. Admiratorii artistului se vor putea bucura de magia muzicii \u00eentr-un nou spectacol fabulos, prezentat de celebrul violonist [&hellip;]<\/p>\n","protected":false},"author":1,"featured_media":4903,"comment_status":"open","ping_status":"open","sticky":false,"template":"","format":"standard","meta":{"_crdt_document":"","footnotes":""},"categories":[4],"tags":[],"class_list":["post-4902","post","type-post","status-publish","format-standard","has-post-thumbnail","hentry","category-noutati"],"_links":{"self":[{"href":"https:\/\/news-fm.ro\/index.php\/wp-json\/wp\/v2\/posts\/4902","targetHints":{"allow":["GET"]}}],"collection":[{"href":"https:\/\/news-fm.ro\/index.php\/wp-json\/wp\/v2\/posts"}],"about":[{"href":"https:\/\/news-fm.ro\/index.php\/wp-json\/wp\/v2\/types\/post"}],"author":[{"embeddable":true,"href":"https:\/\/news-fm.ro\/index.php\/wp-json\/wp\/v2\/users\/1"}],"replies":[{"embeddable":true,"href":"https:\/\/news-fm.ro\/index.php\/wp-json\/wp\/v2\/comments?post=4902"}],"version-history":[{"count":0,"href":"https:\/\/news-fm.ro\/index.php\/wp-json\/wp\/v2\/posts\/4902\/revisions"}],"wp:featuredmedia":[{"embeddable":true,"href":"https:\/\/news-fm.ro\/index.php\/wp-json\/wp\/v2\/media\/4903"}],"wp:attachment":[{"href":"https:\/\/news-fm.ro\/index.php\/wp-json\/wp\/v2\/media?parent=4902"}],"wp:term":[{"taxonomy":"category","embeddable":true,"href":"https:\/\/news-fm.ro\/index.php\/wp-json\/wp\/v2\/categories?post=4902"},{"taxonomy":"post_tag","embeddable":true,"href":"https:\/\/news-fm.ro\/index.php\/wp-json\/wp\/v2\/tags?post=4902"}],"curies":[{"name":"wp","href":"https:\/\/api.w.org\/{rel}","templated":true}]}}