{"id":4898,"date":"2022-11-07T12:59:38","date_gmt":"2022-11-07T12:59:38","guid":{"rendered":"http:\/\/news-fm.ro\/index.php\/2022\/11\/07\/alina-eremia-a-lansat-sweat-piesa-in-colaborare-cu-arem-ozguc-si-arman-aydin-audio\/"},"modified":"2022-11-07T12:59:38","modified_gmt":"2022-11-07T12:59:38","slug":"alina-eremia-a-lansat-sweat-piesa-in-colaborare-cu-arem-ozguc-si-arman-aydin-audio","status":"publish","type":"post","link":"https:\/\/news-fm.ro\/index.php\/2022\/11\/07\/alina-eremia-a-lansat-sweat-piesa-in-colaborare-cu-arem-ozguc-si-arman-aydin-audio\/","title":{"rendered":"Alina Eremia a lansat &#8220;Sweat&#8221;, pies\u0103 \u00een colaborare cu Arem Ozguc \u0219i Arman Aydin &#8211; AUDIO"},"content":{"rendered":"<p>Muzicienii ajung la inimile ascult\u0103torilor prin piesele create. Uneori, \u00eens\u0103, nu este de ajuns, astfel c\u0103 arti\u0219tii apeleaz\u0103 la documentare prin care \u00ee\u0219i invit\u0103 fanii \u00eentr-o lume mai intim\u0103. Este \u0219i cazul Alinei Eremia care a lansat &#8220;In Zadar (Behind the Music)&#8221;, un material ce documenteaz\u0103 o s\u0103pt\u0103m\u00e2n\u0103 \u00een ora\u0219ul Zadar din Croa\u021bia.<\/p>\n<p>Alina \u00eempreun\u0103 cu c\u00e2\u021biva tineri talenta\u021bi au locuit \u00een aceea\u0219i cas\u0103 \u0219i au pus la cale proiecte interesante, au compus muzic\u0103, s-au bucurat de momente pline de distrac\u021bie \u0219i energie, ar\u0103t\u00e2nd \u00een acela\u0219i timp \u0219i latura uman\u0103, emo\u021bional\u0103 a artistului de pe scen\u0103. Prin intermediul acestui documentar, Alina a vrut ca fanii s\u0103i s\u0103 o cunoasc\u0103 mai bine, s\u0103 devin\u0103 persoana din &#8220;spatele camerei&#8221; \u0219i s\u0103 stabileasc\u0103 o rela\u021bie mai autentic\u0103 cu cei care-i ascult\u0103 muzica.<\/p>\n<p>Muzica nu este uitat\u0103, bine\u00een\u021beles, ea fiind laitmotivul materialului video. Alina are de g\u00e2nd s\u0103 lanseze \u0219i piese \u00een limba englez\u0103, iar sejurul din Croa\u021bia a fost mediul perfect pentru a crea o muzic\u0103 diferit\u0103 de cea cu care \u0219i-a obi\u0219nuit ascult\u0103torii. Fanii pot auzi \u00een exclusivitate p\u0103r\u021bi din piesele ce au luat na\u0219tere \u00een Croa\u021bia, urm\u00e2nd ca Alina s\u0103 lanseze un EP cu muzic\u0103 creat\u0103 pe parcursul documentarului, \u00een aceast\u0103 toamn\u0103.<\/p>\n<p>Lista de autori a fost alc\u0103tuit\u0103 din Taneisha Jackson, Alex Hosking, Georgia Meek, Kristin Marie, Oli Som, \u00een timp ce partea de produc\u021bie a fost realizat\u0103 de Alex Parker, Alex Ghinea (911) \u0219i Costin Dominteanu (Domino), trei produc\u0103tori rom\u00e2ni cu multiple locuri \u00eent\u00e2i pe radio.<\/p>\n<p>&#8220;Se \u00eemplinesc deja ani de c\u00e2nd \u00eemi doresc s\u0103 lucrez serios la proiectul meu \u00een limba englez\u0103, dar niciodat\u0103 nu am g\u0103sit timpul, resursele, contextul \u00een care s\u0103 se \u00eent\u00e2mple. Anul asta nu am mai am\u00e2nat. M-am retras \u00een Zadar, Croa\u021bia, \u00eempreun\u0103 cu o echip\u0103 de oameni frumo\u0219i \u0219i talenta\u021bi, \u0219i am f\u0103cut muzic\u0103.<br \/> Sunt str\u0103ini care se transform\u0103 \u00een prieteni \u0219i prieteni care devin familie. Timp de o s\u0103pt\u0103m\u00e2n\u0103, am convie\u021buit, am compus \u00eempreun\u0103 de diminea\u021ba p\u00e2n\u0103 ni se \u00eenchideau ochii, am c\u00e2ntat, am dansat, am g\u0103tit, am petrecut \u00eempreun\u0103, am uitat de lume, de telefon, de responsabilit\u0103\u021bi. Am fost \u00een tripul nostru.<br \/> Sunt norocoas\u0103 c\u0103 fac ceea ce iubesc \u0219i \u00eent\u00e2lnesc oameni care m\u0103 inspir\u0103 \u0219i las\u0103 o amprent\u0103 frumoas\u0103 \u00een via\u021ba mea&#8221;, a scris Alina pe pagina sa de Facebook.<\/p>\n<p>Alina Eremia este una din cele mai iubite artiste din Rom\u00e2nia,\u00a0dar \u0219i unul din cele mai mari proiecte muzicale, av\u00e2nd o serie impresionant\u0103 de hituri pe radio \u0219i peste 500 de milioane de vizualiz\u0103ri pe YouTube. Hit-uri precum &#8220;Noi&#8221; sau &#8220;Dependen\u021ba mea&#8221; sunt incluse pe albumul &#8220;DEJA VU&#8221;, premiat cu &#8220;Best Album&#8221; la The Artist Awards 2021.<\/p>\n<p>De-a <\/p>\n<p> <a class=\"echo_read_more\" href=\"https:\/\/www.infomusic.ro\/2022\/11\/alina-eremia-a-lansat-piesa-sweat\/\" target=\"_blank\" rel=\"noopener\">\u00a0\u00bb\u00a0Cite\u0219te continuarea pe pagina autorului<\/a><\/p>\n","protected":false},"excerpt":{"rendered":"<p>Muzicienii ajung la inimile ascult\u0103torilor prin piesele create. Uneori, \u00eens\u0103, nu este de ajuns, astfel c\u0103 arti\u0219tii apeleaz\u0103 la documentare prin care \u00ee\u0219i invit\u0103 fanii \u00eentr-o lume mai intim\u0103. Este \u0219i cazul Alinei Eremia care a lansat &#8220;In Zadar (Behind the Music)&#8221;, un material ce documenteaz\u0103 o s\u0103pt\u0103m\u00e2n\u0103 \u00een ora\u0219ul Zadar din Croa\u021bia. Alina \u00eempreun\u0103 [&hellip;]<\/p>\n","protected":false},"author":1,"featured_media":4899,"comment_status":"open","ping_status":"open","sticky":false,"template":"","format":"standard","meta":{"_crdt_document":"","footnotes":""},"categories":[4],"tags":[],"class_list":["post-4898","post","type-post","status-publish","format-standard","has-post-thumbnail","hentry","category-noutati"],"_links":{"self":[{"href":"https:\/\/news-fm.ro\/index.php\/wp-json\/wp\/v2\/posts\/4898","targetHints":{"allow":["GET"]}}],"collection":[{"href":"https:\/\/news-fm.ro\/index.php\/wp-json\/wp\/v2\/posts"}],"about":[{"href":"https:\/\/news-fm.ro\/index.php\/wp-json\/wp\/v2\/types\/post"}],"author":[{"embeddable":true,"href":"https:\/\/news-fm.ro\/index.php\/wp-json\/wp\/v2\/users\/1"}],"replies":[{"embeddable":true,"href":"https:\/\/news-fm.ro\/index.php\/wp-json\/wp\/v2\/comments?post=4898"}],"version-history":[{"count":0,"href":"https:\/\/news-fm.ro\/index.php\/wp-json\/wp\/v2\/posts\/4898\/revisions"}],"wp:featuredmedia":[{"embeddable":true,"href":"https:\/\/news-fm.ro\/index.php\/wp-json\/wp\/v2\/media\/4899"}],"wp:attachment":[{"href":"https:\/\/news-fm.ro\/index.php\/wp-json\/wp\/v2\/media?parent=4898"}],"wp:term":[{"taxonomy":"category","embeddable":true,"href":"https:\/\/news-fm.ro\/index.php\/wp-json\/wp\/v2\/categories?post=4898"},{"taxonomy":"post_tag","embeddable":true,"href":"https:\/\/news-fm.ro\/index.php\/wp-json\/wp\/v2\/tags?post=4898"}],"curies":[{"name":"wp","href":"https:\/\/api.w.org\/{rel}","templated":true}]}}