{"id":4884,"date":"2022-11-03T11:00:19","date_gmt":"2022-11-03T11:00:19","guid":{"rendered":"http:\/\/news-fm.ro\/index.php\/2022\/11\/03\/nicoleta-luciu-completeaza-juriul-iumor-intr-o-noua-editie-a-emisiunii\/"},"modified":"2022-11-03T11:00:19","modified_gmt":"2022-11-03T11:00:19","slug":"nicoleta-luciu-completeaza-juriul-iumor-intr-o-noua-editie-a-emisiunii","status":"publish","type":"post","link":"https:\/\/news-fm.ro\/index.php\/2022\/11\/03\/nicoleta-luciu-completeaza-juriul-iumor-intr-o-noua-editie-a-emisiunii\/","title":{"rendered":"Nicoleta Luciu completeaz\u0103 juriul iUmor, \u00eentr-o nou\u0103 edi\u021bie a emisiunii"},"content":{"rendered":"<p><a href=\"https:\/\/www.infomusic.ro\/stiri\/muzica\/emisiuni-muzica\/\">Emisiuni radio-tv<\/a>   <\/p>\n<p>Seria jura\u0163ilor-surpriz\u0103 ai celui de-al treisprezecelea sezon iUmor continu\u0103 duminica aceasta cu Nicoleta Luciu. Apari\u021bia ei pe scena emisiunii de umor i-a surprins pe to\u021bi, mai ales c\u0103 este prima dup\u0103 o lung\u0103 perioad\u0103 de timp \u00een care aceasta a preferat s\u0103 \u00ee\u015fi dedice timpul familiei. G\u0103se\u0219ti mai multe detalii \u00een articol.<\/p>\n<p><img loading=\"lazy\" decoding=\"async\" alt=\"\" height=\"46\" loading=\"lazy\" src=\"https:\/\/secure.gravatar.com\/avatar\/9d38d050002cce547922c9679f820ed9?s=46&#038;d=blank&#038;r=g\"  width=\"46\"\/> <\/p>\n<p>Publicat<\/p>\n<p>acum 20 de secunde<\/p>\n<p>pe<\/p>\n<p>03\/11\/2022<\/p>\n<p><img fetchpriority=\"high\" decoding=\"async\" alt=\"Nicoleta Luciu la iUmor\" height=\"667\"  src=\"https:\/\/static.infomusic.ro\/media\/2022\/11\/nicoleta-luciu-jurat-iumor-2022-1000x667.jpg\"  width=\"1000\"\/><\/p>\n<p> Nicoleta Luciu la iUmor \u2502 FOTO: Antena 1 <\/p>\n<p>De\u0219i familiarizat\u0103 cu camerele de filmat \u015fi luminile reflectoarelor, emo\u021biile au cople\u0219it-o pe Nicoleta Luciu la scurt timp dup\u0103 ce a p\u0103\u015fit \u00een platoul emisiunii iUmor. &#8220;<em>Ce emo<\/em><em>\u021bii am!&#8221;<\/em>, a exclamat vedeta, iar Delia a \u00eencurajat-o. Ulterior, jurata a m\u0103rturisit:<\/p>\n<p>&#8220;Pe Nicoleta Luciu n-a mai v\u0103zut-o nimeni de o gr\u0103mad\u0103 de ani \u0219i m-am bucurat s\u0103 v\u0103d c\u0103 este la fel de frumoas\u0103. Arat\u0103 superb!&#8221;.<\/p>\n<p>\u00centrebat\u0103 despre absen\u021ba de pe micile ecrane \u0219i de la evenimentele mondene, Nicoleta a spus c\u0103 cei patru copii au fost prioritari. Costel a declarat:<\/p>\n<p>&#8220;Patru copii \u2013 nu prea mai ai timp s\u0103 faci chestii. \u0218i\u2026 \u00eenseamn\u0103 c\u0103 \u0219i-a dorit mai mult s\u0103 fie mam\u0103 de c\u00e2t s\u0103 fie \u00een centrul aten\u021biei, \u00een lumina reflectoarelor&#8221;.<\/p>\n<p>Nicoleta Luciu a dezv\u0103luit \u00een cadrul interviului c\u0103 urm\u0103re\u0219te show-ul de umor \u0219i c\u0103 de multe ori \u0219i-a dorit s\u0103 fie \u0219i ea la masa jura\u021bilor.<\/p>\n<p>&#8220;Mie-mi place iUmor \u0219i mi-am dorit \u0219i eu s\u0103 fiu o dat\u0103 \u00een juriu. Nu \u0219tiu cui i-a venit ideea asta genial\u0103 de a aduce un invitat \u00een juriu!&#8221;<\/p>\n<p>Tot duminic\u0103, telespectatorii \u00eel vor putea urm\u0103ri pe Cristi Manolescu, invitat special al celui mai nou nou episod iUmor. Cu un moment savuros de stand-up, Cristi a st\u00e2rnit hohote de r\u00e2s at\u00e2t \u00een r\u00e2ndul jura\u0163ilor, c\u00e2t \u015fi al publicului.<\/p>\n<p>Episodul 11 din serialul iMai Mult Umor va fi difuzat duminic\u0103 la Antena 1, imediat dup\u0103 iUmor, iar pe\u00a0AntenaPLAY poate fi v\u0103zut oric\u00e2nd. \u00cen noul sezon\u00a0iMai mult umor<em>,\u00a0<\/em>Vlad Dr\u0103gulin \u00eel impersoneaz\u0103 pe Nicu\u015for de la Br\u0103ila, personajul devenit viral \u00een cadrul emisiunii \u00cen Puii Mei de la Antena 1.<\/p>\n<p>      \u00ce\u021bi recomand\u0103m aceste videoclipuri        <\/p>\n<p><img decoding=\"async\" alt=\"INFOMUSIC\" height=\"150\" src=\"https:\/\/static.infomusic.ro\/logo-slogan.svg\" width=\"150\"\/><\/p>\n<p>                <a href=\"https:\/\/www.infomusic.ro\/stiri\/muzica\/emisiuni-muzica\/\">Emisiuni radio-tv<\/a>   <\/p>\n<p>Teo a acceptat invita\u021bia de a sta pe scaunul juratului-surpriz\u0103 de la iUmor, dup\u0103 ce \u0219i-a amintit unul dintre sfaturile primite de la Costel &#8211; acela de a-\u0219i dep\u0103\u0219i limitele \u00eencerc\u00e2nd lucruri noi. Cite\u0219te mai multe detalii \u00een articol<\/p>\n<p><img loading=\"lazy\" decoding=\"async\" alt=\"\" height=\"46\" loading=\"lazy\" src=\"https:\/\/secure.gravatar.com\/avatar\/9d38d050002cce547922c9679f820ed9?s=46&#038;d=blank&#038;r=g\"  width=\"46\"\/> <\/p>\n<p>Publicat<\/p>\n<p>acum 7 zile<\/p>\n<p>pe<\/p>\n<p>27\/10\/2022 <\/p>\n<p><img loading=\"lazy\" decoding=\"async\" alt=\"Teo la iUmor 2022\" height=\"667\" loading=\"lazy\"  src=\"https:\/\/static.infomusic.ro\/media\/2022\/10\/teo-jurat-special-iumor-2022-1000x667.jpg\"  width=\"1000\"\/> <\/p>\n<p> Teo la iUmor 2022 \u2502 FOTO: Antena 1 <\/p>\n<p>Experien\u021ba de a juriza al\u0103turi de Delia, Costel \u0219i Cheloo a \u00eenceput cu o alian\u021b\u0103 pe care Teo\u00a0 a f\u0103cut-o cu exigentul rapper. Dialogul lor savuros, momentele concuren\u021bilor din episodul 10 iUmor, \u00eens\u0103, \u0219i roast-urile de care a avut parte Teo, telespectatorii le pot vedea duminic\u0103, \u00eencep\u00e2nd cu ora 20:00, pe Antena 1 \u0219i AntenaPLAY.<\/p>\n<p>La scurt timp dup\u0103 ce Teo a p\u0103\u0219it pe scena emisiunii de umor, prezentatorii au remarcat: &#8220;<em>Se pare c\u0103 exist\u0103 o hibridizare a juriului de aici, de la iUmor, cu Stand-Up Revolution&#8221;,<\/em> a declarat \u0218erban Copo\u021b, iar Dan Badea a subliniat: &#8220;<em>Suntem \u00eentr-o er\u0103 hibrid\u0103&#8221;<\/em>.<\/p>\n<p>Teo a m\u0103rturisit despre prezen\u021ba lui \u00een show al\u0103turi de Delia, Costel \u0219i Cheloo:<\/p>\n<p>&#8220;N-am idee ce caut aici, m-am molipsit de la Costel cu atitudinea asta de: &#8220;.<\/p>\n<p> <a class=\"echo_read_more\" href=\"https:\/\/www.infomusic.ro\/2022\/11\/nicoleta-luciu-jurat-iumor-2022\/\" target=\"_blank\" rel=\"noopener\">\u00a0\u00bb\u00a0Cite\u0219te continuarea pe pagina autorului<\/a><\/p>\n","protected":false},"excerpt":{"rendered":"<p>Emisiuni radio-tv Seria jura\u0163ilor-surpriz\u0103 ai celui de-al treisprezecelea sezon iUmor continu\u0103 duminica aceasta cu Nicoleta Luciu. Apari\u021bia ei pe scena emisiunii de umor i-a surprins pe to\u021bi, mai ales c\u0103 este prima dup\u0103 o lung\u0103 perioad\u0103 de timp \u00een care aceasta a preferat s\u0103 \u00ee\u015fi dedice timpul familiei. G\u0103se\u0219ti mai multe detalii \u00een articol. Publicat [&hellip;]<\/p>\n","protected":false},"author":1,"featured_media":4885,"comment_status":"open","ping_status":"open","sticky":false,"template":"","format":"standard","meta":{"_crdt_document":"","footnotes":""},"categories":[4],"tags":[],"class_list":["post-4884","post","type-post","status-publish","format-standard","has-post-thumbnail","hentry","category-noutati"],"_links":{"self":[{"href":"https:\/\/news-fm.ro\/index.php\/wp-json\/wp\/v2\/posts\/4884","targetHints":{"allow":["GET"]}}],"collection":[{"href":"https:\/\/news-fm.ro\/index.php\/wp-json\/wp\/v2\/posts"}],"about":[{"href":"https:\/\/news-fm.ro\/index.php\/wp-json\/wp\/v2\/types\/post"}],"author":[{"embeddable":true,"href":"https:\/\/news-fm.ro\/index.php\/wp-json\/wp\/v2\/users\/1"}],"replies":[{"embeddable":true,"href":"https:\/\/news-fm.ro\/index.php\/wp-json\/wp\/v2\/comments?post=4884"}],"version-history":[{"count":0,"href":"https:\/\/news-fm.ro\/index.php\/wp-json\/wp\/v2\/posts\/4884\/revisions"}],"wp:featuredmedia":[{"embeddable":true,"href":"https:\/\/news-fm.ro\/index.php\/wp-json\/wp\/v2\/media\/4885"}],"wp:attachment":[{"href":"https:\/\/news-fm.ro\/index.php\/wp-json\/wp\/v2\/media?parent=4884"}],"wp:term":[{"taxonomy":"category","embeddable":true,"href":"https:\/\/news-fm.ro\/index.php\/wp-json\/wp\/v2\/categories?post=4884"},{"taxonomy":"post_tag","embeddable":true,"href":"https:\/\/news-fm.ro\/index.php\/wp-json\/wp\/v2\/tags?post=4884"}],"curies":[{"name":"wp","href":"https:\/\/api.w.org\/{rel}","templated":true}]}}