{"id":4647,"date":"2022-09-20T01:00:42","date_gmt":"2022-09-20T01:00:42","guid":{"rendered":"https:\/\/news-fm.ro\/index.php\/2022\/09\/20\/goran-bregovic-revine-la-sala-palatului-program-si-reguli-de-acces\/"},"modified":"2022-09-20T01:00:42","modified_gmt":"2022-09-20T01:00:42","slug":"goran-bregovic-revine-la-sala-palatului-program-si-reguli-de-acces","status":"publish","type":"post","link":"https:\/\/news-fm.ro\/index.php\/2022\/09\/20\/goran-bregovic-revine-la-sala-palatului-program-si-reguli-de-acces\/","title":{"rendered":"Goran Bregovic revine la Sala Palatului &#8211; Program \u0219i reguli de acces"},"content":{"rendered":"<p>Goran Bregovi\u0107 este unul dintre cei mai cunoscu\u021bi \u0219i iubi\u021bi arti\u0219ti balcanici, leg\u0103tura sa cu Rom\u00e2nia fiind foarte str\u00e2ns\u0103. Cu o carier\u0103 de peste 45 de ani, a cucerit cu muzica sa to\u021bi ascult\u0103torii de pe \u00eentreg mapamondul, colabor\u00e2nd cu arti\u0219ti ca Iggy Pop, Eugene Hutz (Gogol Bordello) sau Cesaria Evora, compun\u00e2nd chiar pentru filme celebre precum Time of the Gypsies, Arizona Dream \u0219i Underground, toate sub regia lui Emir Kusturica. Artistul revine \u00een Rom\u00e2nia cu un concert la Sala Palatului pe 25 septembrie. Pentru o desf\u0103\u0219urare c\u00e2t mai optim\u0103 a evenimentului, organizatorii au oferit c\u00e2teva informa\u021bii utile.\u00a0<\/p>\n<p>  Program concert Goran Bregovic: <\/p>\n<ul>\n<li>19:00 &#8211; Acces<\/li>\n<li>19:30 &#8211; 20:30 &#8211; concert Mihai M\u0103rgineanu<\/li>\n<li>21:00 &#8211; concert Goran Bregovic<\/li>\n<\/ul>\n<p> Acces concert Goran Bregovic: <\/p>\n<p>Accesul publicului este permis \u00eencep\u00e2nd cu ora 19:00, iar spectacolul \u00eencepe la ora 19:30, astfel sunte\u021bi ruga\u021bi s\u0103 aloca\u021bi timp suficient pentru drum, parcare, acces, l\u0103sarea hainelor la garderob\u0103, \u0219i orice alte activit\u0103\u021bi ce premerg participarea la spectacol.<\/p>\n<p>Accesul \u00een perimetrul evenimentului este permis pe baz\u0103 de bilet valid. Accesul publicului dup\u0103 ora de \u00eencepere a spectacolului, a\u0219a cum apare tip\u0103rit\u0103 pe bilet, nu este permis. U\u0219ile de acces \u00een sal\u0103 se vor \u00eenchide la ora \u00eenceperii spectacolului, adic\u0103 19:30.<\/p>\n<p>De\u021bin\u0103torii de bilete pot fi controla\u021bi la intrarea \u00een loca\u021bie pentru a se asigura respectarea regulilor anun\u021bate. Spectatorii sunt ruga\u021bi s\u0103 p\u0103streze permanent biletele asupra lor. Dup\u0103 ce s-a f\u0103cut accesul, spectatorii nu mai pot p\u0103r\u0103si incinta pentru a se re\u00eentoarce, dec\u00e2t dac\u0103 \u00ee\u0219i achizi\u021bioneaz\u0103 din nou bilet, \u00eens\u0103 nu dup\u0103 ora de \u00eencepere a spectacolului, adic\u0103 20:00.<\/p>\n<p>Neprezentarea la timp \u00een scopul intr\u0103rii \u00een sala de spectacole, nu d\u0103 dreptul la rambursarea biletului sau la utilizarea sa la o reprezenta\u021bie ulterioar\u0103.<\/p>\n<p>  Accesul copiilor la concertul Goran Bregovic <\/p>\n<ul>\n<li>Accesul copiilor cu v\u00e2rste peste 2 ani este permis pe baza de bilet \u0219i doar daca ace\u0219tia sunt \u00eenso\u021bi\u021bi de unul dintre p\u0103rin\u021bi, posesor al unui bilet valid.<\/li>\n<li>Copiii sub 2 ani beneficiaz\u0103 de acces gratuit, dar trebuie s\u0103 fie \u00eenso\u021bi\u021bi de cel pu\u021bin un p\u0103rinte, posesor al unui bilet valid. De asemenea, organizatorii recomand\u0103, pentru a \u00eenl\u0103tura orice dubii, prezentarea la intrare a unui act doveditor al v\u00e2rstei copilului (copie).<\/li>\n<li>Organizatorii recomand\u0103 s\u0103 aduce\u021bi c\u0103\u0219ti speciale pentru protec\u021bia auzului copilului. Volumul puternic poate afecta auzul celor mici. De asemenea, sunte\u021bi ruga\u021bi ca pe toat\u0103 durata spectacolului s\u0103 \u00eei \u021bine\u021bi pe cei mici \u00een bra\u021be.<\/li>\n<\/ul>\n<p> Este INTERZIS accesul cu: <\/p>\n<ul>\n<li>sticle, conserve;<\/li>\n<li>m\u00e2ncare sau b\u0103uturi de orice fel;<\/li>\n<li>artificii, arme, obiecte periculoase;<\/li>\n<li>obiecte cu laser (ex. pointere, brichete cu laser);<\/li>\n<li>umbrele (sunte\u021bi ruga\u021bi \u00een caz de ploaie s\u0103 veni\u021bi cu pelerine);<\/li>\n<li>aparate foto\/video profesionale sau semi-profesionale (cu obiectiv deta\u0219abil);<\/li>\n<li>aparate de \u00eenregistrare audio-video profesionale sau semi-profesionale;<\/li>\n<li>animale de companie;<\/li>\n<li>persoanele cu probleme de ordin medical trebuie s\u0103 aib\u0103 asupra lor dovezi clare pentru a putea intra la concert cu medicamentel<\/li>\n<\/ul>\n<p> <a class=\"echo_read_more\" href=\"https:\/\/www.infomusic.ro\/2022\/09\/program-acces-concert-goran-bregovic-sala-palatului-2022\/\" target=\"_blank\" rel=\"noopener\">\u00a0\u00bb\u00a0Cite\u0219te continuarea pe pagina autorului<\/a><\/p>\n","protected":false},"excerpt":{"rendered":"<p>Goran Bregovi\u0107 este unul dintre cei mai cunoscu\u021bi \u0219i iubi\u021bi arti\u0219ti balcanici, leg\u0103tura sa cu Rom\u00e2nia fiind foarte str\u00e2ns\u0103. Cu o carier\u0103 de peste 45 de ani, a cucerit cu muzica sa to\u021bi ascult\u0103torii de pe \u00eentreg mapamondul, colabor\u00e2nd cu arti\u0219ti ca Iggy Pop, Eugene Hutz (Gogol Bordello) sau Cesaria Evora, compun\u00e2nd chiar pentru filme [&hellip;]<\/p>\n","protected":false},"author":1,"featured_media":4648,"comment_status":"open","ping_status":"open","sticky":false,"template":"","format":"standard","meta":{"_crdt_document":"","footnotes":""},"categories":[4],"tags":[],"class_list":["post-4647","post","type-post","status-publish","format-standard","has-post-thumbnail","hentry","category-noutati"],"_links":{"self":[{"href":"https:\/\/news-fm.ro\/index.php\/wp-json\/wp\/v2\/posts\/4647","targetHints":{"allow":["GET"]}}],"collection":[{"href":"https:\/\/news-fm.ro\/index.php\/wp-json\/wp\/v2\/posts"}],"about":[{"href":"https:\/\/news-fm.ro\/index.php\/wp-json\/wp\/v2\/types\/post"}],"author":[{"embeddable":true,"href":"https:\/\/news-fm.ro\/index.php\/wp-json\/wp\/v2\/users\/1"}],"replies":[{"embeddable":true,"href":"https:\/\/news-fm.ro\/index.php\/wp-json\/wp\/v2\/comments?post=4647"}],"version-history":[{"count":0,"href":"https:\/\/news-fm.ro\/index.php\/wp-json\/wp\/v2\/posts\/4647\/revisions"}],"wp:featuredmedia":[{"embeddable":true,"href":"https:\/\/news-fm.ro\/index.php\/wp-json\/wp\/v2\/media\/4648"}],"wp:attachment":[{"href":"https:\/\/news-fm.ro\/index.php\/wp-json\/wp\/v2\/media?parent=4647"}],"wp:term":[{"taxonomy":"category","embeddable":true,"href":"https:\/\/news-fm.ro\/index.php\/wp-json\/wp\/v2\/categories?post=4647"},{"taxonomy":"post_tag","embeddable":true,"href":"https:\/\/news-fm.ro\/index.php\/wp-json\/wp\/v2\/tags?post=4647"}],"curies":[{"name":"wp","href":"https:\/\/api.w.org\/{rel}","templated":true}]}}