{"id":4645,"date":"2022-09-20T01:00:43","date_gmt":"2022-09-20T01:00:43","guid":{"rendered":"https:\/\/news-fm.ro\/index.php\/2022\/09\/20\/sezonul-2-stand-up-revolution-debuteaza-pe-30-septembrie-la-antena-1\/"},"modified":"2022-09-20T01:00:43","modified_gmt":"2022-09-20T01:00:43","slug":"sezonul-2-stand-up-revolution-debuteaza-pe-30-septembrie-la-antena-1","status":"publish","type":"post","link":"https:\/\/news-fm.ro\/index.php\/2022\/09\/20\/sezonul-2-stand-up-revolution-debuteaza-pe-30-septembrie-la-antena-1\/","title":{"rendered":"Sezonul 2 Stand-Up Revolution debuteaz\u0103 pe 30 septembrie la Antena 1"},"content":{"rendered":"<p><a href=\"https:\/\/www.infomusic.ro\/stiri\/muzica\/emisiuni-muzica\/\">Emisiuni radio-tv<\/a>   <\/p>\n<p>Dup\u0103 un debut cu \u00eent\u00e2rziere al primului sezon al emisiunii &#8220;Stand-Up Revolution&#8221; de la Antena 1, acum avem detalii despre sezonul 2. Acesta va debuta pe 30 septembrie la de la ora 21:30. Va putea fi vizionat \u00een fiecare vineri pe Antena 1, la aceea\u015fi or\u0103.<\/p>\n<p><img loading=\"lazy\" decoding=\"async\" alt=\"\" height=\"46\" loading=\"lazy\" src=\"https:\/\/secure.gravatar.com\/avatar\/ee005f72e5991809a79a3166fc02dae9?s=46&#038;d=blank&#038;r=g\"  width=\"46\"\/>  <\/p>\n<p>Publicat<\/p>\n<p>acum 4 ore<\/p>\n<p>pe<\/p>\n<p>19\/09\/2022<\/p>\n<p><img fetchpriority=\"high\" decoding=\"async\" alt=\"Stand-UP Revolution\" height=\"667\"  src=\"https:\/\/static.infomusic.ro\/media\/2022\/05\/stand-up-revolution-relansare-antena-1-1000x667.jpg\"  width=\"1000\"\/><\/p>\n<p> Stand-UP Revolution \u2502 FOTO: Captur\u0103 YouTube \/ Promo Antena 1 <\/p>\n<p>Prezentatori sunt din nou Ilona Brezoianu \u015fi \u015eerban Copo\u0163, care vor sus\u0163ine at\u00e2t concuren\u0163i care \u00ee\u015fi \u00eencearc\u0103 pentru prima dat\u0103 norocul \u00een lumea standup-ului, c\u00e2t \u015fi nume cunoscute, care vor s\u0103 se promoveze. Modelul acestui <a href=\"https:\/\/www.infomusic.ro\/2022\/08\/sezonul-2-stand-up-revolution-comedianti-casting\/\">show<\/a> aminte\u015fte oarecum de &#8220;Vocea Rom\u00e2niei&#8221; sau &#8220;Chefi la Cu\u0163ite&#8221;, audi\u0163iile fiind &#8220;\u00een orb&#8221;, f\u0103r\u0103 ca jura\u0163ii s\u0103 vad\u0103 concurentul, ci doar auzindu-l cum spune glume. S-a \u00eent\u00e2mplat uneori ca jura\u0163ii s\u0103 recunoasc\u0103 un concurent dup\u0103 voce, flow, stil.<\/p>\n<p>\u00cen juriul Stand Up Revolution sezonul 2 r\u0103m\u00e2n acelea\u015fi 4 nume: Teo, Vio, Costel, Dan Badea. V\u0103 reamintesc c\u0103 primul sezon a fost c\u00e2\u015ftigat de un concurent din echipa lu Vio. Asta s-a \u00eent\u00e2mplat la \u00eenceputul lunii august 2022, iar telespectatorii au ales concurentul preferat. C\u00e2\u015ftig\u0103torul a fost Sergiu Miric\u0103, pe care mul\u0163i \u00eel \u015ftiau din cluburile de standup \u015fi ca opener pentru standuperi locali. Premiul a fost de 20.000 de euro, iar Sergiu a concurat cu Hannah Becker, Alexandru Banciu, Paul Szabo \u015fi Sa\u0219a Ciobanu din echipa lui Costel.<\/p>\n<p>Din echipa lui Dan Badea au ajuns \u00een final\u0103 Alexandru Dobrota \u015fi Hector Ayala, \u00een vreme ce Dan \u0162u\u0163u a fost singurul concurent al lui Teo. <a href=\"https:\/\/www.infomusic.ro\/2022\/08\/stand-up-revolution-castigator-concurent-vio\/\">Vio<\/a> i-a avut \u015fi pe Tavi Pertea \u015fi Claudiu Popa \u00een concurs.<\/p>\n<p>Cei 4 jura\u0163i au o experien\u0163\u0103 de peste 15 ani \u00een domeniu \u015fi sute de show-uri sus\u0163inute pe scenele cluburilor locale.<\/p>\n<p> Care sunt regulile \u0219i etapele emisiunii Stand-up Revolution <\/p>\n<p>Prima etap\u0103 este cea a audi\u021biilor pe nev\u0103zute, ca la Vocea Rom\u00e2niei. Jura\u021bii au misiunea de a descoperi de-a lungul acestei etape talentul concuren\u021bilor de a sus\u021bine momente de stand-up. F\u0103r\u0103 a \u00eei vedea pe participan\u021bi, cei patru jura\u021bi vor trebui s\u0103 stabileasc\u0103 cine merit\u0103 s\u0103 mearg\u0103 mai departe, la finalul fiec\u0103rui moment de stand-up acord\u00e2ndu-se un vot pozitiv (butonul verde), sau unul negativ (butonul ro\u0219u). Concurentul care a primit din partea jura\u021bilor cel pu\u021bin 3 voturi pozitive va fi la m\u00e2na publicului din sal\u0103, care va decide \u00een echipa c\u0103rui jurat va intra concurentul respectiv.<\/p>\n<p>Dac\u0103 un concurent prime\u0219te dou\u0103 voturi ro\u0219ii \u0219i dou\u0103 voturi verzi, jura\u021bii care au dat vot verde se pot lupta s\u0103 \u00eei conving\u0103 pe colegii de juriu s\u0103-\u0219i schimbe votul, astfel \u00eenc\u00e2t concurentul s\u0103 poat\u0103 trece \u00een etapa urm\u0103toare.<\/p>\n<p>La finalul audi\u021biilor, fiecare jurat va avea c\u00e2te 8 concuren\u021bi \u00een echip\u0103. Acesta va trebui s\u0103-i antreneze pentru urm\u0103toarele etape: trei edi\u021bii de Battle \u0219i Marea Final\u0103.<\/p>\n<p>      \u00ce\u021bi recomand\u0103m aceste videoclipuri        <\/p>\n<p><img decoding=\"async\" alt=\"INFOMUSIC\" height=\"150\" src=\"https:\/\/static.infomusic.ro\/logo-slogan.svg\" width=\"150\"\/><\/p>\n<p>                <a href=\"https:\/\/www.infomusic.ro\/stiri\/muzica\/emisiuni-muzica\/\">Emisiuni radio-tv<\/a>   <\/p>\n<p>Stand-Up Revolution continu\u0103 la Antena 1 cu sezonul 2. Postul de televiziune a deschis \u00eenscrierile la casting, invit\u00e2nd \u00een promo-ul recent lansat at\u00e2t comedian\u021bi rom\u00e2ni, c\u00e2t \u0219i de peste hotare. <\/p>\n<p><img loading=\"lazy\" decoding=\"async\" alt=\"\" height=\"46\" loading=\"lazy\" src=\"https:\/\/secure.gravatar.com\/avatar\/d3ceb0679b73e345f2004df5cf49d9e5?s=46&#038;d=blank&#038;r=g\"  width=\"46\"\/>  <\/p>\n<p>Publicat<\/p>\n<p>acum o lun\u0103<\/p>\n<p>pe<\/p>\n<p>10\/08\/2022 <\/p>\n<p><img loading=\"lazy\" decoding=\"async\" alt=\"Stand-UP Revolution\" height=\"667\" loading=\"lazy\"  src=\"https:\/\/static.infomusic.ro\/media\/2022\/05\/stand-up-revolution-relansare-antena-1-1000x667.jpg\"  width=\"1000\"\/> <\/p>\n<p> Stand-UP Revolution \u2502 FOTO: Captur\u0103 YouTube \/ Promo Antena 1 <\/p>\n<p>Teo, Vio, Costel \u0219i Dan Badea pornesc \u00een c\u0103utarea urm\u0103torului campion Stand-Up Revolution. Emisiunea de stand-up comedy de la Antena 1 continu\u0103 cu cel de-al doilea sezon, to\u021bi aspiran\u021bii la o carier\u0103 pe aceast\u0103 ni\u0219\u0103 fiind a\u0219tepta\u021bi la casting.<\/p>\n<p> <a class=\"echo_read_more\" href=\"https:\/\/www.infomusic.ro\/2022\/09\/sezonul-2-stand-up-revolution-debuteaza-pe-30-septembrie-la-antena-1\/\" target=\"_blank\" rel=\"noopener\">\u00a0\u00bb\u00a0Cite\u0219te continuarea pe pagina autorului<\/a><\/p>\n","protected":false},"excerpt":{"rendered":"<p>Emisiuni radio-tv Dup\u0103 un debut cu \u00eent\u00e2rziere al primului sezon al emisiunii &#8220;Stand-Up Revolution&#8221; de la Antena 1, acum avem detalii despre sezonul 2. Acesta va debuta pe 30 septembrie la de la ora 21:30. Va putea fi vizionat \u00een fiecare vineri pe Antena 1, la aceea\u015fi or\u0103. Publicat acum 4 ore pe 19\/09\/2022 Stand-UP [&hellip;]<\/p>\n","protected":false},"author":1,"featured_media":4646,"comment_status":"open","ping_status":"open","sticky":false,"template":"","format":"standard","meta":{"_crdt_document":"","footnotes":""},"categories":[4],"tags":[],"class_list":["post-4645","post","type-post","status-publish","format-standard","has-post-thumbnail","hentry","category-noutati"],"_links":{"self":[{"href":"https:\/\/news-fm.ro\/index.php\/wp-json\/wp\/v2\/posts\/4645","targetHints":{"allow":["GET"]}}],"collection":[{"href":"https:\/\/news-fm.ro\/index.php\/wp-json\/wp\/v2\/posts"}],"about":[{"href":"https:\/\/news-fm.ro\/index.php\/wp-json\/wp\/v2\/types\/post"}],"author":[{"embeddable":true,"href":"https:\/\/news-fm.ro\/index.php\/wp-json\/wp\/v2\/users\/1"}],"replies":[{"embeddable":true,"href":"https:\/\/news-fm.ro\/index.php\/wp-json\/wp\/v2\/comments?post=4645"}],"version-history":[{"count":0,"href":"https:\/\/news-fm.ro\/index.php\/wp-json\/wp\/v2\/posts\/4645\/revisions"}],"wp:featuredmedia":[{"embeddable":true,"href":"https:\/\/news-fm.ro\/index.php\/wp-json\/wp\/v2\/media\/4646"}],"wp:attachment":[{"href":"https:\/\/news-fm.ro\/index.php\/wp-json\/wp\/v2\/media?parent=4645"}],"wp:term":[{"taxonomy":"category","embeddable":true,"href":"https:\/\/news-fm.ro\/index.php\/wp-json\/wp\/v2\/categories?post=4645"},{"taxonomy":"post_tag","embeddable":true,"href":"https:\/\/news-fm.ro\/index.php\/wp-json\/wp\/v2\/tags?post=4645"}],"curies":[{"name":"wp","href":"https:\/\/api.w.org\/{rel}","templated":true}]}}