{"id":4637,"date":"2022-09-17T23:58:46","date_gmt":"2022-09-17T23:58:46","guid":{"rendered":"http:\/\/news-fm.ro\/index.php\/2022\/09\/17\/iulia-vantur-a-fost-al-patrulea-jurat-iumor-sezonul-13-urmareste-cele-mai-tari-momente-din-episod\/"},"modified":"2022-09-17T23:58:46","modified_gmt":"2022-09-17T23:58:46","slug":"iulia-vantur-a-fost-al-patrulea-jurat-iumor-sezonul-13-urmareste-cele-mai-tari-momente-din-episod","status":"publish","type":"post","link":"https:\/\/news-fm.ro\/index.php\/2022\/09\/17\/iulia-vantur-a-fost-al-patrulea-jurat-iumor-sezonul-13-urmareste-cele-mai-tari-momente-din-episod\/","title":{"rendered":"Iulia V\u00e2ntur a fost al patrulea jurat iUmor sezonul 13; Urm\u0103re\u015fte cele mai tari momente din episod"},"content":{"rendered":"<p><a href=\"https:\/\/www.infomusic.ro\/stiri\/muzica\/emisiuni-muzica\/\">Emisiuni radio-tv<\/a>   <\/p>\n<p>Antena 1 a difuzat pe 16 septembrie al treilea episod din noul sezon iUmor, cel care poart\u0103 num\u0103rul 13. Am avut parte de momente de standup, de un &#8220;profesor de sex&#8221;, de teatru \u015fi&#8230; imitatori de \u0163\u00e2n\u0163ari. Nu au lipsit glumele legate de via\u0163\u0103 Iuliei \u00een India.<\/p>\n<p><img loading=\"lazy\" decoding=\"async\" alt=\"\" height=\"46\" loading=\"lazy\" src=\"https:\/\/secure.gravatar.com\/avatar\/ee005f72e5991809a79a3166fc02dae9?s=46&#038;d=blank&#038;r=g\"  width=\"46\"\/> <\/p>\n<p>Publicat<\/p>\n<p>acum 6 ore<\/p>\n<p>pe<\/p>\n<p>17\/09\/2022<\/p>\n<p><img fetchpriority=\"high\" decoding=\"async\" alt=\"Iulia V\u00e2ntur la iUmor\" height=\"667\"  src=\"https:\/\/static.infomusic.ro\/media\/2022\/09\/iulia-vantur-iumor-sezonul-13-1000x667.jpg\"  width=\"1000\"\/><\/p>\n<p> Iulia V\u00e2ntur la iUmor \u2502 FOTO: Antena 1 <\/p>\n<p>E drept c\u0103 feed-ul de \u015ftiri cu privire la iUmor a fost dominat \u00een ultimele 24 de ore de vestea c\u0103 Mihai Bendeac ar fi rupt contractul cu Antena 1 \u015fi nu mai apare la emisiunea de umor. E posibil un artificiu de marketing, deoarece o situa\u0163ie identic\u0103 s-a petrecut sezonul trecut, c\u00e2nd Mihai a plecat din juriu. Revenind totu\u015fi la episodul 3, el vine dup\u0103 un episod 2 \u00een care Chef Sorin Bontea a fost al patrulea jurat, iar acum Iulia V\u00e2ntur a poposit la masa juriului.<\/p>\n<p>Evident \u00eenso\u0163it\u0103 de un puternic flirt din partea lui Bendeac, ironii fine ale lui Cheloo \u015fi o atitudine prietenoas\u0103 de la Delia. A primis \u015fi un roast de la un imitator al actorului indian Salman Khan, cu care a avut o rela\u0163ie mult mediatizata.<\/p>\n<\/p>\n<p>Poate cel mai ciudat moment al serii a fost totu\u015fi cel al &#8220;profesorului de sex&#8221;, Cristian Orlanda, care ne-a oferit o doz\u0103 uria\u015f\u0103 de cringe \u015fi ceea ce poate fi descris doar ca &#8220;libidino\u015fenie&#8221;. \u00cenc\u0103 nu \u015ftim dac\u0103 a fost inten\u0163ionat sau omul chiar credea ce spunea.<\/p>\n<\/p>\n<p>Au fost \u015fi momente reu\u015fite, precum cel al Raluc\u0103i Strugaru, care a povestit cum este s\u0103 fii \u00een public la<a href=\"https:\/\/www.infomusic.ro\/2022\/09\/vacanta-mare-s-a-reunit-la-iumor-in-sezonul-13-radu-pietreanu-mugur-mihaescu-si-axinte\/\"> iUmor<\/a> \u015fi a fost foarte expresiv\u0103 cu emo\u0163iile sale. Nu putea s\u0103 se termine seara \u015fi f\u0103r\u0103 standup, iar Andrei C\u0103lina a fost leit Micutzu, \u00een statur\u0103, \u00een\u0103l\u0163ime, expresie facial\u0103 \u015fi glume. Emo\u0163iile l-au dovedit totu\u015fi.<\/p>\n<p>Nu a fost doar o sear\u0103 cu r\u00e2sete, au fost \u015fi lacrimi, deoarece a urcat pe scen\u0103 \u015fi mama <a href=\"https:\/\/www.infomusic.ro\/2022\/09\/iulia-vantur-se-alatura-juriului-iumor\/\">Iuliei V\u00e2ntur<\/a>. Drago\u015f Mitran a venit cu standup despre vicochat, iar Edi Vacariu, c\u00e2\u015ftig\u0103tor iUmor de acum c\u00e2teva sezoane a deschis episodul. &#8220;\u0162\u00e2n\u0163arii&#8221; Johnny, Noni \u015fi Virgil au enervat \u015fi \u00eenc\u00e2ntat juriul.<\/p>\n<\/p>\n<p>Urm\u0103torul episod iUmor e difuzat pe 18 septembrie, duminic\u0103, de la ora 20:00, iar al patrulea jurat va fi comediantul Costel.<\/p>\n<p>      \u00ce\u021bi recomand\u0103m aceste videoclipuri        <\/p>\n<p><img decoding=\"async\" alt=\"INFOMUSIC\" height=\"150\" src=\"https:\/\/static.infomusic.ro\/logo-slogan.svg\" width=\"150\"\/><\/p>\n<p>                <a href=\"https:\/\/www.infomusic.ro\/stiri\/muzica\/emisiuni-muzica\/\">Emisiuni radio-tv<\/a>   <\/p>\n<p>iUmor continu\u0103 cu cea treia edi\u0163ie de audi\u0163ii, vineri, de la 20:30, la Antena 1, iar juratul-surpriz\u0103 care se va al\u0103tura mesei juriului este Iulia V\u00e2ntur. G\u0103se\u0219ti mai multe detalii \u00een articol.<\/p>\n<p><img loading=\"lazy\" decoding=\"async\" alt=\"\" height=\"46\" loading=\"lazy\" src=\"https:\/\/secure.gravatar.com\/avatar\/9d38d050002cce547922c9679f820ed9?s=46&#038;d=blank&#038;r=g\"  width=\"46\"\/> <\/p>\n<p>Publicat<\/p>\n<p>acum 3 zile<\/p>\n<p>pe<\/p>\n<p>15\/09\/2022 <\/p>\n<p><img loading=\"lazy\" decoding=\"async\" alt=\"Iulia V\u00e2ntur la iUmor\" height=\"667\" loading=\"lazy\"  src=\"https:\/\/static.infomusic.ro\/media\/2022\/09\/iulia-vantur-iumor-sezonul-13-1000x667.jpg\"  width=\"1000\"\/> <\/p>\n<p> Iulia V\u00e2ntur la iUmor \u2502 FOTO: Antena 1 <\/p>\n<p>Seria jura\u0163ilor-surpriz\u0103 iUmor continu\u0103 vineri la Antena 1. Iulia V\u00e2ntur li se va al\u0103tura Deliei, lui Mihai Bendeac \u015fi lui Cheloo \u00een c\u0103utarea celui mai amuzant concurent al sezonului. Vedeta nu va sc\u0103pa nici ea de binecunoscutul &#8220;tratament&#8221; al show-ului &#8211; momentele de roast, venite din partea unor persoane la care s-ar fi a\u015fteptat c\u00e2t mai pu\u0163in.<\/p>\n<p>&#8220;M\u0103 bucur s\u0103 fiu aici, am auzit foarte multe lucruri bune despre emisiune! Am venit cu mult entuziasm s\u0103-i v\u0103d \u0219i eu pe concuren\u021bi. Pentru c\u0103 din ce am v\u0103zut eu p\u00e2n\u0103 acum, unii dintre ei mi s-au p\u0103rut senza\u021bionali!&#8221;, a declarat Iulia.\u00a0<\/p>\n<p>Vedeta nu a venit cu m\u00e2na goal\u0103,<\/p>\n<p> <a class=\"echo_read_more\" href=\"https:\/\/www.infomusic.ro\/2022\/09\/iulia-vantur-a-fost-al-patrulea-jurat-iumor-sezonul-13-urmareste-cele-mai-tari-momente-din-episod\/\" target=\"_blank\" rel=\"noopener\">\u00a0\u00bb\u00a0Cite\u0219te continuarea pe pagina autorului<\/a><\/p>\n","protected":false},"excerpt":{"rendered":"<p>Emisiuni radio-tv Antena 1 a difuzat pe 16 septembrie al treilea episod din noul sezon iUmor, cel care poart\u0103 num\u0103rul 13. Am avut parte de momente de standup, de un &#8220;profesor de sex&#8221;, de teatru \u015fi&#8230; imitatori de \u0163\u00e2n\u0163ari. Nu au lipsit glumele legate de via\u0163\u0103 Iuliei \u00een India. Publicat acum 6 ore pe 17\/09\/2022 [&hellip;]<\/p>\n","protected":false},"author":1,"featured_media":4638,"comment_status":"open","ping_status":"open","sticky":false,"template":"","format":"standard","meta":{"_crdt_document":"","footnotes":""},"categories":[4],"tags":[],"class_list":["post-4637","post","type-post","status-publish","format-standard","has-post-thumbnail","hentry","category-noutati"],"_links":{"self":[{"href":"https:\/\/news-fm.ro\/index.php\/wp-json\/wp\/v2\/posts\/4637","targetHints":{"allow":["GET"]}}],"collection":[{"href":"https:\/\/news-fm.ro\/index.php\/wp-json\/wp\/v2\/posts"}],"about":[{"href":"https:\/\/news-fm.ro\/index.php\/wp-json\/wp\/v2\/types\/post"}],"author":[{"embeddable":true,"href":"https:\/\/news-fm.ro\/index.php\/wp-json\/wp\/v2\/users\/1"}],"replies":[{"embeddable":true,"href":"https:\/\/news-fm.ro\/index.php\/wp-json\/wp\/v2\/comments?post=4637"}],"version-history":[{"count":0,"href":"https:\/\/news-fm.ro\/index.php\/wp-json\/wp\/v2\/posts\/4637\/revisions"}],"wp:featuredmedia":[{"embeddable":true,"href":"https:\/\/news-fm.ro\/index.php\/wp-json\/wp\/v2\/media\/4638"}],"wp:attachment":[{"href":"https:\/\/news-fm.ro\/index.php\/wp-json\/wp\/v2\/media?parent=4637"}],"wp:term":[{"taxonomy":"category","embeddable":true,"href":"https:\/\/news-fm.ro\/index.php\/wp-json\/wp\/v2\/categories?post=4637"},{"taxonomy":"post_tag","embeddable":true,"href":"https:\/\/news-fm.ro\/index.php\/wp-json\/wp\/v2\/tags?post=4637"}],"curies":[{"name":"wp","href":"https:\/\/api.w.org\/{rel}","templated":true}]}}