{"id":4633,"date":"2022-09-17T07:00:14","date_gmt":"2022-09-17T07:00:14","guid":{"rendered":"http:\/\/news-fm.ro\/index.php\/2022\/09\/17\/zilele-bucurestiului-2022-sunt-sarbatorite-cu-concerte-expozitii-trasee-pietonale\/"},"modified":"2022-09-17T07:00:14","modified_gmt":"2022-09-17T07:00:14","slug":"zilele-bucurestiului-2022-sunt-sarbatorite-cu-concerte-expozitii-trasee-pietonale","status":"publish","type":"post","link":"https:\/\/news-fm.ro\/index.php\/2022\/09\/17\/zilele-bucurestiului-2022-sunt-sarbatorite-cu-concerte-expozitii-trasee-pietonale\/","title":{"rendered":"Zilele Bucure\u015ftiului 2022 sunt s\u0103rb\u0103torite cu concerte, expozi\u0163ii, trasee pietonale"},"content":{"rendered":"<p>Printre <a href=\"https:\/\/www.infomusic.ro\/2022\/09\/evenimentul-zilele-bucurestiului-revine-cu-trasee-pietonale-jazz-expozitii-si-proiecte-comunitare\/\">evenimentele<\/a> Zilele Bucure\u015ftiului 2022 se num\u0103r\u0103 &#8220;Bucharest Jazz Festival&#8221;, dar \u015fi expozi\u0163ia &#8220;De la \u0162epe\u015f la Br\u00e2ncu\u015fi &#8211; 5 secole de istorie \u015fi cultur\u0103 \u00een spa\u0163iul rom\u00e2nesc&#8221;. Are loc \u015fi proiectul &#8220;Str\u0103zi deschise &#8211; Bucure\u015fti, Promenad\u0103 urban\u0103&#8221;, dar \u015fi &#8220;D\u00e2mbovi\u0163a Delivery&#8221; \u015fi concertul &#8220;Poveste din Bucure\u015ftiul de odinioar\u0103&#8221;. \u00censcrierile pentru cursurile \u015ecolii de Folclor \u015fi Educa\u0163ie Muzical\u0103 Zoril\u0103 continu\u0103 p\u00e2n\u0103 pe 25 septembrie.<\/p>\n<p>&#8220;T\u00e2rgul Na\u0163ional al C\u0103r\u0163ii de Poezie&#8221; \u015fi &#8220;Festivalul Interna\u0163ional de Poezie Bucure\u015fti&#8221; continu\u0103 p\u00e2n\u0103 pe 18 septembrie, cu recitaluri, spectacole \u015fi concerte. \u00centre timp Clubul de lecatura &#8220;Institutul Blecher&#8221; le propune iubitorilor de poezie o \u00eent\u00e2lnire cu poe\u0163ii Livia \u015etefan \u015fi Artiom Oleacu.<\/p>\n<p> Bucharest Jazz Festival <\/p>\n<p>Prim\u0103ria Capitalei prin ARCUB s\u0103rb\u0103tore\u015fte 563 de ani de la prima atestare a ora\u015fului printr-o serie de evenimente culturale, &#8220;Zilele Bucure\u015ftiului&#8221;. \u00centre 16 \u015fi 18 septembrie are loc Bucharest Jazz Festival, de la orele 18:00 la 22:00 la Combinatul Fondului Plastic. Accesul este lider, iar pe scen\u0103 urca nume noi \u00een jazz-ul rom\u00e2nesc, arti\u015fti consacra\u0163i \u015fi muzicieni din diaspora.<\/p>\n<p> Str\u0103zi Deschise &#8211; Promenad\u0103 Urban\u0103 <\/p>\n<p>Pe 17 \u015fi 18 septembrie Calea Victoriei \u015fi Cheiul D\u00e2mbovi\u0163ei devin pietonale. Bucure\u015ftenii au parte de numere muzicale \u015fi de dans pe Calea Victoriei, spectacole de circ, parade militare, concerte \u015fi teatru. &#8220;D\u00e2mbovi\u0163a Delivery&#8221; are loc prin sporturi nautice \u015fi activit\u0103\u0163i recreative.<\/p>\n<p><img loading=\"lazy\" decoding=\"async\" alt=\"\" height=\"675\" loading=\"lazy\"  src=\"https:\/\/static.infomusic.ro\/media\/2022\/09\/expozitie-de-la-tepes-la-brancusi.jpg\"  width=\"1200\"\/><\/p>\n<p>  De la \u0162epe\u015f la Br\u00e2ncu\u015fi &#8211; 5 secole de istorie \u015fi cultura \u00een spa\u0163iul rom\u00e2nesc <\/p>\n<p>\u00centre 16 septembrie \u015fi 22 octombrie are loc expozi\u0163ia de h\u0103r\u0163i, c\u0103r\u0163i, documente \u015fi imagini, la ARCUB (Hanul Gabroveni), Sala Bol\u0163ilor, Sala Atelier, Sala Arcelor, Sala Cafenea. Ve\u0163i g\u0103si acolo peste 350 de h\u0103r\u0163i, c\u0103r\u0163i vechi, documente istorice, imagini rare.<\/p>\n<p><img loading=\"lazy\" decoding=\"async\" alt=\"\" height=\"838\" loading=\"lazy\"  src=\"https:\/\/static.infomusic.ro\/media\/2022\/09\/dambovita-delivery.jpg\"  width=\"1600\"\/><\/p>\n<p> D\u00e2mbovi\u0163a Delivery <\/p>\n<p>D\u00e2mbovi\u0163a Delivery are loc \u00eentre 16 \u015fi 18 septembrie pe Splaiul Unirii 160, pe segmentul de r\u0103u Timpuri Noi &#8211; Mihai Bravu. Oamenii se vor putea bucura de D\u00e2mbovi\u0163a, de faun\u0103, flora \u015fi comuniate. Vor vedea sporturi nautice, 30 de spectacole, ateliere \u015fi activit\u0103\u0163i culturale \u015fi sportive pentru cei mari \u015fi mici.<\/p>\n<p> <a class=\"echo_read_more\" href=\"https:\/\/www.infomusic.ro\/2022\/09\/zilele-bucurestiului-2022-sunt-sarbatorite-cu-concerte-expozitii-trasee-pietonale\/\" target=\"_blank\" rel=\"noopener\">\u00a0\u00bb\u00a0Cite\u0219te continuarea pe pagina autorului<\/a><\/p>\n","protected":false},"excerpt":{"rendered":"<p>Printre evenimentele Zilele Bucure\u015ftiului 2022 se num\u0103r\u0103 &#8220;Bucharest Jazz Festival&#8221;, dar \u015fi expozi\u0163ia &#8220;De la \u0162epe\u015f la Br\u00e2ncu\u015fi &#8211; 5 secole de istorie \u015fi cultur\u0103 \u00een spa\u0163iul rom\u00e2nesc&#8221;. Are loc \u015fi proiectul &#8220;Str\u0103zi deschise &#8211; Bucure\u015fti, Promenad\u0103 urban\u0103&#8221;, dar \u015fi &#8220;D\u00e2mbovi\u0163a Delivery&#8221; \u015fi concertul &#8220;Poveste din Bucure\u015ftiul de odinioar\u0103&#8221;. \u00censcrierile pentru cursurile \u015ecolii de Folclor [&hellip;]<\/p>\n","protected":false},"author":1,"featured_media":4634,"comment_status":"open","ping_status":"open","sticky":false,"template":"","format":"standard","meta":{"_crdt_document":"","footnotes":""},"categories":[4],"tags":[],"class_list":["post-4633","post","type-post","status-publish","format-standard","has-post-thumbnail","hentry","category-noutati"],"_links":{"self":[{"href":"https:\/\/news-fm.ro\/index.php\/wp-json\/wp\/v2\/posts\/4633","targetHints":{"allow":["GET"]}}],"collection":[{"href":"https:\/\/news-fm.ro\/index.php\/wp-json\/wp\/v2\/posts"}],"about":[{"href":"https:\/\/news-fm.ro\/index.php\/wp-json\/wp\/v2\/types\/post"}],"author":[{"embeddable":true,"href":"https:\/\/news-fm.ro\/index.php\/wp-json\/wp\/v2\/users\/1"}],"replies":[{"embeddable":true,"href":"https:\/\/news-fm.ro\/index.php\/wp-json\/wp\/v2\/comments?post=4633"}],"version-history":[{"count":0,"href":"https:\/\/news-fm.ro\/index.php\/wp-json\/wp\/v2\/posts\/4633\/revisions"}],"wp:featuredmedia":[{"embeddable":true,"href":"https:\/\/news-fm.ro\/index.php\/wp-json\/wp\/v2\/media\/4634"}],"wp:attachment":[{"href":"https:\/\/news-fm.ro\/index.php\/wp-json\/wp\/v2\/media?parent=4633"}],"wp:term":[{"taxonomy":"category","embeddable":true,"href":"https:\/\/news-fm.ro\/index.php\/wp-json\/wp\/v2\/categories?post=4633"},{"taxonomy":"post_tag","embeddable":true,"href":"https:\/\/news-fm.ro\/index.php\/wp-json\/wp\/v2\/tags?post=4633"}],"curies":[{"name":"wp","href":"https:\/\/api.w.org\/{rel}","templated":true}]}}