{"id":4621,"date":"2022-09-15T13:59:10","date_gmt":"2022-09-15T13:59:10","guid":{"rendered":"https:\/\/news-fm.ro\/index.php\/2022\/09\/15\/iulia-vantur-se-alatura-juriului-iumor-in-cea-de-a-treia-runda-de-auditii\/"},"modified":"2022-09-15T13:59:10","modified_gmt":"2022-09-15T13:59:10","slug":"iulia-vantur-se-alatura-juriului-iumor-in-cea-de-a-treia-runda-de-auditii","status":"publish","type":"post","link":"https:\/\/news-fm.ro\/index.php\/2022\/09\/15\/iulia-vantur-se-alatura-juriului-iumor-in-cea-de-a-treia-runda-de-auditii\/","title":{"rendered":"Iulia V\u00e2ntur se al\u0103tur\u0103 juriului iUmor, \u00een cea de-a treia rund\u0103 de audi\u021bii"},"content":{"rendered":"<p>Evenimentul RiseUp &#8211; Bucharest on the sky va avea loc \u00een perioada 30 septembrie &#8211; 2 octombrie pe Insula \u00cengerilor &#8211; Lacul Morii. Sub sloganul &#8220;Vreau s\u0103 v\u0103d lumea de sus!&#8221;, festivalul verde \u0219i pet friendly \u00ee\u0219i va purta publicul \u00eentr-o c\u0103l\u0103torie care va reaminti de valorile esen\u021biale pentru o via\u021b\u0103 tr\u0103it\u0103 frumos. Pentru a respecta conceptul festivalului, organizatorii au preg\u0103tit bucure\u0219tenilor dou\u0103 evenimente \u00eentr-unul singur, astfel:<\/p>\n<p>&#8220;Vreau s\u0103 v\u0103d lumea de sus&#8221; &#8211; Balloon Fest aduce \u00een zilele de s\u00e2mb\u0103t\u0103 \u0219i duminic\u0103 momente pline de culoare sub soarele bl\u00e2nd de toamn\u0103, dar \u0219i ocazia de a experimenta \u00een\u0103l\u021bimile din baloanele cu aer cald, at\u00e2t prin ridic\u0103ri \u00een ancor\u0103 pe Insula Lacul Morii &#8211; program 10.00 &#8211; 16.00, c\u00e2t \u0219i prin zboruri libere din Iepure\u0219ti (Giurgiu) &#8211; program 07.00 &#8211; 10.00.<\/p>\n<p>\u00cen acela\u0219i timp,\u00a0RiseUp &#8211; Bucharest on the sky\u00a0aduce \u00een serile de vineri, s\u00e2mb\u0103t\u0103 \u0219i duminic\u0103 muzic\u0103, proiec\u021bii de lasere ambientale \u0219i proiec\u021bii pe baloanele ridicate \u00een ancora, proiec\u021bii video pe ecran de ap\u0103 pe lac, dansul \u0219i jocul luminilor, acompaniind arti\u0219ti de renume. Programul \u00eencepe de la 17.00 \u0219i se \u00eencheie seara la 23.00.<\/p>\n<p> Concerte RiseUP Bucharest: <\/p>\n<p>Arti\u0219tii care vor urca pe scena RiseUp &#8211; Bucharest on the Sky 2022 sunt Delia,\u00a0Spike, Faydee, Trio Jazz Sorin Zlat &#038; Special Guest, Maria Constantin acompaniat\u0103 de naistul Nicolae Voicule\u021b. Mai mult, festivalul propune alte momente muzicale de neratat, prin participarea tenorului Alin Stoica, sopranei Marta Sandu &#8211; Ofrim al\u0103turi de pianista Liana Mare\u0219, balerinii Raluca Jercea, Marina Gaspar \u0219i Sergiu Dan.<\/p>\n<p> Alte activit\u0103\u021bi RiseUP Bucharest: <\/p>\n<p>Bucure\u0219tenii pot participa la ore de sport \u00een aer liber prin parteneriat cu World Class, dar \u0219i la ateliere interactive \u0219i workshop-uri pentru min\u021bile care sunt \u00eentr-o ne\u00eencetat\u0103 c\u0103utare de informa\u021bii\u00a0din domenii mai mult sau mai pu\u021bin cunoscute. Iubitorii de carte vor avea la dispozi\u021bie o bibliotec\u0103 \u00een aer liber \u0219i spa\u021bii de relaxare. Cei care vor s\u0103-\u0219i exprime altfel emo\u021biile, \u0219evalete de pictur\u0103 vor a\u0219tepta cu p\u00e2nzele albe culoarea g\u00e2ndurilor c\u0103l\u0103toare, sub \u00eendrumarea unui pictor.<\/p>\n<p>Participan\u021bii vor urm\u0103ri \u00een premier\u0103 proiec\u021bia filmului rom\u00e2nesc &#8220;Egregora &#8211; Comoara Pierdut\u0103&#8221;, sub amprenta regizorului Andrei Chiriac.<\/p>\n<p>Festivalul RiseUp &#8211; Bucharest on the Sky demareaz\u0103 o campanie de sus\u021binere a performan\u021bei \u00een educa\u021bie. Ini\u021biativa ce se va desf\u0103\u0219ura sub numele &#8220;Celebr\u0103m Excelen\u021ba&#8221; va aduce \u00een fa\u021ba publicului tinerii Rom\u00e2niei cu rezultate excep\u021bionale la \u00eenv\u0103\u021b\u0103tur\u0103, concursuri \u0219i olimpiade, primind &#8220;magna cum laude&#8221; la scen\u0103 deschis\u0103 \u00een cadrul unor momente artistice special concepute.<\/p>\n<p> PROGRAM RISEUP BUCHAREST Vineri 30 septembrie 2022 (16.00 &#8211; 23.00) <\/p>\n<p>Ziua va fi definit\u0103 de ritmuri de jazz \u0219i evergreen cu tematic\u0103 cocktail party \u0219i se va \u00eencheia cu proiec\u021bie de film. Ridic\u0103ri \u00een ancor\u0103 pe insul\u0103 pe toata perioada \u00een func\u021bie de condi\u021biile meteo.<\/p>\n<p>16.00 \u2013 18.00 DJ Lucian Slot<br \/> 18.00 \u2013 18.45 Jazz &#8211; Sorin Zlat Band<br \/> 18.45 \u2013 19.00 Moment Celebr\u0103m Excelen\u021ba marcat de piesa Romania interpretat\u0103 de Maria Constantin si naistul Nicolae Voiculet<br \/> 19.00 \u2013 19.45 Jazz \u2013 trio Sorin Zlat &#038; Special Guest<br \/> 20.00 \u2013 21.00 Miki si Trio Puiu Pascu &#8211; Evergreen Band \u2013 participan\u021bii sunt invita\u021bi s\u0103 danseze pe ring<br \/> 21.00 \u2013 22.30 Proiec\u021bie film Egregora Comoara Pierduta<\/p>\n<p> S\u00e2mbat\u0103 1 octombrie 2022 &#8211; (10.00 &#8211; 23.00) <\/p>\n<p>O zi plin\u0103 de culoare \u00eentr-o combina\u021bie inedit\u0103 de muzic\u0103 de oper\u0103, ritmuri DJ si rap. Ridic\u0103ri \u00een ancor\u0103 pe insula \u00een intervalul 12.00 &#8211; 23.00 \u00een func\u021bie de condi\u021biile meteo.<\/p>\n<p>10.00 \u2013 10.50 Sport World Class &#8211; Yoga \/Monica Tudora<br \/> 11.00 \u2013 11.50 Sport World Class &#8211; Easy Functional\/Constantin Nicolescu 12.00 \u2013 16.00 DJ Lucian Slot<br \/> 14.00 \u2013 14.30 Moment Celebr\u0103m excelenta marcat de show aviatic Aeroclubul Rom\u00e2niei<br \/> 16.00 \u2013 16.50 Sport World Class &#8211; Body Combat \/ Cristina Constantinescu<br \/> 17.00 \u2013 17.50 Sport World Class &#8211; Zumba\/ Raluca Babaligea<br \/> 18.00 \u2013 18.30 \u2013 concert tenor Alin Stoica Opera Na\u021bional\u0103 Bucure\u0219ti<br \/> 18.30 \u2013 18.45 \u2013 moment balet Opera Na\u021bional\u0103 Bucure\u0219ti<br \/> 19.00 \u2013 21.00 \u2013 DJ Danny The Menace<br \/> 21.00 \u2013 21.15 \u2013 Moment Celebr\u0103m Excelen\u021ba marcat de piesa Muguri interpretat\u0103 de Spike \u0219i Corul Operei Na\u021bionale Bucure\u0219ti<br \/> 21.15 \u2013 22.00 \u2013 concert SPIKE<br \/> 22.00 \u2013 23.00 \u2013 DJ Party<\/p>\n<p> Duminic\u0103 2 octombrie 2022 (10.00 &#8211; 23.00) <\/p>\n<p>Este ziua \u00een care ne vom re\u00eenc\u0103rca bateriile pentru o nou\u0103 s\u0103ptaman\u0103 pe ritmuri de muzica pop.<\/p>\n<p> <a class=\"echo_read_more\" href=\"https:\/\/www.infomusic.ro\/2022\/09\/iulia-vantur-se-alatura-juriului-iumor\/\" target=\"_blank\" rel=\"noopener\">\u00a0\u00bb\u00a0Cite\u0219te continuarea pe pagina autorului<\/a><\/p>\n","protected":false},"excerpt":{"rendered":"<p>Evenimentul RiseUp &#8211; Bucharest on the sky va avea loc \u00een perioada 30 septembrie &#8211; 2 octombrie pe Insula \u00cengerilor &#8211; Lacul Morii. Sub sloganul &#8220;Vreau s\u0103 v\u0103d lumea de sus!&#8221;, festivalul verde \u0219i pet friendly \u00ee\u0219i va purta publicul \u00eentr-o c\u0103l\u0103torie care va reaminti de valorile esen\u021biale pentru o via\u021b\u0103 tr\u0103it\u0103 frumos. Pentru a [&hellip;]<\/p>\n","protected":false},"author":1,"featured_media":4622,"comment_status":"open","ping_status":"open","sticky":false,"template":"","format":"standard","meta":{"_crdt_document":"","footnotes":""},"categories":[4],"tags":[],"class_list":["post-4621","post","type-post","status-publish","format-standard","has-post-thumbnail","hentry","category-noutati"],"_links":{"self":[{"href":"https:\/\/news-fm.ro\/index.php\/wp-json\/wp\/v2\/posts\/4621","targetHints":{"allow":["GET"]}}],"collection":[{"href":"https:\/\/news-fm.ro\/index.php\/wp-json\/wp\/v2\/posts"}],"about":[{"href":"https:\/\/news-fm.ro\/index.php\/wp-json\/wp\/v2\/types\/post"}],"author":[{"embeddable":true,"href":"https:\/\/news-fm.ro\/index.php\/wp-json\/wp\/v2\/users\/1"}],"replies":[{"embeddable":true,"href":"https:\/\/news-fm.ro\/index.php\/wp-json\/wp\/v2\/comments?post=4621"}],"version-history":[{"count":0,"href":"https:\/\/news-fm.ro\/index.php\/wp-json\/wp\/v2\/posts\/4621\/revisions"}],"wp:featuredmedia":[{"embeddable":true,"href":"https:\/\/news-fm.ro\/index.php\/wp-json\/wp\/v2\/media\/4622"}],"wp:attachment":[{"href":"https:\/\/news-fm.ro\/index.php\/wp-json\/wp\/v2\/media?parent=4621"}],"wp:term":[{"taxonomy":"category","embeddable":true,"href":"https:\/\/news-fm.ro\/index.php\/wp-json\/wp\/v2\/categories?post=4621"},{"taxonomy":"post_tag","embeddable":true,"href":"https:\/\/news-fm.ro\/index.php\/wp-json\/wp\/v2\/tags?post=4621"}],"curies":[{"name":"wp","href":"https:\/\/api.w.org\/{rel}","templated":true}]}}