{"id":4477,"date":"2022-08-19T13:58:35","date_gmt":"2022-08-19T13:58:35","guid":{"rendered":"https:\/\/news-fm.ro\/index.php\/2022\/08\/19\/bucharest-jazz-festival-revine-in-septembrie-cu-o-noua-editie\/"},"modified":"2022-08-19T13:58:35","modified_gmt":"2022-08-19T13:58:35","slug":"bucharest-jazz-festival-revine-in-septembrie-cu-o-noua-editie","status":"publish","type":"post","link":"https:\/\/news-fm.ro\/index.php\/2022\/08\/19\/bucharest-jazz-festival-revine-in-septembrie-cu-o-noua-editie\/","title":{"rendered":"Bucharest Jazz Festival revine \u00een septembrie cu o nou\u0103 edi\u021bie"},"content":{"rendered":"<p>Cea de-a X-a edi\u021bie a festivalului Jazz in the Park va avea loc \u00een perioada 1 &#8211; 4 septembrie, \u00een Parcul Etnografic &#8220;Romulus Vuia&#8221; din Cluj-Napoca, cel mai vechi muzeu \u00een aer liber din Rom\u00e2nia. Dup\u0103 doi ani \u00een care s-a desf\u0103\u0219urat \u00een variante restr\u00e2nse, condi\u021bionat fiind de restric\u021biile pandemice, Jazz in the Park aduce din nou \u00een fa\u021ba publicului un lineup vibrant, eclectic \u0219i bogat, dorind s\u0103 confirme \u00eenc\u0103 o dat\u0103 numele de Europe\u2019s Best Small Festival.<\/p>\n<p>Pe lista primilor arti\u0219ti confirma\u021bi la Jazz in the Park 2022 se reg\u0103sesc: <\/p>\n<ul>\n<li>The Comet is Coming (UK), Dhafer Youssef (TN), Asaf Avidan (IL), Amadou et Mariam (ML), Yussef Dayes (UK), Erik Truffaz Quartet (CH), Teodora Enache-Brody (RO), London Afrobeat Collective (UK), Trigon (MD), Luiza Zan (RO), Blazzaj (RO), Jazzbois (HU) \u0219i Marta Popovici (RO).<\/li>\n<\/ul>\n<p> Alin Vaida, directorul executiv al Jazz in the Park: &#8220;Vrem s\u0103 sfid\u0103m ultimii ani cu naivitatea c\u0103 un festival poate schimba \u00een bine lumea \u00een care tr\u0103im&#8221; <\/p>\n<p>Mai mult de at\u00e2t, \u00eencep\u00e2nd din acest an, Jazz in the Park alege s\u0103 comunice conform unui g\u00e2nd care a fost, de altfel, prezent \u00eentr-un fel sau altul \u00een toate edi\u021biile de p\u00e2n\u0103 acum. Odat\u0103 cu aniversarea, festivalul \u00ee\u0219i roste\u0219te identitatea explicit, asumat \u0219i entuziast: Jazz in the Park. Sounds personal.<\/p>\n<p>&#8220;Mi se ridic\u0103 p\u0103rul pe m\u00e2n\u0103 c\u00e2nd m\u0103 g\u00e2ndesc c\u0103 facem Jazz in the Park de 10 ani. O c\u0103l\u0103torie excelent\u0103, care nu a \u00eencetat s\u0103 ne surprind\u0103. La fel ca-n fiecare an, facem tot ce ne st\u0103 \u00een putere s\u0103 livr\u0103m cea mai bun\u0103 edi\u021bie de p\u00e2n\u0103 acum. Avem un lineup din care nu trebuie ratat niciun concert. Avem un loc de eveniment care va eleva experien\u021ba publicului. Avem un entuziasm pe care sper\u0103m s\u0103 vi-l transmitem tuturor p\u00e2n\u0103 \u00een septembrie. Nu vrem s\u0103 fim nici cel mai tare festival, nici cel mai mare. Vrem doar s\u0103 tr\u0103im \u00eempreun\u0103 clipa \u0219i s\u0103 ne cre\u0103m amintiri frumoase. Vrem s\u0103 sfid\u0103m ultimii ani cu naivitatea c\u0103 un festival poate schimba \u00een bine lumea \u00een care tr\u0103im&#8221;, a spus Alin Vaida, directorul executiv al Jazz in the Park.<\/p>\n<p> Trupa The Comet is Coming va sus\u021bine primul concert \u00een Rom\u00e2nia <\/p>\n<p>Pentru prima dat\u0103 pe o scen\u0103 din Rom\u00e2nia, The Comet is Coming, trupa britanic\u0103 format\u0103 din King Shabaka (saxofon), Danalogue (clape) \u0219i Betamax (tobe), este genul de trio instrumental care are darul de a scoate publicul din zona de confort \u0219i a-l duce pe un t\u0103r\u00e2m muzical pe care nu l-a explorat p\u00e2n\u0103 acum. Muzica lor este at\u00e2t de puternic\u0103 \u0219i plin\u0103 de ardoare de parc\u0103 ar fi posedat\u0103 de spirite. &#8220;Cometele&#8221; aterizeaz\u0103 pe scena principal\u0103 a Parcului Etnografic preg\u0103tite fiind s\u0103 distrug\u0103 iluziile, s\u0103 invoce focul \u0219i s\u0103 ofere publicului toat\u0103 puterea \u0219i energia lor vital\u0103.<\/p>\n<\/p>\n<p>Tot din Marea Britanie va veni la Jazz in the Park \u0219i Yussef Dayes, un maestru al jam sessionurilor. Energie \u00een form\u0103 pur\u0103, Yussef Dayes este acel tip de artist care-i pune pe oameni \u00een situa\u021bia de a se descifra \u0219i descoperi pe ei \u00een\u0219i\u0219i atunci c\u00e2nd \u00eel ascult\u0103. Tehnica lui impecabil\u0103 de m\u00e2nuire a tobelor \u0219i a percu\u021biei \u00een general transform\u0103 orice concert \u00eentr-un spectacol \u0219i asigur\u0103 o \u00eentreag\u0103 c\u0103l\u0103torie printr-o gr\u0103mad\u0103 de stiluri muzicale, de la beaturi funky la hip-hop, broken beat, modern jazz sau drum&#038;bass.<\/p>\n<p> Tom Misch &#038; Yussef Dayes &#8211; Nightrider (feat. Freddie Gibbs) <\/p>\n<p>Erik Truffaz Quartet va dovedi pe scena festivalului clujean c\u0103 jazzul nu are grani\u021be \u0219i c\u0103 fuziunea acestuia cu muzica electronic\u0103 \u0219i rockul \u00eei confer\u0103 o nou\u0103 dimensiune.<\/p>\n<p> <a class=\"echo_read_more\" href=\"https:\/\/www.infomusic.ro\/2022\/08\/bucharest-jazz-festival-revine-in-septembrie-cu-o-noua-editie\/\" target=\"_blank\" rel=\"noopener\">\u00a0\u00bb\u00a0Cite\u0219te continuarea pe pagina autorului<\/a><\/p>\n","protected":false},"excerpt":{"rendered":"<p>Cea de-a X-a edi\u021bie a festivalului Jazz in the Park va avea loc \u00een perioada 1 &#8211; 4 septembrie, \u00een Parcul Etnografic &#8220;Romulus Vuia&#8221; din Cluj-Napoca, cel mai vechi muzeu \u00een aer liber din Rom\u00e2nia. Dup\u0103 doi ani \u00een care s-a desf\u0103\u0219urat \u00een variante restr\u00e2nse, condi\u021bionat fiind de restric\u021biile pandemice, Jazz in the Park aduce [&hellip;]<\/p>\n","protected":false},"author":1,"featured_media":4478,"comment_status":"open","ping_status":"open","sticky":false,"template":"","format":"standard","meta":{"_crdt_document":"","footnotes":""},"categories":[4],"tags":[],"class_list":["post-4477","post","type-post","status-publish","format-standard","has-post-thumbnail","hentry","category-noutati"],"_links":{"self":[{"href":"https:\/\/news-fm.ro\/index.php\/wp-json\/wp\/v2\/posts\/4477","targetHints":{"allow":["GET"]}}],"collection":[{"href":"https:\/\/news-fm.ro\/index.php\/wp-json\/wp\/v2\/posts"}],"about":[{"href":"https:\/\/news-fm.ro\/index.php\/wp-json\/wp\/v2\/types\/post"}],"author":[{"embeddable":true,"href":"https:\/\/news-fm.ro\/index.php\/wp-json\/wp\/v2\/users\/1"}],"replies":[{"embeddable":true,"href":"https:\/\/news-fm.ro\/index.php\/wp-json\/wp\/v2\/comments?post=4477"}],"version-history":[{"count":0,"href":"https:\/\/news-fm.ro\/index.php\/wp-json\/wp\/v2\/posts\/4477\/revisions"}],"wp:featuredmedia":[{"embeddable":true,"href":"https:\/\/news-fm.ro\/index.php\/wp-json\/wp\/v2\/media\/4478"}],"wp:attachment":[{"href":"https:\/\/news-fm.ro\/index.php\/wp-json\/wp\/v2\/media?parent=4477"}],"wp:term":[{"taxonomy":"category","embeddable":true,"href":"https:\/\/news-fm.ro\/index.php\/wp-json\/wp\/v2\/categories?post=4477"},{"taxonomy":"post_tag","embeddable":true,"href":"https:\/\/news-fm.ro\/index.php\/wp-json\/wp\/v2\/tags?post=4477"}],"curies":[{"name":"wp","href":"https:\/\/api.w.org\/{rel}","templated":true}]}}