{"id":4475,"date":"2022-08-18T11:00:15","date_gmt":"2022-08-18T11:00:15","guid":{"rendered":"http:\/\/news-fm.ro\/index.php\/2022\/08\/18\/fa-cunostinta-cu-noua-familie-addams-in-trailerul-pentru-wednesday-video\/"},"modified":"2022-08-18T11:00:15","modified_gmt":"2022-08-18T11:00:15","slug":"fa-cunostinta-cu-noua-familie-addams-in-trailerul-pentru-wednesday-video","status":"publish","type":"post","link":"https:\/\/news-fm.ro\/index.php\/2022\/08\/18\/fa-cunostinta-cu-noua-familie-addams-in-trailerul-pentru-wednesday-video\/","title":{"rendered":"F\u0103 cuno\u0219tin\u021b\u0103 cu noua familie Addams \u00een trailerul pentru &#8220;Wednesday&#8221; &#8211; VIDEO"},"content":{"rendered":"<p>A\u0219a cum se deduce din titlul, serialul graviteaz\u0103 \u00een jurul adolescentei Wednesday Addams. Protagonista este \u00eenscris\u0103 la o nou\u0103 \u0219coal\u0103 &#8211; Nevermore Academy &#8211; unde \u00eencearc\u0103 s\u0103-\u0219i st\u0103p\u00e2neasc\u0103 noile abilit\u0103\u021bi paranormale \u0219i s\u0103 rezolve un mister legat de trecutul familiei sale. &#8220;Wednesday&#8221; va fi disponibil pe Netflix din toamna acestui an.<\/p>\n<p>Nu c\u0103 ar fi o surpriz\u0103, dar lui Wednesday \u00eei va fi greu s\u0103-\u0219i fac\u0103 prieteni la \u0219coal\u0103. Totu\u0219i, acest lucru nu o va \u00eempiedica s\u0103 depun\u0103 eforturi mari pentru a-\u0219i ap\u0103ra familia:<em> &#8220;Singura persoan\u0103 care poate s\u0103-mi tortureze fratele sunt eu&#8221;<\/em>, le spune ea unor b\u0103ie\u021bi din echipa de \u00eenot \u00eenainte s\u0103 arunce o gr\u0103mad\u0103 de pe\u0219ti piranha \u00een bazin.<\/p>\n<p>Mai mult, Wednesday &#8220;avertizeaz\u0103&#8221; spectatorii c\u0103 anul \u0219colar de la Academia Nevermore va fi plin de <em>&#8220;mister, haos \u0219i crim\u0103&#8221;<\/em>. \u00cen regia lui Tim Burton, noul serial promite s\u0103 fac\u0103 dreptate mo\u0219tenirii familiei Addams, care s-a bucurat \u00een trecut de numeroase adapt\u0103ri.<\/p>\n<p>Distribu\u021bia serialul const\u0103 \u00een Jenna Ortega \u00een rolul lui Wednesday Addams, Catherine Zeta-Jones ca Morticia, Luis Guzm\u00e1n ca Gomez \u0219i Isaac Ordonez ca Pugsley, fratele lui Wednesday. Victor Doroban\u021bu joac\u0103 rolul lui Thing, \u00een timp ce George Burcea \u00eel interpreteaz\u0103 pe servitorului Lurch. Gwendoline Christie, Jamie McShane, Percy Hynes White, Hunter Doohan, Emma Myers, Joy Sunday, Naomi J Ogawa, Moosa Mostafa, Georgie Farmer \u0219i Riki Lindhome vor ap\u0103rea \u0219i ei pe micile ecrane. Christina Ricci, care a jucat-o pe emblematica Wednesday \u00een seria de filme din anii &#8217;90, va avea o apari\u021bie special\u0103 \u00een rolul lui Marilyn Thornhill.<\/p>\n<p> VIDEO: Trailer &#8220;Wednesday&#8221;: <\/p>\n<p> <a class=\"echo_read_more\" href=\"https:\/\/www.infomusic.ro\/2022\/08\/serial-wednesday-addams-netflix-trailer\/\" target=\"_blank\" rel=\"noopener\">\u00a0\u00bb\u00a0Cite\u0219te continuarea pe pagina autorului<\/a><\/p>\n","protected":false},"excerpt":{"rendered":"<p>A\u0219a cum se deduce din titlul, serialul graviteaz\u0103 \u00een jurul adolescentei Wednesday Addams. Protagonista este \u00eenscris\u0103 la o nou\u0103 \u0219coal\u0103 &#8211; Nevermore Academy &#8211; unde \u00eencearc\u0103 s\u0103-\u0219i st\u0103p\u00e2neasc\u0103 noile abilit\u0103\u021bi paranormale \u0219i s\u0103 rezolve un mister legat de trecutul familiei sale. &#8220;Wednesday&#8221; va fi disponibil pe Netflix din toamna acestui an. Nu c\u0103 ar fi [&hellip;]<\/p>\n","protected":false},"author":1,"featured_media":4476,"comment_status":"open","ping_status":"open","sticky":false,"template":"","format":"standard","meta":{"_crdt_document":"","footnotes":""},"categories":[4],"tags":[],"class_list":["post-4475","post","type-post","status-publish","format-standard","has-post-thumbnail","hentry","category-noutati"],"_links":{"self":[{"href":"https:\/\/news-fm.ro\/index.php\/wp-json\/wp\/v2\/posts\/4475","targetHints":{"allow":["GET"]}}],"collection":[{"href":"https:\/\/news-fm.ro\/index.php\/wp-json\/wp\/v2\/posts"}],"about":[{"href":"https:\/\/news-fm.ro\/index.php\/wp-json\/wp\/v2\/types\/post"}],"author":[{"embeddable":true,"href":"https:\/\/news-fm.ro\/index.php\/wp-json\/wp\/v2\/users\/1"}],"replies":[{"embeddable":true,"href":"https:\/\/news-fm.ro\/index.php\/wp-json\/wp\/v2\/comments?post=4475"}],"version-history":[{"count":0,"href":"https:\/\/news-fm.ro\/index.php\/wp-json\/wp\/v2\/posts\/4475\/revisions"}],"wp:featuredmedia":[{"embeddable":true,"href":"https:\/\/news-fm.ro\/index.php\/wp-json\/wp\/v2\/media\/4476"}],"wp:attachment":[{"href":"https:\/\/news-fm.ro\/index.php\/wp-json\/wp\/v2\/media?parent=4475"}],"wp:term":[{"taxonomy":"category","embeddable":true,"href":"https:\/\/news-fm.ro\/index.php\/wp-json\/wp\/v2\/categories?post=4475"},{"taxonomy":"post_tag","embeddable":true,"href":"https:\/\/news-fm.ro\/index.php\/wp-json\/wp\/v2\/tags?post=4475"}],"curies":[{"name":"wp","href":"https:\/\/api.w.org\/{rel}","templated":true}]}}