{"id":4473,"date":"2022-08-18T11:00:16","date_gmt":"2022-08-18T11:00:16","guid":{"rendered":"http:\/\/news-fm.ro\/index.php\/2022\/08\/18\/ce-artisti-canta-la-jazz-in-the-park-2022-program-pe-zile\/"},"modified":"2022-08-18T11:00:16","modified_gmt":"2022-08-18T11:00:16","slug":"ce-artisti-canta-la-jazz-in-the-park-2022-program-pe-zile","status":"publish","type":"post","link":"https:\/\/news-fm.ro\/index.php\/2022\/08\/18\/ce-artisti-canta-la-jazz-in-the-park-2022-program-pe-zile\/","title":{"rendered":"Ce arti\u0219ti c\u00e2nt\u0103 la Jazz in the Park 2022 &#8211; PROGRAM PE ZILE"},"content":{"rendered":"<p>Avishai Cohen Quartet (IL), Roberto Fonseca Trio (CU), Mircea Tiberian Trio (RO), GANNA (UKR), Elena M\u00eendru Quartet (RO), M\u0103d\u0103lina Pav\u0103l Orchestra (RO), Apifera (IL) \u0219i Paperjam (RO) completeaz\u0103 lista arti\u0219tilor care vor concerta la a X-a edi\u021bie a festivalului Jazz in the Park, ce va avea loc \u00een Parcul Etnografic din Cluj-Napoca, \u00een perioada 1 &#8211; 4 septembrie.<\/p>\n<p>Lor li se adaug\u0103 Zaharenco (RO), Andrei Petrache Trio (RO), 7th SENSE (RO), R\u0103zvan Cipca Trio(RO) \u0219i Maria \u0218imandi Project (RO), cinci trupe tinere de jazz care sunt parte a proiectului Pure Jazz pe care Jazz in the Park l-a sus\u021binut de-a lungul anului din dorin\u021ba de a pune um\u0103rul la dezvoltarea scenei rom\u00e2ne\u0219ti de jazz.<\/p>\n<p> Alin Vaida: &#8220;Mai urmeaz\u0103 un anun\u021b \u00een august, \u00eens\u0103 deja lineup-ul prinde un contur destul de special. Sper\u0103m s\u0103 v\u0103 plac\u0103 tuturor&#8221; <\/p>\n<p>&#8220;Acest al doilea val de arti\u0219ti anun\u021ba\u021bi e ceva mai tehnic. Roberto Fonseca revine la Cluj dup\u0103 ce mult\u0103 lume ni l-a cerut, Avishai Cohen este \u00een premier\u0103 local\u0103, iar Mircea Tiberian e un nume pe care toate festivalurile de jazz din Rom\u00e2nia ar trebui s\u0103-l aib\u0103 m\u0103car o dat\u0103. De asemenea, avem o artist\u0103 din Ucraina, anume Ganna. Pe l\u00e2ng\u0103 ei, avem multe alte nume bune, \u00een special multe trupe rom\u00e2ne\u0219ti tinere, c\u0103rora suntem onora\u021bi c\u0103 le-am putut crea un cadru \u00een care s\u0103 se exprime, poate unii \u00een premier\u0103 la noi \u00een ora\u0219. Mai urmeaz\u0103 un anun\u021b \u00een august, \u00eens\u0103 deja line-upul prinde un contur destul de special. Sper\u0103m s\u0103 v\u0103 plac\u0103 tuturor&#8221;, a spus Alin Vaida, directorul festivalului.<\/p>\n<p> Avishai Cohen aduce &#8220;Naked Truth&#8221; \u00eenaintea publicului <\/p>\n<p>Avishai CoheTrompetistul israelian Avishai Cohen va c\u0103uta la Jazz in the Park s\u0103 dezv\u0103luie prin muzic\u0103 adev\u0103rul gol-golu\u021b, dup\u0103 cum o spune \u0219i numele albumului care st\u0103 la baza concertului s\u0103u &#8211; &#8220;Naked Truth&#8221;. Rezultat al medita\u021biei \u0219i reflec\u021biei declan\u0219ate de pandemia de coronavirus, &#8220;Naked Truth&#8221; aduce \u00eenaintea publicului o muzic\u0103 \u00eenc\u0103rcat\u0103 de vulnerabilitate \u0219i emo\u021bie, ale c\u0103rei pasaje se schimb\u0103 subtil cu fiecare nou instrument \u0219i motiv muzical. Cohen va fi \u00eenso\u021bit pe scen\u0103 de pianistul Yonathan Avishai, bassistul Barak Mori \u0219i bateristul Ziv Ravitz, pentru un moment muzical \u00een care detaliile mici \u0219i delicate sunt cele care fac cu adev\u0103rat diferen\u021ba.<\/p>\n<\/p>\n<p>O Cub\u0103 f\u0103r\u0103 frontiere va ocupa scena festivalului prin muzica lui Roberto Fonseca, un artist care s-a dovedit a fi, \u00een repetate r\u00e2nduri, o surs\u0103 continu\u0103 de creativitate \u0219i pricepere, construind pun\u021bi \u00eentre cultura afro-cubanez\u0103 \u0219i genurile muzicale diverse \u00een care aceasta s-ar putea reg\u0103si. Cunoscut pentru particularitatea muzicii sale \u0219i numit adesea \u201eHerbie Hancock al Cubei\u201d, Roberto Fonseca are talentul de a \u00eembina jazzul cu nenum\u0103rate influen\u021be, de la muzica clasic\u0103 p\u00e2n\u0103 la rap, funk, reggaeton \u0219i muzic\u0103 electronic\u0103, \u00eentr-un caleidoscop muzical viu \u0219i dinamic. Publicul va avea ocazia s\u0103 asculte live compozi\u021biile care alc\u0103tuiesc cel mai recent album al artistului, \u201cYesun\u201d, \u00een compania instrumenti\u0219tilor Ruly Herrera (baterie) \u0219i Yandy Mart\u00ednez Rodriguez (bass dublu).<\/p>\n<p> Mircea Tiberian va veni la Jazz in the Park 2022 \u00eentr-o formul\u0103 nou\u0103 <\/p>\n<p>Unul dintre personajele cu evolu\u021bia cea mai complex\u0103 \u0219i spectaculoas\u0103 din muzica rom\u00e2neasc\u0103 a ultimelor decenii, Mircea Tiberian va veni la Jazz in the Park \u00eentr-o formul\u0103 nou\u0103, &#8220;Acousmatics&#8221;, al\u0103turi de contrabasistul american Chris Dahlgren \u0219i bateristul \u0219i compozitorul german Tilo Weber. Numele generic al concertului \u0219i al celor care particip\u0103 la el a fost dat de Mircea Tiberian pornind de la distinc\u021bia f\u0103cut\u0103 \u00een \u0219coala lui Pitagora \u00eentre mathematikoi \u2013 cei care se ocupau cu aspectele \u0219tiin\u021bifice ale realit\u0103\u021bii \u015fi akousmatikoi \u2013 cei care \u00eencercau s\u0103 se apropie de adev\u0103r prin inspira\u021bie,<\/p>\n<p> <a class=\"echo_read_more\" href=\"https:\/\/www.infomusic.ro\/2022\/08\/jazz-in-the-park-2022-program-pe-zile\/\" target=\"_blank\" rel=\"noopener\">\u00a0\u00bb\u00a0Cite\u0219te continuarea pe pagina autorului<\/a><\/p>\n","protected":false},"excerpt":{"rendered":"<p>Avishai Cohen Quartet (IL), Roberto Fonseca Trio (CU), Mircea Tiberian Trio (RO), GANNA (UKR), Elena M\u00eendru Quartet (RO), M\u0103d\u0103lina Pav\u0103l Orchestra (RO), Apifera (IL) \u0219i Paperjam (RO) completeaz\u0103 lista arti\u0219tilor care vor concerta la a X-a edi\u021bie a festivalului Jazz in the Park, ce va avea loc \u00een Parcul Etnografic din Cluj-Napoca, \u00een perioada 1 [&hellip;]<\/p>\n","protected":false},"author":1,"featured_media":4474,"comment_status":"open","ping_status":"open","sticky":false,"template":"","format":"standard","meta":{"_crdt_document":"","footnotes":""},"categories":[4],"tags":[],"class_list":["post-4473","post","type-post","status-publish","format-standard","has-post-thumbnail","hentry","category-noutati"],"_links":{"self":[{"href":"https:\/\/news-fm.ro\/index.php\/wp-json\/wp\/v2\/posts\/4473","targetHints":{"allow":["GET"]}}],"collection":[{"href":"https:\/\/news-fm.ro\/index.php\/wp-json\/wp\/v2\/posts"}],"about":[{"href":"https:\/\/news-fm.ro\/index.php\/wp-json\/wp\/v2\/types\/post"}],"author":[{"embeddable":true,"href":"https:\/\/news-fm.ro\/index.php\/wp-json\/wp\/v2\/users\/1"}],"replies":[{"embeddable":true,"href":"https:\/\/news-fm.ro\/index.php\/wp-json\/wp\/v2\/comments?post=4473"}],"version-history":[{"count":0,"href":"https:\/\/news-fm.ro\/index.php\/wp-json\/wp\/v2\/posts\/4473\/revisions"}],"wp:featuredmedia":[{"embeddable":true,"href":"https:\/\/news-fm.ro\/index.php\/wp-json\/wp\/v2\/media\/4474"}],"wp:attachment":[{"href":"https:\/\/news-fm.ro\/index.php\/wp-json\/wp\/v2\/media?parent=4473"}],"wp:term":[{"taxonomy":"category","embeddable":true,"href":"https:\/\/news-fm.ro\/index.php\/wp-json\/wp\/v2\/categories?post=4473"},{"taxonomy":"post_tag","embeddable":true,"href":"https:\/\/news-fm.ro\/index.php\/wp-json\/wp\/v2\/tags?post=4473"}],"curies":[{"name":"wp","href":"https:\/\/api.w.org\/{rel}","templated":true}]}}