{"id":4471,"date":"2022-08-17T18:00:14","date_gmt":"2022-08-17T18:00:14","guid":{"rendered":"http:\/\/news-fm.ro\/index.php\/2022\/08\/17\/gina-pistol-si-irina-fodor-vor-prezenta-chefi-la-cutite-2022\/"},"modified":"2022-08-17T18:00:14","modified_gmt":"2022-08-17T18:00:14","slug":"gina-pistol-si-irina-fodor-vor-prezenta-chefi-la-cutite-2022","status":"publish","type":"post","link":"https:\/\/news-fm.ro\/index.php\/2022\/08\/17\/gina-pistol-si-irina-fodor-vor-prezenta-chefi-la-cutite-2022\/","title":{"rendered":"Gina Pistol \u0219i Irina Fodor vor prezenta &#8220;Chefi la cu\u021bite&#8221; 2022"},"content":{"rendered":"<p>Noul sezon &#8220;Chefi la cu\u021bite&#8221; marcheaz\u0103 un deceniu de la lansarea trio-ului de succes format de Sorin Bontea, C\u0103t\u0103lin Sc\u0103rl\u0103tescu \u0219i Florin Dumitrescu printr-o re\u021bet\u0103 unic\u0103, la care se adaug\u0103 provoc\u0103ri surprinz\u0103toare \u00een desf\u0103\u0219urarea competi\u021biei, dar \u0219i un platou de filmare cu noi decoruri. Irina Fodor prezint\u0103 primele edi\u021bii &#8220;Chefi la cu\u021bi\u021be&#8221;, rol pe care l-a preluat\u00a0atunci c\u00e2nd Gina Pistol a fost diagnosticat\u0103 cu COVID-19.<\/p>\n<p>  Gina Pistol: &#8220;Aceast\u0103 formul\u0103 nu face dec\u00e2t s\u0103 adauge acel ingredient aparte, perfect pentru un show aniversar&#8221; <\/p>\n<p>&#8220;M\u0103 preg\u0103tisem pentru \u00eenceputul noului sezon &#8220;Chefi la cu\u021bite&#8221;, dar am aflat cu dou\u0103 zile \u00eenainte c\u0103 am Covid \u0219i astfel nu am putut s\u0103 particip la film\u0103ri. De aceea Irina a preluat rolul de prezentatoare, iar atunci c\u00e2nd m-am \u00eens\u0103n\u0103to\u0219it, am revenit pe platouri. \u00cemi pare r\u0103u c\u0103 am ratat startul sezonului 10, dar, \u00een acela\u0219i timp, pot spune c\u0103 aceast\u0103 formul\u0103 nu face dec\u00e2t s\u0103 adauge acel ingredient aparte, perfect pentru un show aniversar&#8221;, a declarat Gina Pistol.<\/p>\n<p> Irina Fodor: &#8220;Pentru mine a fost o bucurie s\u0103 fac parte dintr-un sezon at\u00e2t de important \u0219i s\u0103 cunosc at\u00e2\u021bia oameni talenta\u021bi \u0219i pasiona\u021bi&#8221; <\/p>\n<p>&#8220;Sezonul 10 &#8220;Chefi la cu\u021bite&#8221; ne-a pus fa\u021b\u0103 \u00een fa\u021b\u0103 cu neprev\u0103zutul \u0219i, ca de obicei, am func\u021bionat ca o familie: ne-am \u021binut spatele unii altora \u0219i, \u00eempreun\u0103, am realizat cu succes sezonul aniversar.<\/p>\n<p>Eu nu eram preg\u0103tit\u0103 s\u0103 fac parte din proiect, dar pentru c\u0103 \u00een televiziune multe lucruri te pot lua prin surprindere \u0219i trebuie s\u0103 te adaptezi, asta am f\u0103cut \u0219i noi. Cu o zi \u00eenainte de \u00eenceperea preselec\u021biilor pentru &#8220;Chefi la cu\u021bite&#8221;, echipa de produc\u021bie m-a anun\u021bat c\u0103 Gina nu se simte bine. A\u0219a c\u0103 a doua zi, la prima or\u0103, m-am prezentat pe platoul de filmare. C\u00e2nd Gina s-a \u00eens\u0103n\u0103to\u0219it, a venit cu for\u021be proaspete \u0219i i-a ghidat pe Chefi \u0219i pe concuren\u021bi p\u00e2n\u0103 \u00een final\u0103. Pentru mine a fost o bucurie s\u0103 fac parte dintr-un sezon at\u00e2t de important \u0219i s\u0103 cunosc at\u00e2\u021bia oameni talenta\u021bi \u0219i pasiona\u021bi p\u00e2n\u0103 la obsesie de g\u0103tit.&#8221;<\/p>\n<p> Ce declar\u0103 Chef Sorin Bontea despre noul sezon &#8220;Chefi la cu\u021bite&#8221;, ce se va difuza \u00een 2022 <\/p>\n<p>Are patru trofee &#8220;Chefi la cu\u021bite&#8221; c\u00e2\u0219tigate p\u00e2n\u0103 acum \u0219i este preg\u0103tit pentru o nou\u0103 competi\u021bie. \u00cen cur\u00e2nd, Sorin Bontea intr\u0103 din nou \u00een arena culinar\u0103 la Antena 1, pentru urm\u0103toarea confruntare cu Florin Dumitrescu \u0219i C\u0103t\u0103lin Sc\u0103rl\u0103tescu.<\/p>\n<p>  Sorin Bontea: &#8220;Florin e cel mai t\u00e2n\u0103r, C\u0103t\u0103lin e cel mai solid, iar eu sunt cel mai frumos&#8221; <\/p>\n<p>C\u00e2nd vine vorba despre calit\u0103\u021bile \u0219i defectele rivalilor s\u0103i consacra\u021bi, Sorin Bontea \u00eel admir\u0103 pe C\u0103t\u0103lin pentru magnetismul s\u0103u \u00een interac\u021biunea cu publicul, iar pe Florin pentru capacitatea lui de a absorbi informa\u021bie.<\/p>\n<p>&#8220;Florin e cel mai t\u00e2n\u0103r, C\u0103t\u0103lin e cel mai solid, iar eu sunt cel mai frumos. C\u0103t\u0103lin e ca un magnet, atrage oamenii. Oriunde apare \u0219i orice ar face, toat\u0103 lumea se adun\u0103 \u00een jurul lui. Aceast\u0103 calitate a\u0219 fura-o de la el, dac\u0103 a\u0219 putea. Iar ca defect, e cam ursuz c\u00e2teodat\u0103. \u0218i \u00eenc\u0103 ceva: el niciodat\u0103 nu recunoa\u0219te dac\u0103 gre\u0219e\u0219te. \u0218tie c\u0103 a gre\u0219it, dar \u00eentotdeauna g\u0103se\u0219te un contraargument: ori nu \u0219tim noi despre ce vorbim, ori nu vedem bine. La Florin, unul dintre lucrurile care \u00eemi plac este deschiderea lui de a \u00eenv\u0103\u021ba mereu, cite\u0219te foarte mult despre gastronomie \u00een general, absoarbe informa\u021bia ca un burete. A\u0219 vrea s\u0103 mai am \u0219i eu aceast\u0103 putere de absorb\u021bie. C\u00e2t despre defectele lui: p\u0103rul lung \u0219i barba.&#8221;<\/p>\n<p> Despre &#8220;Chefi la cu\u021bite&#8221; <\/p>\n<p>&#8220;Chefi la cu\u021bite&#8221; este un show de g\u0103tit care se difuzeaz\u0103 pe Antena 1 din 2016.<\/p>\n<p> <a class=\"echo_read_more\" href=\"https:\/\/www.infomusic.ro\/2022\/08\/gina-pistol-irina-fodor-chefi-la-cutite-2022\/\" target=\"_blank\" rel=\"noopener\">\u00a0\u00bb\u00a0Cite\u0219te continuarea pe pagina autorului<\/a><\/p>\n","protected":false},"excerpt":{"rendered":"<p>Noul sezon &#8220;Chefi la cu\u021bite&#8221; marcheaz\u0103 un deceniu de la lansarea trio-ului de succes format de Sorin Bontea, C\u0103t\u0103lin Sc\u0103rl\u0103tescu \u0219i Florin Dumitrescu printr-o re\u021bet\u0103 unic\u0103, la care se adaug\u0103 provoc\u0103ri surprinz\u0103toare \u00een desf\u0103\u0219urarea competi\u021biei, dar \u0219i un platou de filmare cu noi decoruri. Irina Fodor prezint\u0103 primele edi\u021bii &#8220;Chefi la cu\u021bi\u021be&#8221;, rol pe care [&hellip;]<\/p>\n","protected":false},"author":1,"featured_media":4472,"comment_status":"open","ping_status":"open","sticky":false,"template":"","format":"standard","meta":{"_crdt_document":"","footnotes":""},"categories":[4],"tags":[],"class_list":["post-4471","post","type-post","status-publish","format-standard","has-post-thumbnail","hentry","category-noutati"],"_links":{"self":[{"href":"https:\/\/news-fm.ro\/index.php\/wp-json\/wp\/v2\/posts\/4471","targetHints":{"allow":["GET"]}}],"collection":[{"href":"https:\/\/news-fm.ro\/index.php\/wp-json\/wp\/v2\/posts"}],"about":[{"href":"https:\/\/news-fm.ro\/index.php\/wp-json\/wp\/v2\/types\/post"}],"author":[{"embeddable":true,"href":"https:\/\/news-fm.ro\/index.php\/wp-json\/wp\/v2\/users\/1"}],"replies":[{"embeddable":true,"href":"https:\/\/news-fm.ro\/index.php\/wp-json\/wp\/v2\/comments?post=4471"}],"version-history":[{"count":0,"href":"https:\/\/news-fm.ro\/index.php\/wp-json\/wp\/v2\/posts\/4471\/revisions"}],"wp:featuredmedia":[{"embeddable":true,"href":"https:\/\/news-fm.ro\/index.php\/wp-json\/wp\/v2\/media\/4472"}],"wp:attachment":[{"href":"https:\/\/news-fm.ro\/index.php\/wp-json\/wp\/v2\/media?parent=4471"}],"wp:term":[{"taxonomy":"category","embeddable":true,"href":"https:\/\/news-fm.ro\/index.php\/wp-json\/wp\/v2\/categories?post=4471"},{"taxonomy":"post_tag","embeddable":true,"href":"https:\/\/news-fm.ro\/index.php\/wp-json\/wp\/v2\/tags?post=4471"}],"curies":[{"name":"wp","href":"https:\/\/api.w.org\/{rel}","templated":true}]}}