{"id":4459,"date":"2022-08-12T23:00:05","date_gmt":"2022-08-12T23:00:05","guid":{"rendered":"http:\/\/news-fm.ro\/index.php\/2022\/08\/12\/james-arthur-concerteaza-la-bucuresti-pe-16-august-consulta-programul-si-regulile-de-acces\/"},"modified":"2022-08-12T23:00:05","modified_gmt":"2022-08-12T23:00:05","slug":"james-arthur-concerteaza-la-bucuresti-pe-16-august-consulta-programul-si-regulile-de-acces","status":"publish","type":"post","link":"https:\/\/news-fm.ro\/index.php\/2022\/08\/12\/james-arthur-concerteaza-la-bucuresti-pe-16-august-consulta-programul-si-regulile-de-acces\/","title":{"rendered":"James Arthur concerteaz\u0103 la Bucure\u0219ti pe 16 august; Consult\u0103 programul \u0219i regulile de acces"},"content":{"rendered":"<p>James Arthur a ajuns \u00een topurile a zeci de \u021b\u0103ri, iar p\u00e2n\u0103 \u00een momentul de fa\u021b\u0103, albumele sale i-au adus 4 Discuri de Platin\u0103 \u0219i 4 Discuri de Aur, dar \u0219i un clip cu peste un miliard de vizualiz\u0103ri pe YouTube. Pe 16 august, artistul va concerta la Arenele Romane, show-ul s\u0103u urm\u00e2nd s\u0103 \u00eenceap\u0103 la ora 21:00.<\/p>\n<p>  Programul concertului James Arthur: <\/p>\n<ul>\n<li>OPEN DOORS &#8211; 18:00<\/li>\n<li>Red Roll &#8211; 19:00 &#8211; 19:30<\/li>\n<li>Black Magic Trees &#8211; 20:00 &#8211; 20:30<\/li>\n<li>JAMES ARTHUR &#8211; 21:00 -&#8230;<\/li>\n<\/ul>\n<p> Reguli de acces la concertul lui James Arthur <\/p>\n<p>Accesul \u00een incinta Arenelor Romane se face \u00eencep\u00e2nd cu ora 18:00, iar concertele \u00eencep la ora 19:00. Dup\u0103 deschiderea por\u021bilor, pute\u021bi sosi la orice or\u0103 doriti pentru a va vedea trupele favorite. Concertul are loc \u00een aer liber.<\/p>\n<p>Pentru toate categoriile de bilete, accesul se face pe la por\u021bile de jos din parc ale Arenelor Romane. La intrarea in perimetrul evenimentului, toti participan\u021bii vor fi perchezi\u021biona\u021bi de agen\u021bii de securitate.<\/p>\n<p> Este interzis accesul cu: <\/p>\n<ul>\n<li>sticle, conserve;<\/li>\n<li>m\u00e2ncare sau b\u0103uturi de orice fel;<\/li>\n<li>artificii, arme, obiecte periculoase;<\/li>\n<li>obiecte cu laser (ex. pointere, brichete cu laser);<\/li>\n<li>umbrele (v\u0103 rug\u0103m \u00een caz c\u0103 se anun\u021b\u0103 ploaie s\u0103 veni\u021bi cu pelerine);<\/li>\n<li>aparate foto\/video profesionale sau semi-profesionale (cu obiectiv deta\u0219abil);<\/li>\n<li>aparate de \u00eenregistrare audio-video profesionale sau semi-profesionale;<\/li>\n<li>animale de companie;<\/li>\n<li>persoanele cu probleme de ordin medical trebuie s\u0103 aib\u0103 asupra lor dovezi clare pentru a putea intra la concert cu medicamentele necesare.<\/li>\n<\/ul>\n<p>Organizatorii NU vor stoca \u0219i NU vor p\u0103zi obiectele prezentate \u00een lista de mai sus pe durata evenimentului.<\/p>\n<p>Organizatorii informeaz\u0103 publicul participant c\u0103 spectacolele includ lumini puternice ce pot afecta persoanele epileptice.<\/p>\n<p>  Categorii de bilete \u0219i br\u0103\u021b\u0103ri: <\/p>\n<p>Accesul \u00een spa\u021biul de eveniment va fi permis unei singure persoane pe baza biletului valid, o singur\u0103 dat\u0103. Biletul \u00een baza c\u0103ruia se va face accesul va trebui p\u0103strat pe toat\u0103 durata concertului.<\/p>\n<p>P\u0103r\u0103sirea perimetrului de concert, dup\u0103 validarea biletului de acces, va fi strict interzis\u0103. Persoanele care doresc s\u0103 p\u0103r\u0103seasc\u0103 zona de eveniment o pot face, dar la ie\u0219ire br\u0103\u021bara le va fi rupt\u0103 \u0219i dac\u0103 doresc s\u0103 intre din nou, vor trebui s\u0103-\u0219i cumpere alte bilete.<\/p>\n<p>Posesorii de bilete la categoriile &#8216;Premium&#8217; \u0219i &#8216;Teren&#8217;, vor primi br\u0103\u021b\u0103ri care le va permite accesul \u00een zona \u00een care au bilete. Br\u0103\u021b\u0103rile trebuie p\u0103strate la m\u00e2n\u0103, exact a\u0219a cum au fost puse, pe toat\u0103 durata concertului. Br\u0103\u021b\u0103rile nu sunt transmisibile \u0219i nu trebuie deteriorate pe \u00eentreaga perioada a evenimentului. Posesorii de bilete la categoria Acces General nu vor primi br\u0103\u021bara la acces.<\/p>\n<ul>\n<li>Categoria &#8216;Premium&#8217; &#8211; Cu loc \u00een sectoarele K si E. Vor primi br\u0103\u021b\u0103ri care le va permite accesul \u00een zona \u00een care \u0219i-au cump\u0103rat bilet precum \u0219i \u00een zonele Teren \u0219i Acces General<\/li>\n<li>Categoria &#8216;Teren&#8217; &#8211; F\u0103r\u0103 loc, \u00een fa\u021ba scenei. Vor primi br\u0103\u021b\u0103ri care le va permite accesul \u00een zona \u00een care \u0219i-au cump\u0103rat bilet, precum \u0219i \u00een zona Acces General. Nu vor avea acces \u00een zona &#8216;Premium&#8217;<\/li>\n<li>Categoria &#8216;Acces General&#8217; cu loc \u00een Aren\u0103, mai pu\u021bin sectoarele K \u0219i E \u0219i f\u0103r\u0103 loc \u00een spatele categoriei Teren. Nu vor primi br\u0103\u021b\u0103ri. Nu vor avea acces \u00een zona Premium \u0219i Teren.<\/li>\n<\/ul>\n<p> Bilete la concertul lui James Arthur de la Arenele <a class=\"echo_read_more\" href=\"https:\/\/www.infomusic.ro\/2022\/08\/james-arthur-concert-bucuresti-16-august-program-reguli-acces\/\" target=\"_blank\" rel=\"noopener\">\u00a0\u00bb\u00a0Cite\u0219te continuarea pe pagina autorului<\/a><\/p>\n","protected":false},"excerpt":{"rendered":"<p>James Arthur a ajuns \u00een topurile a zeci de \u021b\u0103ri, iar p\u00e2n\u0103 \u00een momentul de fa\u021b\u0103, albumele sale i-au adus 4 Discuri de Platin\u0103 \u0219i 4 Discuri de Aur, dar \u0219i un clip cu peste un miliard de vizualiz\u0103ri pe YouTube. Pe 16 august, artistul va concerta la Arenele Romane, show-ul s\u0103u urm\u00e2nd s\u0103 \u00eenceap\u0103 [&hellip;]<\/p>\n","protected":false},"author":1,"featured_media":4460,"comment_status":"open","ping_status":"open","sticky":false,"template":"","format":"standard","meta":{"_crdt_document":"","footnotes":""},"categories":[4],"tags":[],"class_list":["post-4459","post","type-post","status-publish","format-standard","has-post-thumbnail","hentry","category-noutati"],"_links":{"self":[{"href":"https:\/\/news-fm.ro\/index.php\/wp-json\/wp\/v2\/posts\/4459","targetHints":{"allow":["GET"]}}],"collection":[{"href":"https:\/\/news-fm.ro\/index.php\/wp-json\/wp\/v2\/posts"}],"about":[{"href":"https:\/\/news-fm.ro\/index.php\/wp-json\/wp\/v2\/types\/post"}],"author":[{"embeddable":true,"href":"https:\/\/news-fm.ro\/index.php\/wp-json\/wp\/v2\/users\/1"}],"replies":[{"embeddable":true,"href":"https:\/\/news-fm.ro\/index.php\/wp-json\/wp\/v2\/comments?post=4459"}],"version-history":[{"count":0,"href":"https:\/\/news-fm.ro\/index.php\/wp-json\/wp\/v2\/posts\/4459\/revisions"}],"wp:featuredmedia":[{"embeddable":true,"href":"https:\/\/news-fm.ro\/index.php\/wp-json\/wp\/v2\/media\/4460"}],"wp:attachment":[{"href":"https:\/\/news-fm.ro\/index.php\/wp-json\/wp\/v2\/media?parent=4459"}],"wp:term":[{"taxonomy":"category","embeddable":true,"href":"https:\/\/news-fm.ro\/index.php\/wp-json\/wp\/v2\/categories?post=4459"},{"taxonomy":"post_tag","embeddable":true,"href":"https:\/\/news-fm.ro\/index.php\/wp-json\/wp\/v2\/tags?post=4459"}],"curies":[{"name":"wp","href":"https:\/\/api.w.org\/{rel}","templated":true}]}}