{"id":4453,"date":"2022-08-10T22:00:20","date_gmt":"2022-08-10T22:00:20","guid":{"rendered":"http:\/\/news-fm.ro\/index.php\/2022\/08\/10\/asculta-peste-noapte-noua-piesa-lansata-de-ana-coman-audio\/"},"modified":"2022-08-10T22:00:20","modified_gmt":"2022-08-10T22:00:20","slug":"asculta-peste-noapte-noua-piesa-lansata-de-ana-coman-audio","status":"publish","type":"post","link":"https:\/\/news-fm.ro\/index.php\/2022\/08\/10\/asculta-peste-noapte-noua-piesa-lansata-de-ana-coman-audio\/","title":{"rendered":"Ascult\u0103 &#8220;Peste noapte&#8221;, noua pies\u0103 lansat\u0103 de Ana Coman &#8211; AUDIO"},"content":{"rendered":"<p>&#8220;Avem pies\u0103\u0103\u0103\u0103\u0103\u0103\u0103\u0103\u0103\u0103\u0103. Mul\u021bumesc b\u0103ie\u021bilor mei Daniel Olteanu \u0219i Dan Minel Stoica, la fel ca de obicei, dar \u0219i lui Matei Puscaru care s-a b\u0103gat la bas pe bucata asta.&#8221; &#8211; Ana Coman<\/p>\n<p>&#8220;Peste noapte&#8221; este \u00eenregistrat\u0103 la Inspirat Studio \u0219i produs\u0103, mixat\u0103 \u0219i masterizat\u0103 de Daniel Olteanu. Noul single va beneficia \u0219i de un concert de lansare, programat s\u0103 aib\u0103 loc ast\u0103zi, 10 august, \u00een Quantic. Accesul este gratuit pentru copiii cu v\u00e2rsta sub 7 ani. G\u0103si\u021bi mai multe detalii \u00een <a href=\"https:\/\/www.infomusic.ro\/agenda\/ana-coman-concert-quantic-august-2022\/\">Agenda InfoMusic<\/a>.<\/p>\n<p> AUDIO: Ana Coman &#8211; &#8220;Peste noapte&#8221; <\/p>\n<p>Ana a \u00eenceput s\u0103 c\u00e2nte \u00een cadrul rubricii radio, &#8220;Ana are c\u00e2ntec&#8221;, de la Radio Guerrilla, care a prins notorietate de-a lungul timpului. La \u00eenceput au fost cover-uri, dar u\u0219or-u\u0219or s-a ambi\u021bionat \u0219i a \u00eenceput s\u0103-\u0219i compun\u0103 propriile piese. Dup\u0103 prima pies\u0103 lansat\u0103 oficial, &#8220;Real Life&#8221;, produs\u0103 de Alexei \u021aurcan (Travka) au urmat c\u00e2teva concerte \u00een Expirat, particip\u0103ri la Sofar Ia\u0219i &#038; Bucure\u0219ti, \u0219i o ascensiune destul de mare.<\/p>\n<p>Din momentul lans\u0103rii celui de-al doilea single, &#8220;The Hunt&#8221;, i-a cooptat pe Dan Minel Stoica (Jurjak \/ NoruNegru \/ Tourette Roulette) \u0219i Daniel Olteanu (Jurjak), \u00eencheg\u00e2nd un proiect serios. \u00cen luna mai a lansat al treilea single, &#8220;Run&#8221;, produs de Daniel Olteanu, colegul de trup\u0103. Au urmat concerte la Expirat, Control \u0219i la festivalurile Femei pe M\u0103t\u0103sari, Rocanotherworld, Electric Castle \u0219i Focus \u00een The Park.<\/p>\n<p>RECOMANDARE:\u00a0<a href=\"https:\/\/www.infomusic.ro\/interviu\/ana-coman-cred-ca-momentul-in-care-am-inceput-sa-compun-a-fost-acelasi-in-care-am-inceput-sa-simt-totul-mai-intens\/\" rel=\"bookmark\" title=\"Ana Coman: \">Ana Coman: &#8220;Cred c\u0103 momentul \u00een care am \u00eenceput s\u0103 compun a fost acela\u0219i \u00een care am \u00eenceput s\u0103 simt totul mai intens&#8221;<\/a><\/p>\n<p>\u00cen martie 2020, Ana a lansat albumul de debut, &#8220;9 Missed Calls&#8221;.\u00a0Materialul este o \u00eempletire melodramatic\u0103 a nou\u0103 momente distincte, aduse laolalt\u0103 de numitorul lor comun: c\u0103utarea fericirii. Dorin\u021be, nevoi, regrete, acceptare, sexualitate \u0219i iubire, toate se reg\u0103sesc \u00een cele nou\u0103 piese care alc\u0103tuiesc albumul de debut semnat Ana Coman. Materialul pune vulnerabilit\u0103\u021bile pe mas\u0103, f\u0103r\u0103 nicio fric\u0103. Ridic\u0103 \u00een sl\u0103vi nop\u021bile albe, d\u0103 cu ra\u021biunea de p\u0103m\u00e2nt \u0219i recunoa\u0219te c\u0103, uneori, poate fi prea mult.<\/p>\n<p> <a class=\"echo_read_more\" href=\"https:\/\/www.infomusic.ro\/2022\/08\/peste-noapte-ana-coman-audio\/\" target=\"_blank\" rel=\"noopener\">\u00a0\u00bb\u00a0Cite\u0219te continuarea pe pagina autorului<\/a><\/p>\n","protected":false},"excerpt":{"rendered":"<p>&#8220;Avem pies\u0103\u0103\u0103\u0103\u0103\u0103\u0103\u0103\u0103\u0103\u0103. Mul\u021bumesc b\u0103ie\u021bilor mei Daniel Olteanu \u0219i Dan Minel Stoica, la fel ca de obicei, dar \u0219i lui Matei Puscaru care s-a b\u0103gat la bas pe bucata asta.&#8221; &#8211; Ana Coman &#8220;Peste noapte&#8221; este \u00eenregistrat\u0103 la Inspirat Studio \u0219i produs\u0103, mixat\u0103 \u0219i masterizat\u0103 de Daniel Olteanu. Noul single va beneficia \u0219i de un concert [&hellip;]<\/p>\n","protected":false},"author":1,"featured_media":4454,"comment_status":"open","ping_status":"open","sticky":false,"template":"","format":"standard","meta":{"_crdt_document":"","footnotes":""},"categories":[4],"tags":[],"class_list":["post-4453","post","type-post","status-publish","format-standard","has-post-thumbnail","hentry","category-noutati"],"_links":{"self":[{"href":"https:\/\/news-fm.ro\/index.php\/wp-json\/wp\/v2\/posts\/4453","targetHints":{"allow":["GET"]}}],"collection":[{"href":"https:\/\/news-fm.ro\/index.php\/wp-json\/wp\/v2\/posts"}],"about":[{"href":"https:\/\/news-fm.ro\/index.php\/wp-json\/wp\/v2\/types\/post"}],"author":[{"embeddable":true,"href":"https:\/\/news-fm.ro\/index.php\/wp-json\/wp\/v2\/users\/1"}],"replies":[{"embeddable":true,"href":"https:\/\/news-fm.ro\/index.php\/wp-json\/wp\/v2\/comments?post=4453"}],"version-history":[{"count":0,"href":"https:\/\/news-fm.ro\/index.php\/wp-json\/wp\/v2\/posts\/4453\/revisions"}],"wp:featuredmedia":[{"embeddable":true,"href":"https:\/\/news-fm.ro\/index.php\/wp-json\/wp\/v2\/media\/4454"}],"wp:attachment":[{"href":"https:\/\/news-fm.ro\/index.php\/wp-json\/wp\/v2\/media?parent=4453"}],"wp:term":[{"taxonomy":"category","embeddable":true,"href":"https:\/\/news-fm.ro\/index.php\/wp-json\/wp\/v2\/categories?post=4453"},{"taxonomy":"post_tag","embeddable":true,"href":"https:\/\/news-fm.ro\/index.php\/wp-json\/wp\/v2\/tags?post=4453"}],"curies":[{"name":"wp","href":"https:\/\/api.w.org\/{rel}","templated":true}]}}