{"id":4441,"date":"2022-08-09T03:59:01","date_gmt":"2022-08-09T03:59:01","guid":{"rendered":"https:\/\/news-fm.ro\/index.php\/2022\/08\/09\/stand-up-revolution-a-fost-castigat-de-un-concurent-din-echipa-lui-vio\/"},"modified":"2022-08-09T03:59:01","modified_gmt":"2022-08-09T03:59:01","slug":"stand-up-revolution-a-fost-castigat-de-un-concurent-din-echipa-lui-vio","status":"publish","type":"post","link":"https:\/\/news-fm.ro\/index.php\/2022\/08\/09\/stand-up-revolution-a-fost-castigat-de-un-concurent-din-echipa-lui-vio\/","title":{"rendered":"Stand-Up Revolution a fost c\u00e2\u0219tigat de un concurent din echipa lui Vio"},"content":{"rendered":"<p>C\u00e2\u0219tig\u0103torul primului sezon Stand-Up Revolution este Sergiu Miric\u0103. T\u00e2n\u0103rul comediant a primit trofeul competi\u021biei \u0219i premiul de 20.000 de euro. Sergiu a concurat \u00een final\u0103 cu Hannah Becker, Alexandru Banciu, Paul Szabo \u0219i Sa\u0219a Ciobanu, din echipa lui Costel, Alexandru Dobrot\u0103 \u0219i Hector Ayala, din echipa lui Dan Badea, Dan \u021au\u021bu, singurul concurent al lui Teo, \u0219i Tavi Per\u021bea \u0219i Claudiu Popa, colegii, dar \u0219i competitorii s\u0103i, \u00een acela\u0219i timp, din echipa lui Vio. Invitatul special al galei a fost Alexandru Minculescu, cel care a venit cu o supradoz\u0103 de umor, prelungind suspansul a\u0219tept\u0103rii rezultatului votului.<\/p>\n<p>  Despre ce a fost num\u0103rul de stand-up al lui Sergiu Miric\u0103 din finala Stand-Up Revolution <\/p>\n<p>\u00cen finala de pe 7 august, Sergiu Miric\u0103 a preg\u0103tit un num\u0103r de 9 minute, pe care l-a \u00eenceput cu c\u00e2teva glume legate de ziua de team building, petrecut\u0103 al\u0103turi de Vio \u0219i colegii de echip\u0103, Tavi Per\u021bea \u0219i Claudiu Popa. Cei patru au fost \u00eempreun\u0103 la karting, Miric\u0103 compar\u00e2nd aceast\u0103 activitate cu traficul de zi cu zi din Bucure\u0219ti. Comediantul a reluat apoi seria de povestiri din via\u021ba sa de chiria\u0219 cu venituri reduse, incluz\u00e2nd \u00een num\u0103rul s\u0103u dest\u0103inuiri legate de rela\u021biile sale, dar \u0219i despre o experien\u021b\u0103 nepl\u0103cut\u0103, care l-a determinat s\u0103 se mute din apartamentul \u00een care locuia. Jura\u021bii au apreciat momentul, spun\u00e2ndu-i c\u0103 are deja un stil al s\u0103u \u0219i c\u0103 prezen\u021ba lui scenic\u0103 este, de asemenea, un atu.<\/p>\n<p> VIDEO: Num\u0103rul lui Sergiu Miric\u0103 din finala Stand-Up Revolution <\/p>\n<p>&#8220;Ce bucurie mi-a\u021bi f\u0103cut! Cine v-a zis c\u0103 asta \u00eemi doresc?!&#8221;, a declarat entuziasmat Sergiu Miric\u0103, la momentul \u00eenm\u00e2n\u0103rii trofeului Stand-Up Revolution.<\/p>\n<p>M\u00e2ndru c\u0103 primul c\u00e2\u0219tig\u0103tor Stand-Up Revolution a fost din echipa sa, Vio a completat: <em>&#8220;Speram s\u0103 fie bine, dar ce s-a \u00eent\u00e2mplat parc\u0103 a fost ca prin vis.&#8221;<\/em><\/p>\n<p> VIDEO: Dezv\u0103luirea c\u00e2\u0219tig\u0103torului Stand-Up Revolution <\/p>\n<p> <a class=\"echo_read_more\" href=\"https:\/\/www.infomusic.ro\/2022\/08\/stand-up-revolution-castigator-concurent-vio\/\" target=\"_blank\" rel=\"noopener\">\u00a0\u00bb\u00a0Cite\u0219te continuarea pe pagina autorului<\/a><\/p>\n","protected":false},"excerpt":{"rendered":"<p>C\u00e2\u0219tig\u0103torul primului sezon Stand-Up Revolution este Sergiu Miric\u0103. T\u00e2n\u0103rul comediant a primit trofeul competi\u021biei \u0219i premiul de 20.000 de euro. Sergiu a concurat \u00een final\u0103 cu Hannah Becker, Alexandru Banciu, Paul Szabo \u0219i Sa\u0219a Ciobanu, din echipa lui Costel, Alexandru Dobrot\u0103 \u0219i Hector Ayala, din echipa lui Dan Badea, Dan \u021au\u021bu, singurul concurent al lui [&hellip;]<\/p>\n","protected":false},"author":1,"featured_media":4442,"comment_status":"open","ping_status":"open","sticky":false,"template":"","format":"standard","meta":{"_crdt_document":"","footnotes":""},"categories":[4],"tags":[],"class_list":["post-4441","post","type-post","status-publish","format-standard","has-post-thumbnail","hentry","category-noutati"],"_links":{"self":[{"href":"https:\/\/news-fm.ro\/index.php\/wp-json\/wp\/v2\/posts\/4441","targetHints":{"allow":["GET"]}}],"collection":[{"href":"https:\/\/news-fm.ro\/index.php\/wp-json\/wp\/v2\/posts"}],"about":[{"href":"https:\/\/news-fm.ro\/index.php\/wp-json\/wp\/v2\/types\/post"}],"author":[{"embeddable":true,"href":"https:\/\/news-fm.ro\/index.php\/wp-json\/wp\/v2\/users\/1"}],"replies":[{"embeddable":true,"href":"https:\/\/news-fm.ro\/index.php\/wp-json\/wp\/v2\/comments?post=4441"}],"version-history":[{"count":0,"href":"https:\/\/news-fm.ro\/index.php\/wp-json\/wp\/v2\/posts\/4441\/revisions"}],"wp:featuredmedia":[{"embeddable":true,"href":"https:\/\/news-fm.ro\/index.php\/wp-json\/wp\/v2\/media\/4442"}],"wp:attachment":[{"href":"https:\/\/news-fm.ro\/index.php\/wp-json\/wp\/v2\/media?parent=4441"}],"wp:term":[{"taxonomy":"category","embeddable":true,"href":"https:\/\/news-fm.ro\/index.php\/wp-json\/wp\/v2\/categories?post=4441"},{"taxonomy":"post_tag","embeddable":true,"href":"https:\/\/news-fm.ro\/index.php\/wp-json\/wp\/v2\/tags?post=4441"}],"curies":[{"name":"wp","href":"https:\/\/api.w.org\/{rel}","templated":true}]}}