{"id":4327,"date":"2022-07-14T18:59:25","date_gmt":"2022-07-14T18:59:25","guid":{"rendered":"http:\/\/news-fm.ro\/index.php\/2022\/07\/14\/programul-pe-zile-si-scene-la-untold-2022\/"},"modified":"2022-07-14T18:59:25","modified_gmt":"2022-07-14T18:59:25","slug":"programul-pe-zile-si-scene-la-untold-2022","status":"publish","type":"post","link":"https:\/\/news-fm.ro\/index.php\/2022\/07\/14\/programul-pe-zile-si-scene-la-untold-2022\/","title":{"rendered":"Programul pe zile \u0219i scene la UNTOLD 2022"},"content":{"rendered":"<p>A crescut ascult\u00e2nd Metallica \u0219i Nirvana, iar pasiunea pentru reggaeton a ap\u0103rut dup\u0103 ce l-a descoperit pe Daddy Yankee. La v\u00e2rsta de 19 ani, \u00eempreun\u0103 cu bunul s\u0103u prieten, David Rivera Mazo, J Balvin a \u00eenceput s\u0103 c\u00e2nte pe str\u0103zile din Medellin, iar \u00een 2009 a semnat primul contract cu EMI Columbia, cu care a lansat single-ul \u201cElla Me Cautivo\u201d. A fost momentul \u00een care J Balvin a devenit vizibil, iar din acest punct a avut un parcurs incredibil interna\u021bional.<\/p>\n<p>&#8220;Ay Vamos&#8221; este piesa care i-a adus primul premiu Latin Grammy la categoria Best Urban Song, clipul oficial al piesei fiind desemnat cel mai urm\u0103rit videoclip al unui artist latino din toate timpurile, cu peste 1,8 miliarde de vizualiz\u0103ri. Anul 2015 i-a adus patru premii la cele mai importante categorii \u00een cadrul Premios Lo Nuestro \u0219i trei trofee Billboard Latin Music Awards. Artistul a avut colabor\u0103ri importante de-a lungul carierei lui, Cardi B, Dua Lipa, Black Eyed Peas, Ed Sheeran, Rosalia \u0219i mul\u021bi mul\u021bi al\u021bii.<\/p>\n<p> J Balvin, un artist care a promovat cultura latino la nivel interna\u021bional <\/p>\n<p>J Balvin a fost primul artist latino care a primit Discul de Diamant pentru v\u00e2nz\u0103ri record. \u00cen 2017, artistul din Medellin a lansat unul dintre cele mai mari succese din istoria reggaeton-ului; single-ul &#8220;Mi Gente&#8221; a fost No 1 \u00een chart-ul Spotify Global, clip-ul oficial al piesei a dep\u0103\u0219it 3 miliarde de vizualiz\u0103ri pe platforma YouTube.<\/p>\n<\/p>\n<p>Un an mai t\u00e2rziu, \u00een 2018, J Balvin a lansat al\u0103turi de Cardi B \u0219i Bad Bunny single-ul &#8220;I Like It&#8221;, cu care a ajuns pe locul 1 \u00een mai multe \u021b\u0103ri ale lumii, inclusiv \u00een clasamentul oficial al Statelor Unite, Billboard Hot 100.<\/p>\n<p>Gigantul Spotify a declarat c\u0103 piesa este un alt mare succes al columbianului J Balvin, av\u00e2nd peste 1,3 miliarde de stream-uri. Este unul dintre arti\u0219tii care a reu\u0219it s\u0103 transforme genul reggaeton \u00eentr-un fenomen mainstream cu fiecare material discografic lansat. \u0218i albumul &#8220;Vibras&#8221; a fost cel mai ascultat album latino din toate timpurile, \u00een primele 24 de ore \u00eenregistra un num\u0103r de 16,6 milioane de stream-uri \u0219i debuta direct pe locul 1 \u00een U.S. Top Latin Albums Chart.<\/p>\n<p> &#8220;The Boy From Medellin&#8221;, documentarul despre J Balvin <\/p>\n<p><em>&#8220;It\u2019s Not About the Language, It\u2019s About the Vibes!&#8221;<\/em>, aceasta este declara\u021bia f\u0103cut\u0103 de artistul columbian a c\u0103rui muzic\u0103 este ascultat\u0103 \u0219i de cei care nu-i vorbesc limba. Crede \u00een muzica lui, este recunosc\u0103tor pentru lucrurile simple din via\u021b\u0103, iar acest lucru l-a f\u0103cut public \u00een documentarul \u201eThe Boy from Medell\u00edn\u201d.<\/p>\n<p>J Balvin este un artist care are un respect deosebit pentru comunitatea latino din care provine, \u00een anul 2015 \u0219i-a anulat concertul din cadul finalei Miss USA ca form\u0103 de protest \u00eempotriva declara\u021biilor rasiste la adresa imigran\u021bilor, f\u0103cute de pre\u0219edintele Statelor Unite de la aceea vreme, Donald Trump. Acest gest i-a atras simpatia \u00eentregii lumi.<\/p>\n<p>Publica\u021bia Rolling Stone a numit albumul &#8220;Oasis&#8221;, lansat \u00een 2019, \u00een colaborare cu Bad Bunny, &#8220;Best Latin Albums of 2019&#8221;, materialul discografic fiind nominalizat \u00een 2020 la premiile Grammy la categoriile Best Latin Rock, Best Urban \u0219i Best Alternative Album.<\/p>\n<p>&#8220;B\u0103iatul din Medellin&#8221; cu 34 de tatuaje este implicat \u0219i \u00een campania de lupt\u0103 \u00eempotriva violen\u021bei asupra femeilor, lupt\u0103 pentru cauza imigran\u021bilor \u0219i este considerat artistul cu cea mai important\u0103 contribu\u021bie \u00een promovarea muzicii latino, fiind supranumit &#8220;The Prince of Mo<\/p>\n<p> <a class=\"echo_read_more\" href=\"https:\/\/www.infomusic.ro\/2022\/07\/program-pe-zile-scene-untold-2022\/\" target=\"_blank\" rel=\"noopener\">\u00a0\u00bb\u00a0Cite\u0219te continuarea pe pagina autorului<\/a><\/p>\n","protected":false},"excerpt":{"rendered":"<p>A crescut ascult\u00e2nd Metallica \u0219i Nirvana, iar pasiunea pentru reggaeton a ap\u0103rut dup\u0103 ce l-a descoperit pe Daddy Yankee. La v\u00e2rsta de 19 ani, \u00eempreun\u0103 cu bunul s\u0103u prieten, David Rivera Mazo, J Balvin a \u00eenceput s\u0103 c\u00e2nte pe str\u0103zile din Medellin, iar \u00een 2009 a semnat primul contract cu EMI Columbia, cu care a [&hellip;]<\/p>\n","protected":false},"author":1,"featured_media":4328,"comment_status":"open","ping_status":"open","sticky":false,"template":"","format":"standard","meta":{"_crdt_document":"","footnotes":""},"categories":[4],"tags":[],"class_list":["post-4327","post","type-post","status-publish","format-standard","has-post-thumbnail","hentry","category-noutati"],"_links":{"self":[{"href":"https:\/\/news-fm.ro\/index.php\/wp-json\/wp\/v2\/posts\/4327","targetHints":{"allow":["GET"]}}],"collection":[{"href":"https:\/\/news-fm.ro\/index.php\/wp-json\/wp\/v2\/posts"}],"about":[{"href":"https:\/\/news-fm.ro\/index.php\/wp-json\/wp\/v2\/types\/post"}],"author":[{"embeddable":true,"href":"https:\/\/news-fm.ro\/index.php\/wp-json\/wp\/v2\/users\/1"}],"replies":[{"embeddable":true,"href":"https:\/\/news-fm.ro\/index.php\/wp-json\/wp\/v2\/comments?post=4327"}],"version-history":[{"count":0,"href":"https:\/\/news-fm.ro\/index.php\/wp-json\/wp\/v2\/posts\/4327\/revisions"}],"wp:featuredmedia":[{"embeddable":true,"href":"https:\/\/news-fm.ro\/index.php\/wp-json\/wp\/v2\/media\/4328"}],"wp:attachment":[{"href":"https:\/\/news-fm.ro\/index.php\/wp-json\/wp\/v2\/media?parent=4327"}],"wp:term":[{"taxonomy":"category","embeddable":true,"href":"https:\/\/news-fm.ro\/index.php\/wp-json\/wp\/v2\/categories?post=4327"},{"taxonomy":"post_tag","embeddable":true,"href":"https:\/\/news-fm.ro\/index.php\/wp-json\/wp\/v2\/tags?post=4327"}],"curies":[{"name":"wp","href":"https:\/\/api.w.org\/{rel}","templated":true}]}}