{"id":4325,"date":"2022-07-14T18:59:26","date_gmt":"2022-07-14T18:59:26","guid":{"rendered":"http:\/\/news-fm.ro\/index.php\/2022\/07\/14\/expozitii-si-activitati-alternative-la-artmania-festival-2022\/"},"modified":"2022-07-14T18:59:26","modified_gmt":"2022-07-14T18:59:26","slug":"expozitii-si-activitati-alternative-la-artmania-festival-2022","status":"publish","type":"post","link":"https:\/\/news-fm.ro\/index.php\/2022\/07\/14\/expozitii-si-activitati-alternative-la-artmania-festival-2022\/","title":{"rendered":"Expozi\u021bii \u0219i activit\u0103\u021bi alternative la ARTmania Festival 2022"},"content":{"rendered":"<p>C\u0103r\u021bi, de vineri p\u00e2n\u0103 duminic\u0103, \u00eentre 13:00 \u0219i 17:00 (Colaborare cu Biblioteca Jude\u021bean\u0103 ASTRA Sibiu \u00een zona de scen\u0103-lounge Rockwatch, cu acces gratuit \u00een baza br\u0103\u021b\u0103rii de festival) <\/p>\n<p>Pe durata celor trei zile de festival, tinerii participan\u021bi vor avea acces gratuit, \u00een baza br\u0103\u021b\u0103rii de festival, la o serie de activit\u0103\u021bi g\u0103zduite de Biblioteca ASTRA:<\/p>\n<ul>\n<li>Sesiuni de lectur\u0103 pentru copii \u00een scena-lounge Rockwatch din Pia\u021ba Mare\n<ul>\n<li>Sesiunile de lectur\u0103 pentru cei mici vor fi desf\u0103\u0219urate de membri ai echipei bibliotecii publice sibiene \u0219i sunt dedicate copiilor cu v\u00e2rste \u00eentre 4-12 ani.<\/li>\n<\/ul>\n<\/li>\n<li>Activit\u0103\u021bi creative desf\u0103\u0219urate pentru copii\n<ul>\n<li>Participan\u021bii la festival sunt a\u0219tepta\u021bi la atelierele de desenat, colorat \u0219i de confec\u021bionat decora\u021biuni din h\u00e2rtie desf\u0103\u0219urate sub \u00eendrumarea bibliotecarilor arti\u0219ti \u0219i a voluntarilor.<\/li>\n<\/ul>\n<\/li>\n<li>Col\u021b de lectur\u0103 \u0219i de relaxare pentru festivalieri mici \u0219i mari la scena-lounge Rockwatch din Pia\u021ba Mare\n<ul>\n<li>Festivalierii mari \u0219i mici care apreciaz\u0103 c\u0103r\u021bile \u0219i doresc s\u0103 se relaxeze p\u00e2n\u0103 la \u00eenceperea concertelor de pe scena mare sunt invita\u021bi la \u201ecol\u021bul de lectur\u0103\u201d pentru a alege din oferta de carte pus\u0103 la dispozi\u021bia participan\u021bilor de Biblioteca ASTRA \u0219i a lectura titlurile alese \u00een spa\u021biul special amenajat.<\/li>\n<\/ul>\n<\/li>\n<\/ul>\n<p> Filme, s\u00e2mb\u0103t\u0103 \u0219i duminic\u0103, \u00eentre 10:00 \u2013 17:00 (Oferite de Biblioteca Jude\u021bean\u0103 ASTRA \u2013 acces gratuit \u00een baza br\u0103\u021b\u0103rii de festival) <\/p>\n<p>Cinefilii vor putea viziona \u00een fiecare zi de festival o serie de filme atent selectate. Acestea vor fi proiectate \u00een Sala multimedia a Muzeului Brukenthal, \u00eentre orele 10:00 \u2013 17:00, unde ARTmaniacii vor avea acces gratuit \u00een baza br\u0103\u021b\u0103rii de festival, \u00een limita locurilor disponibile.<\/p>\n<p> Iubitorii de lucr\u0103ri cinematografice vor avea ocazia s\u0103 urm\u0103reasc\u0103: <\/p>\n<p>S\u00e2mb\u0103t\u0103, 23 iulie:<\/p>\n<ul>\n<li>12:20 \u2013 &#8220;De ce eu?&#8221; &#8211; bazat pe fapte reale, filmul spune povestea lui Cristian (Emilian Oprea), un t\u00e2n\u0103r procuror idealist care \u00eencearc\u0103 s\u0103 rezolve un complicat caz de corup\u021bie \u00een tumultuosul context social-politic din Rom\u00e2nia anilor 2000.<\/li>\n<li>14:40 \u2013 &#8220;Undeva la Palilula&#8221;- filmul urm\u0103re\u0219te periplul \u0219i peripe\u021biile proasp\u0103tului doctor Serafim care prime\u0219te o reparti\u021bie la Palilula, un or\u0103\u0219el fantom\u0103, pierdut \u00een mijlocul c\u00e2mpiei valahe<\/li>\n<\/ul>\n<p>Duminic\u0103, 24 iulie:<\/p>\n<ul>\n<li>10:00 &#8211; &#8220;Kagemusha&#8221; \u2013 \u00een regia lui Akira Kurosawa \u00ee\u015fi poart\u0103 spectatorii \u00een &#8220;Kagemusha&#8221; prin istoria medieval\u0103 a Japoniei v\u0103zut\u0103 dintr-un punct de vedere personal, pun\u00e2nd accentul pe luptele interminabile pentru suprema\u0163ie \u00eentre lorzi care au m\u0103cinat puterea statului.<\/li>\n<li>13:10 &#8211; &#8220;Capote&#8221; \u2013 este o dram\u0103 biografic\u0103 ce ilustreaz\u0103 \u00eent\u00e2mpl\u0103rile reale din care autorul s-a inspirat \u00een scrierea romanului \u201eCu s\u00e2nge rece&#8221;<\/li>\n<li>15:30 &#8211; &#8220;Bacalaureat&#8221; \u2013 cunoscut \u00een perioada de preg\u0103tire sub numele de \u201eFotografii de familie&#8221;, spune povestea unui doctor dintr-un mic ora\u0219 de provincie care trebuie s\u0103 decid\u0103 care e cea mai bun\u0103 cale de urmat pentru copilul lui \u00een contextul societ\u0103\u021bii rom\u00e2ne\u0219ti de ast\u0103zi.<\/li>\n<\/ul>\n<p>Proiec\u021biile de filme au loc \u00een Sala multimedia din Casa Albastr\u0103 a Muzeului Brukenthal: Pia\u021ba Mare nr. 5, Sibiu.<\/p>\n<p>  Expozi\u021bie de art\u0103 pentru studen\u021bi \u2013 vineri p\u00e2n\u0103 duminic\u0103, \u00eentre 9:00 \u2013 17:00 (Colaborare cu Muzeul Na\u021bional Brukenthal, cu acces pentru studen\u021bi \u00een baza br\u0103\u021b\u0103rii de festival) <\/p>\n<p>Studen\u021bii care particip\u0103 la ARTmania au acces gratuit, \u00een baza br\u0103\u021b\u0103rii, la expozi\u021bia &#8220;Goya \u0219i Dali, Blestemul R\u0103zboiului&#8221;.<\/p>\n<ul>\n<li>Expozi\u021bia prezint\u0103, \u00een premier\u0103 la Sibiu, o serie de gravuri realizate de artistul spaniol Francisco Goya. Gravurile lui Goya suscit\u0103 interesul cunosc\u0103torilor, dar \u0219i al celor care le v\u0103d pentru prima dat\u0103, at\u00e2t prin valoare artistic\u0103, calit\u0103\u021bile tehnice, dar \u0219i prin mesajul moral transmis, cel mai cunoscut fiind \u201cSomnul ra\u021biunii na\u0219te mon\u0219tri\u201d.<\/li>\n<\/ul>\n<p> <a class=\"echo_read_more\" href=\"https:\/\/www.infomusic.ro\/2022\/07\/activitati-artmania-festival-2022\/\" target=\"_blank\" rel=\"noopener\">\u00a0\u00bb\u00a0Cite\u0219te continuarea pe pagina autorului<\/a><\/p>\n","protected":false},"excerpt":{"rendered":"<p>C\u0103r\u021bi, de vineri p\u00e2n\u0103 duminic\u0103, \u00eentre 13:00 \u0219i 17:00 (Colaborare cu Biblioteca Jude\u021bean\u0103 ASTRA Sibiu \u00een zona de scen\u0103-lounge Rockwatch, cu acces gratuit \u00een baza br\u0103\u021b\u0103rii de festival) Pe durata celor trei zile de festival, tinerii participan\u021bi vor avea acces gratuit, \u00een baza br\u0103\u021b\u0103rii de festival, la o serie de activit\u0103\u021bi g\u0103zduite de Biblioteca ASTRA: [&hellip;]<\/p>\n","protected":false},"author":1,"featured_media":4326,"comment_status":"open","ping_status":"open","sticky":false,"template":"","format":"standard","meta":{"_crdt_document":"","footnotes":""},"categories":[4],"tags":[],"class_list":["post-4325","post","type-post","status-publish","format-standard","has-post-thumbnail","hentry","category-noutati"],"_links":{"self":[{"href":"https:\/\/news-fm.ro\/index.php\/wp-json\/wp\/v2\/posts\/4325","targetHints":{"allow":["GET"]}}],"collection":[{"href":"https:\/\/news-fm.ro\/index.php\/wp-json\/wp\/v2\/posts"}],"about":[{"href":"https:\/\/news-fm.ro\/index.php\/wp-json\/wp\/v2\/types\/post"}],"author":[{"embeddable":true,"href":"https:\/\/news-fm.ro\/index.php\/wp-json\/wp\/v2\/users\/1"}],"replies":[{"embeddable":true,"href":"https:\/\/news-fm.ro\/index.php\/wp-json\/wp\/v2\/comments?post=4325"}],"version-history":[{"count":0,"href":"https:\/\/news-fm.ro\/index.php\/wp-json\/wp\/v2\/posts\/4325\/revisions"}],"wp:featuredmedia":[{"embeddable":true,"href":"https:\/\/news-fm.ro\/index.php\/wp-json\/wp\/v2\/media\/4326"}],"wp:attachment":[{"href":"https:\/\/news-fm.ro\/index.php\/wp-json\/wp\/v2\/media?parent=4325"}],"wp:term":[{"taxonomy":"category","embeddable":true,"href":"https:\/\/news-fm.ro\/index.php\/wp-json\/wp\/v2\/categories?post=4325"},{"taxonomy":"post_tag","embeddable":true,"href":"https:\/\/news-fm.ro\/index.php\/wp-json\/wp\/v2\/tags?post=4325"}],"curies":[{"name":"wp","href":"https:\/\/api.w.org\/{rel}","templated":true}]}}