{"id":4319,"date":"2022-07-13T18:00:15","date_gmt":"2022-07-13T18:00:15","guid":{"rendered":"http:\/\/news-fm.ro\/index.php\/2022\/07\/13\/program-si-reguli-de-acces-pentru-concertele-trupei-il-volo-de-la-bucuresti-si-cluj-napoca\/"},"modified":"2022-07-13T18:00:15","modified_gmt":"2022-07-13T18:00:15","slug":"program-si-reguli-de-acces-pentru-concertele-trupei-il-volo-de-la-bucuresti-si-cluj-napoca","status":"publish","type":"post","link":"https:\/\/news-fm.ro\/index.php\/2022\/07\/13\/program-si-reguli-de-acces-pentru-concertele-trupei-il-volo-de-la-bucuresti-si-cluj-napoca\/","title":{"rendered":"Program \u0219i reguli de acces pentru concertele trupei Il Volo de la Bucure\u0219ti \u0219i Cluj-Napoca"},"content":{"rendered":"<p>Pe scena S\u0103lii Palatului din Bucure\u0219ti, trupa Il Volo va concerta al\u0103turi de Orchestra Metropolitan\u0103 Bucure\u0219ti condus\u0103 de dirijorul \u0219i orchestratorul Daniel Jinga, iar la reprezenta\u021bia de la BT Arena, acompaniamentul muzical va fi asigurat de instrumenti\u0219tii New Hope Orchestra, sub bagheta dirijorului Flaviu Mogo\u0219an.<\/p>\n<p>Timp de dou\u0103 ore, spectatorii vor fi purta\u021bi \u00eentr-o c\u0103l\u0103torie cople\u0219itoare \u00een arta marelui compozitor italian Ennio Morricone pres\u0103rat\u0103 cu cele mai apreciate melodii din repertoriul grupului Il Volo sau compozi\u021bii muzicale universale, precum &#8220;Nessun Dorma&#8221;, &#8220;All by myself&#8221;, &#8220;My Way&#8221;, &#8220;Delilah&#8221;, &#8220;Un amore cosi grande&#8221;, &#8220;La donna e mobile&#8221;, &#8220;Caruso&#8221;, sau &#8220;Volare&#8221;. Muzica de film inconfundabil\u0103 a unuia dintre cei mai mari compozitori \u0219i dirijori ai secolului XX, Ennio Morricone, melodiile de succes sau ariile de oper\u0103 care au f\u0103cut \u00eenconjurul lumii \u0219i au scris pagini importante \u00een istoria muzicii clasice \u0219i moderne vor fi apreciate de spectatorii care au ales s\u0103 ia parte la unul dintre cele mai reu\u0219ite concerte din sezonul estival.<\/p>\n<p>Din dorin\u021ba de a le oferi spectatorilor o experien\u021b\u0103 c\u00e2t mai pl\u0103cut\u0103, organizatorii concertelor vin \u00een \u00eent\u00e2mpinarea participan\u021bilor cu informa\u021bii despre programul evenimentului, precum \u0219i cu o serie de reguli de acces.<\/p>\n<p> Programul concertelor Il Volo de la Bucure\u0219ti \u0219i Cluj-Napoca: <\/p>\n<p>Concertele de la Bucure\u0219ti \u0219i Cluj-Napoca vor \u00eencepe la ora specificat\u0103 pe biletul de acces, respectiv ora 20:00.<\/p>\n<p>Accesul \u00een sala de spectacol se va face \u00eencep\u00e2nd cu ora 19:00, prin urmare, organizatorii le recomand\u0103 participan\u021bilor s\u0103 vin\u0103 mai devreme pentru ca accesul s\u0103 se desf\u0103\u0219oare \u00een condi\u021bii optime \u0219i pentru a evita aglomerarea zonelor de acces.<\/p>\n<p>  Accesul la concertele Il Volo de la Bucure\u0219ti \u0219i Cluj-Napoca: <\/p>\n<p>Accesul la concert este permis doar pe baza biletului valid, unei singure persoane, o singur\u0103 dat\u0103. Biletul trebuie p\u0103strat pe toat\u0103 durata concertului. To\u021bi spectatorii sunt ruga\u021bi s\u0103 p\u0103streze permanent biletele asupra lor. Dup\u0103 ce s-a f\u0103cut accesul, dac\u0103 p\u0103r\u0103sesc incinta s\u0103lii de spectacol, spectatorii nu vor mai putea reveni la concert dec\u00e2t dac\u0103 \u00ee\u0219i achizi\u021bioneaz\u0103 din nou bilet.<\/p>\n<p>Av\u00e2nd \u00een vedere cre\u0219terea num\u0103rului de cazuri de \u00eemboln\u0103viri cu virusul Sars-Cov2 raportate \u00een ultimele zile, se recomand\u0103 purtarea m\u0103\u0219tii de protec\u021bie pe toat\u0103 durata concertului.<\/p>\n<p>Pentru siguran\u0163a publicului \u015fi pentru buna desf\u0103\u015furare a evenimentului, la momentul accesului \u00een loca\u021bie participan\u0163ii sunt, de asemenea, ruga\u0163i s\u0103 se supun\u0103 controlului corporal am\u0103nun\u0163it la cererea agen\u0163ilor de securitate.<\/p>\n<p>\u00cen zona de concert nu este permis accesul cu: <\/p>\n<ul>\n<li>b\u0103uturi \u015fi produse alimentare cump\u0103rate din afara perimetrului loca\u0163iei, sticle (inclusiv sticle de parfum de orice cantitate, orice alte sticle sau deodorante), bidoane de plastic, cutii de b\u0103utur\u0103, conserve, artificii, bannere sus\u0163inute de be\u0163e, spray-uri, lasere, scaune, arme, obiecte contondente, lan\u0163uri, umbrele, animale de companie, rucsacuri, c\u0103\u015fti de motociclist, bagaje voluminoase mai mari dec\u00e2t o c<\/li>\n<\/ul>\n<p> <a class=\"echo_read_more\" href=\"https:\/\/www.infomusic.ro\/2022\/07\/program-reguli-de-acces-concerte-il-volo-bucuresti-cluj-napoca\/\" target=\"_blank\" rel=\"noopener\">\u00a0\u00bb\u00a0Cite\u0219te continuarea pe pagina autorului<\/a><\/p>\n","protected":false},"excerpt":{"rendered":"<p>Pe scena S\u0103lii Palatului din Bucure\u0219ti, trupa Il Volo va concerta al\u0103turi de Orchestra Metropolitan\u0103 Bucure\u0219ti condus\u0103 de dirijorul \u0219i orchestratorul Daniel Jinga, iar la reprezenta\u021bia de la BT Arena, acompaniamentul muzical va fi asigurat de instrumenti\u0219tii New Hope Orchestra, sub bagheta dirijorului Flaviu Mogo\u0219an. Timp de dou\u0103 ore, spectatorii vor fi purta\u021bi \u00eentr-o c\u0103l\u0103torie [&hellip;]<\/p>\n","protected":false},"author":1,"featured_media":4320,"comment_status":"open","ping_status":"open","sticky":false,"template":"","format":"standard","meta":{"_crdt_document":"","footnotes":""},"categories":[4],"tags":[],"class_list":["post-4319","post","type-post","status-publish","format-standard","has-post-thumbnail","hentry","category-noutati"],"_links":{"self":[{"href":"https:\/\/news-fm.ro\/index.php\/wp-json\/wp\/v2\/posts\/4319","targetHints":{"allow":["GET"]}}],"collection":[{"href":"https:\/\/news-fm.ro\/index.php\/wp-json\/wp\/v2\/posts"}],"about":[{"href":"https:\/\/news-fm.ro\/index.php\/wp-json\/wp\/v2\/types\/post"}],"author":[{"embeddable":true,"href":"https:\/\/news-fm.ro\/index.php\/wp-json\/wp\/v2\/users\/1"}],"replies":[{"embeddable":true,"href":"https:\/\/news-fm.ro\/index.php\/wp-json\/wp\/v2\/comments?post=4319"}],"version-history":[{"count":0,"href":"https:\/\/news-fm.ro\/index.php\/wp-json\/wp\/v2\/posts\/4319\/revisions"}],"wp:featuredmedia":[{"embeddable":true,"href":"https:\/\/news-fm.ro\/index.php\/wp-json\/wp\/v2\/media\/4320"}],"wp:attachment":[{"href":"https:\/\/news-fm.ro\/index.php\/wp-json\/wp\/v2\/media?parent=4319"}],"wp:term":[{"taxonomy":"category","embeddable":true,"href":"https:\/\/news-fm.ro\/index.php\/wp-json\/wp\/v2\/categories?post=4319"},{"taxonomy":"post_tag","embeddable":true,"href":"https:\/\/news-fm.ro\/index.php\/wp-json\/wp\/v2\/tags?post=4319"}],"curies":[{"name":"wp","href":"https:\/\/api.w.org\/{rel}","templated":true}]}}