{"id":4315,"date":"2022-07-13T10:00:14","date_gmt":"2022-07-13T10:00:14","guid":{"rendered":"https:\/\/news-fm.ro\/index.php\/2022\/07\/13\/splash-vedete-la-apa-revine-la-antena-1-cu-un-nou-sezon-si-noi-jurati\/"},"modified":"2022-07-13T10:00:14","modified_gmt":"2022-07-13T10:00:14","slug":"splash-vedete-la-apa-revine-la-antena-1-cu-un-nou-sezon-si-noi-jurati","status":"publish","type":"post","link":"https:\/\/news-fm.ro\/index.php\/2022\/07\/13\/splash-vedete-la-apa-revine-la-antena-1-cu-un-nou-sezon-si-noi-jurati\/","title":{"rendered":"&#8220;Splash! Vedete la ap\u0103&#8221; revine la Antena 1 cu un nou sezon \u0219i noi jura\u021bi"},"content":{"rendered":"<p>Iulia Albu, Clara Gherase, Nea M\u0103rin \u015fi Natanticu sunt jura\u0163ii care vor nota atent presta\u0163iile concuren\u0163ilor la &#8220;Splash! Vedete la ap\u0103&#8221;. Ei vor lua \u00een considerare curajul \u0219i evolu\u021bia \u00een concurs, dar vor \u021bine cont \u0219i de impresia artistic\u0103 \u0219i de partea tehnic\u0103 a s\u0103riturilor, iar fiecare va acorda o singur\u0103 not\u0103 pentru fiecare concurent. De partea cealalt\u0103, concuren\u021bii vor parcurge antrenamente istovitoare al\u0103turi de instructori, pentru a-\u0219i face curaj s\u0103 sar\u0103 de pe platformele cu \u00een\u0103l\u021bimi de 3, 5, 7 sau chiar \u0219i 10 metri ale bazinului olimpic de la Bac\u0103u.<\/p>\n<p>  Iulia Albu: &#8220;Splash e despre a-\u021bi asuma un lucru pe care n-ai crezut niciodat\u0103 c\u0103 po\u021bi s\u0103-l faci&#8221; <\/p>\n<p>&#8220;Anul acesta vreau s\u0103 v\u0103d show \u00een toate formele lui, eu asta voi nota: spectacolul! Nu vreau s\u0103 v\u0103d oameni care renunt\u0103. Splash e despre a-\u021bi asuma un lucru pe care n-ai crezut niciodat\u0103 c\u0103 po\u021bi s\u0103-l faci, despre a descoperi omul din fiecare dintre noi, fie c\u0103 vorbim despre o vedet\u0103 cu foarte mare\u00a0 notorietate, fie c\u0103 vorbim despre cineva absolut obi\u0219nuit de pe strad\u0103. Rolul acestui show este acela de a inspira oamenii s\u0103-\u0219i dep\u0103\u0219easc\u0103 mereu limitele \u0219i s\u0103 \u00eei distreze. Pentru c\u0103 vorbim totu\u0219i de un show de divertisment&#8221;, a declarat Iulia Albu, cea care va acorda \u00een fiecare edi\u0163ie nota secret\u0103 a juriului.<\/p>\n<p>\u015ei \u00een acest sezon, scaunul specialistului este ocupat de c\u0103tre antrenoarea Clara Gherase.<\/p>\n<p> Clara Gherase: &#8220;Mi-a\u0219 dori s\u0103 v\u0103d multe s\u0103rituri spectaculoase&#8221; <\/p>\n<p>&#8220;\u00cencep noul sezon cu a\u0219tept\u0103ri rezonabile, zic eu, pentru c\u0103 este un sport destul de dificil, iar timpul pentru antrenament este scurt, a\u0219a c\u0103 nu le putem cere concuren\u021bilor minuni. Mi-a\u0219 dori s\u0103 v\u0103d multe s\u0103rituri spectaculoase, dar ei nu sunt sportivi de performan\u021b\u0103, a\u0219a c\u0103 trebuie s\u0103 fiu \u00een\u021beleg\u0103toare \u00een aceste circumstan\u021be. Ca jurat voi fi, \u00eens\u0103, foarte atent\u0103 la partea tehnic\u0103 \u2013 desprinderea din platform\u0103, \u021binuta \u00een aer, aterizarea \u00een ap\u0103 c\u00e2t mai corect\u0103, c\u00e2t mai frumoas\u0103.&#8221;<\/p>\n<p> Nea M\u0103rin: &#8220;M\u0103 a\u0219tept la concuren\u021bi \u0219i mai ambi\u021bio\u0219i&#8221; <\/p>\n<p>&#8220;Sezonul acesta a\u0219 vrea \u0219i mai mult\u0103 performan\u021b\u0103. M\u0103 a\u0219tept la concuren\u021bi \u0219i mai ambi\u021bio\u0219i. Asta voi \u0219i nota \u00een juriu: performan\u021ba. Desigur, nu pot fi eu cel mai aspru din juriu, pentru c\u0103 nu sunt de specialitate. Pentru asta avem o specialist\u0103 \u00een juriu, Clara, care va nota s\u0103riturile exact cum a\u0219 nota eu coregrafia. \u00cens\u0103, voi fi foarte atent la fiecare concurent \u0219i \u00eei vreau c\u00e2t mai bine preg\u0103ti\u021bi. Pentru c\u0103 eu vin preg\u0103tit! Sfatul meu pentru concuren\u021bi este s\u0103 se preg\u0103teasc\u0103 foarte bine \u0219i s\u0103 nu ia lucrurile \u00een glum\u0103. S\u0103 fie foarte serio\u0219i&#8221;, a declarat Nea M\u0103rin.<\/p>\n<p>Cosmin Natanticu este noul jurat al emsiunii &#8220;Splash! Vedete la ap\u0103&#8221;, edi\u021bia 2022.<\/p>\n<p> Cosmin Natanticu: &#8220;Mi-a\u0219 dori ca \u00een acest sezon s\u0103 v\u0103d mai mult curaj \u0219i concuren\u021bi care evolueaz\u0103&#8221; <\/p>\n<p>&#8220;Eu voi puncta curajul \u2013 \u0219i c\u00e2nd spun asta, m\u0103 refer inclusiv la cei care nu vor s\u0103ri. Doar faptul c\u0103 vin p\u00e2n\u0103 la Bac\u0103u \u0219i \u00eencearc\u0103, va conta pen<\/p>\n<p> <a class=\"echo_read_more\" href=\"https:\/\/www.infomusic.ro\/2022\/07\/splash-vedete-la-apa-antena-1-nou-sezon-noi-jurati\/\" target=\"_blank\" rel=\"noopener\">\u00a0\u00bb\u00a0Cite\u0219te continuarea pe pagina autorului<\/a><\/p>\n","protected":false},"excerpt":{"rendered":"<p>Iulia Albu, Clara Gherase, Nea M\u0103rin \u015fi Natanticu sunt jura\u0163ii care vor nota atent presta\u0163iile concuren\u0163ilor la &#8220;Splash! Vedete la ap\u0103&#8221;. Ei vor lua \u00een considerare curajul \u0219i evolu\u021bia \u00een concurs, dar vor \u021bine cont \u0219i de impresia artistic\u0103 \u0219i de partea tehnic\u0103 a s\u0103riturilor, iar fiecare va acorda o singur\u0103 not\u0103 pentru fiecare concurent. [&hellip;]<\/p>\n","protected":false},"author":1,"featured_media":4316,"comment_status":"open","ping_status":"open","sticky":false,"template":"","format":"standard","meta":{"_crdt_document":"","footnotes":""},"categories":[4],"tags":[],"class_list":["post-4315","post","type-post","status-publish","format-standard","has-post-thumbnail","hentry","category-noutati"],"_links":{"self":[{"href":"https:\/\/news-fm.ro\/index.php\/wp-json\/wp\/v2\/posts\/4315","targetHints":{"allow":["GET"]}}],"collection":[{"href":"https:\/\/news-fm.ro\/index.php\/wp-json\/wp\/v2\/posts"}],"about":[{"href":"https:\/\/news-fm.ro\/index.php\/wp-json\/wp\/v2\/types\/post"}],"author":[{"embeddable":true,"href":"https:\/\/news-fm.ro\/index.php\/wp-json\/wp\/v2\/users\/1"}],"replies":[{"embeddable":true,"href":"https:\/\/news-fm.ro\/index.php\/wp-json\/wp\/v2\/comments?post=4315"}],"version-history":[{"count":0,"href":"https:\/\/news-fm.ro\/index.php\/wp-json\/wp\/v2\/posts\/4315\/revisions"}],"wp:featuredmedia":[{"embeddable":true,"href":"https:\/\/news-fm.ro\/index.php\/wp-json\/wp\/v2\/media\/4316"}],"wp:attachment":[{"href":"https:\/\/news-fm.ro\/index.php\/wp-json\/wp\/v2\/media?parent=4315"}],"wp:term":[{"taxonomy":"category","embeddable":true,"href":"https:\/\/news-fm.ro\/index.php\/wp-json\/wp\/v2\/categories?post=4315"},{"taxonomy":"post_tag","embeddable":true,"href":"https:\/\/news-fm.ro\/index.php\/wp-json\/wp\/v2\/tags?post=4315"}],"curies":[{"name":"wp","href":"https:\/\/api.w.org\/{rel}","templated":true}]}}