{"id":4311,"date":"2022-07-13T02:00:12","date_gmt":"2022-07-13T02:00:12","guid":{"rendered":"http:\/\/news-fm.ro\/index.php\/2022\/07\/13\/placebo-si-a-amanat-concertul-din-romania-de-pe-13-iulie\/"},"modified":"2022-07-13T02:00:12","modified_gmt":"2022-07-13T02:00:12","slug":"placebo-si-a-amanat-concertul-din-romania-de-pe-13-iulie","status":"publish","type":"post","link":"https:\/\/news-fm.ro\/index.php\/2022\/07\/13\/placebo-si-a-amanat-concertul-din-romania-de-pe-13-iulie\/","title":{"rendered":"Placebo \u015fi-a am\u00e2nat concertul din Rom\u00e2nia de pe 13 iulie"},"content":{"rendered":"<p><a href=\"https:\/\/www.infomusic.ro\/stiri\/muzica\/concerte-turnee\/\">Concerte &#038; turnee<\/a>   <\/p>\n<p>O veste proast\u0103 vine azi pentru fanii trupei Placebo, cu 24 de ore \u00eenaintea concertului: evenimentul a fost anulat, sau mai bine zis am\u00e2nat. Trupa a fost nevoit\u0103 s\u0103 \u00ee\u015fi anuleze c\u00e2teva concerte din cauza cazurilor de Covid-19 din trup\u0103 \u015fi staff. Avem detalii mai jos.<\/p>\n<p><img loading=\"lazy\" decoding=\"async\" alt=\"\" height=\"46\" loading=\"lazy\" src=\"https:\/\/secure.gravatar.com\/avatar\/ee005f72e5991809a79a3166fc02dae9?s=46&#038;d=blank&#038;r=g\"  width=\"46\"\/> <\/p>\n<p>Publicat<\/p>\n<p>acum 6 ore<\/p>\n<p>pe<\/p>\n<p>12\/07\/2022<\/p>\n<p><img fetchpriority=\"high\" decoding=\"async\" alt=\"Placebo - Running Up That Hill (Cover Kate Bush) | Rock am Ring 2022\" height=\"667\" src=\"https:\/\/static.infomusic.ro\/media\/2022\/06\/videoclip-placebo-running-up-that-hill-cover-1000x667.jpg\" width=\"1000\"\/><\/p>\n<p> Placebo &#8211; Running Up That Hill (Cover Kate Bush) | Rock am Ring 2022 \u2502 FOTO: Captur\u0103 YouTube <\/p>\n<p>\u00centr-o postare pe Instagram, trupa a dezv\u0103luit c\u0103 nu va mai putea s\u0103 onoreze apari\u0163iile din Bucure\u015fti, pe 13 iulie 2022 \u015fi de la Skopje Calling \u00een Macedonia pe 16 iulie. Grupul ar fi trebuit s\u0103 c\u00e2nte la Romexpo, av\u00e2ndu-i pe cei de la Red Roll \u015fi Black Magic Trees \u00een deschidere. Ar fi fost o ocazie excelenta s\u0103 auzim live pentru prima dat\u0103 \u00een \u0163ara noastr\u0103 piesele de pe noul album <a href=\"https:\/\/www.infomusic.ro\/2022\/03\/placebo-revine-dupa-9-ani-cu-albumul-never-let-me-go\/\">&#8220;Never Let Me Go&#8221;<\/a>, lansat \u00een prim\u0103vara lui 2022, dup\u0103 9 ani de pauz\u0103.<\/p>\n<p>Iat\u0103 mesajul transmis de trup\u0103 cu privire la aceast\u0103 anulare:<\/p>\n<p>Suntem frustra\u0163i \u015fi dezamagitit c\u0103 nu vom putea c\u00e2nta la acele show-uri care sunt importante pentru noi, a\u015fa cum sunt \u015fi pentru voi. Ne cerem scuze cu toat\u0103 sinceritatea pentru inconvenient \u015fi dezam\u0103gire. Facem tot posibilul s\u0103 reprogram\u0103m \u015fi v\u0103 rug\u0103m s\u0103 verifica\u0163i ce spun organizatorii despre anun\u0163uri ulterioare.<\/p>\n<p>Placebo a fost cap de afi\u015f \u00een ultima vreme datorit\u0103 rela\u0163iei sale speciale cu piesa &#8220;Running Up the Hill&#8221; a lui Kate Bush. Aceasta domin\u0103 topurile muzicale de 2 luni, de c\u00e2nd a ap\u0103rut \u00een serialul &#8220;Stranger Things&#8221;, iar Placebo are unul dintre cele mai apreciate coveruri ale piesei. S-a auzit live la Bucure\u015fti la miezul nop\u0163ii la Summer Well 2014, c\u00e2ntat\u0103 \u00eentr-un mod magic \u015fi care a emo\u0163ionat publicul prezent. Forma\u0163ia a mai fost \u00een Rom\u00e2nia \u00een 2006, la Aenele Romane, \u00een 2009, la Romexpo, \u00een 2012 la stadionul de rugby Iolanda Bala\u015f S\u00f6ter, \u00een 2014 la Summer Well \u015fi \u00een 2017 la Arenele Romane.<\/p>\n<p><a href=\"https:\/\/www.infomusic.ro\/recenzie-concert\/placebo-la-arenele-romane-doua-decenii-de-muzica-caruselul-emotiilor\/\">Ultima dat\u0103 c\u00e2nd l-am v\u0103zut pe Brian Molko la Arene<\/a>, venea cu un mesaj puternic anti Trump la final de concert \u015fi a avut un moment lung de improviza\u0163ie la clape. Ultimele albume Placebo au dezv\u0103luit o latur\u0103 mistic\u0103 a arti\u015ftilor, ezoteric\u0103, mesaje ecologiste \u015fi de acceptare a sinelui \u015fi a celor din jur. Trupa Placebo se apropie de 30 de ani de existen\u0163\u0103, pe care \u00eei \u00eempline\u015fte \u00een 2024, iar componen\u0163a sa actual\u0103 este Brian Molko, la chitar\u0103, voce, versifica\u0163ie, mixaj \u015fi Stefan Olsdal, la bas \u015fi chitar\u00e2.<\/p>\n<p>Tobo\u015farii se tot schimb\u00e2 \u00een ultimi ani, dar cei care au stat cel mai mult \u00een grup sunt Steve Hewitt \u015fi Steve Forrest.<\/p>\n<p> Reprogramare concert <\/p>\n<p>Legat de <a href=\"https:\/\/www.infomusic.ro\/2022\/07\/concert-placebo-romexpo-2022-program-reguli-acces\/\">anularea concertului,<\/a> am \u00een\u0163eles c\u0103 acesta ar fi fost am\u00e2nat de fapt \u015fi s-ar reprograma dup\u0103 jum\u0103tatea lui august 2022.<\/p>\n<p>      \u00ce\u021bi recomand\u0103m aceste videoclipuri        <\/p>\n<p><img decoding=\"async\" alt=\"INFOMUSIC\" height=\"150\" src=\"https:\/\/static.infomusic.ro\/logo-slogan.svg\" width=\"150\"\/><\/p>\n<p>                <a href=\"https:\/\/www.infomusic.ro\/stiri\/muzica\/concerte-turnee\/\">Concerte &#038; turnee<\/a>   <\/p>\n<p>Trupa britanic\u0103 Placebo revine la Bucure\u0219ti pe 13 iulie 2022 la Romexpo, \u00een aer liber. \u00cen deschidere vor c\u00e2nta Black Magic Trees \u0219i Red Roll, dou\u0103 trupe din Italia. G\u0103se\u0219ti \u00een articol detalii despre program, reguli de acces \u0219i alte informa\u021bii utile.<\/p>\n<p><img loading=\"lazy\" decoding=\"async\" alt=\"\" height=\"46\" loading=\"lazy\" src=\"https:\/\/secure.gravatar.com\/avatar\/9d38d050002cce547922c9679f820ed9?s=46&#038;d=blank&#038;r=g\"  width=\"46\"\/> <\/p>\n<p>Publicat<\/p>\n<p>acum 2 s\u0103pt\u0103m\u00e2ni<\/p>\n<p>pe<\/p>\n<p>01\/07\/2022 <\/p>\n<p><img loading=\"lazy\" decoding=\"async\" alt=\"\" height=\"533\" loading=\"lazy\"  src=\"https:\/\/static.infomusic.ro\/media\/2017\/06\/placebo-concert-2017-8867-800x533.jpg\"  width=\"800\"\/> <\/p>\n<p> Concert Placebo la Arenele Romane din Bucuresti pe 28 iunie 2017 \u2502 FOTO: Alex Vlad Covaci \/ InfoMusic.ro <\/p>\n<p>Concertul are loc \u00een Parcarea C de la Romexpo.\u00a0<\/p>\n<p> <a class=\"echo_read_more\" href=\"https:\/\/www.infomusic.ro\/2022\/07\/placebo-si-a-amanat-concertul-din-romania-de-pe-13-iulie\/\" target=\"_blank\" rel=\"noopener\">\u00a0\u00bb\u00a0Cite\u0219te continuarea pe pagina autorului<\/a><\/p>\n","protected":false},"excerpt":{"rendered":"<p>Concerte &#038; turnee O veste proast\u0103 vine azi pentru fanii trupei Placebo, cu 24 de ore \u00eenaintea concertului: evenimentul a fost anulat, sau mai bine zis am\u00e2nat. Trupa a fost nevoit\u0103 s\u0103 \u00ee\u015fi anuleze c\u00e2teva concerte din cauza cazurilor de Covid-19 din trup\u0103 \u015fi staff. Avem detalii mai jos. Publicat acum 6 ore pe 12\/07\/2022 [&hellip;]<\/p>\n","protected":false},"author":1,"featured_media":4312,"comment_status":"open","ping_status":"open","sticky":false,"template":"","format":"standard","meta":{"_crdt_document":"","footnotes":""},"categories":[4],"tags":[],"class_list":["post-4311","post","type-post","status-publish","format-standard","has-post-thumbnail","hentry","category-noutati"],"_links":{"self":[{"href":"https:\/\/news-fm.ro\/index.php\/wp-json\/wp\/v2\/posts\/4311","targetHints":{"allow":["GET"]}}],"collection":[{"href":"https:\/\/news-fm.ro\/index.php\/wp-json\/wp\/v2\/posts"}],"about":[{"href":"https:\/\/news-fm.ro\/index.php\/wp-json\/wp\/v2\/types\/post"}],"author":[{"embeddable":true,"href":"https:\/\/news-fm.ro\/index.php\/wp-json\/wp\/v2\/users\/1"}],"replies":[{"embeddable":true,"href":"https:\/\/news-fm.ro\/index.php\/wp-json\/wp\/v2\/comments?post=4311"}],"version-history":[{"count":0,"href":"https:\/\/news-fm.ro\/index.php\/wp-json\/wp\/v2\/posts\/4311\/revisions"}],"wp:featuredmedia":[{"embeddable":true,"href":"https:\/\/news-fm.ro\/index.php\/wp-json\/wp\/v2\/media\/4312"}],"wp:attachment":[{"href":"https:\/\/news-fm.ro\/index.php\/wp-json\/wp\/v2\/media?parent=4311"}],"wp:term":[{"taxonomy":"category","embeddable":true,"href":"https:\/\/news-fm.ro\/index.php\/wp-json\/wp\/v2\/categories?post=4311"},{"taxonomy":"post_tag","embeddable":true,"href":"https:\/\/news-fm.ro\/index.php\/wp-json\/wp\/v2\/tags?post=4311"}],"curies":[{"name":"wp","href":"https:\/\/api.w.org\/{rel}","templated":true}]}}