{"id":4307,"date":"2022-07-12T18:00:19","date_gmt":"2022-07-12T18:00:19","guid":{"rendered":"http:\/\/news-fm.ro\/index.php\/2022\/07\/12\/laura-bretan-concerteaza-la-teatrul-odeon\/"},"modified":"2022-07-12T18:00:19","modified_gmt":"2022-07-12T18:00:19","slug":"laura-bretan-concerteaza-la-teatrul-odeon","status":"publish","type":"post","link":"https:\/\/news-fm.ro\/index.php\/2022\/07\/12\/laura-bretan-concerteaza-la-teatrul-odeon\/","title":{"rendered":"Laura Bretan concerteaz\u0103 la Teatrul Odeon"},"content":{"rendered":"<p>Laura Bretan este o c\u00e2nt\u0103rea\u021b\u0103 american\u0103 de origine rom\u00e2n\u0103 remarcat\u0103 pe plan na\u021bional \u0219i interna\u021bional datorit\u0103 vocii sale \u0219i a puterii de transmisie artistic\u0103. Laura a urcat pe scene din multe \u021b\u0103ri precum Statele Unite, Italia, Spania, Canada, Anglia, Emiratele Arabe Unite, Vatican, iar \u00een Rom\u00e2nia pe scenele de la Sala Palatului, Ateneul Rom\u00e2n, Opera din Cluj, Teatrul Na\u021bional &#8220;Vasile Alecsandri&#8221; din Ia\u0219i etc. Performan\u021bele sale live au devenit virale, fiind urm\u0103rite de zeci de milioane de oameni de pe tot globul.<\/p>\n<p>Pe 14 iulie, Laura Bretan va concerta pe scena S\u0103lii Majestic a Teatrului Odeon, acompaniat\u0103 la pian de Giora Linenberg. Recitalul Laurei\u00a0 va include arii din opere, piese celebre crossover, dar \u0219i compozi\u021bii proprii ale artistei.<\/p>\n<p> \u00a0Bilete la concertul Laurei Bretan de la Odeon: <\/p>\n<ul>\n<li>Pre\u021b bilete: cat I150 lei, cat II 100 lei<\/li>\n<li>Biletele se g\u0103sesc la casa de bilete a Teatrului Odeon \u0219i online pe bilete.teatrul-odeon.ro.<\/li>\n<\/ul>\n<p> Evolu\u021bia Laurei Bretan <\/p>\n<p>La doar 13 ani, Laura a fost invitat\u0103 \u0219i intervievat\u0103 la posturi importante de televiziune \u0219i a fost prezentat\u0103 \u00een articole din publica\u021bii celebre, precum revista People, dup\u0103 extraordinara performan\u021b\u0103 de a ajunge \u00een finala show-ului de televiziune &#8220;America&#8217;s Got Talent&#8221;. \u00cen acela\u0219i an, \u00een 2016, Laura a c\u00e2\u0219tigat \u0219i &#8220;Rom\u00e2nii au talent&#8221;.<\/p>\n<p>Laura a c\u00e2ntat \u00eempreun\u0103 cu Matteo Bocelli, fiul lui Andrea Bocelli, cu Victor Micallef, membru al celebrului grup canadian &#8220;The Tenors&#8221;, cu Steven Tyler (solistul vocal al forma\u021biei Aerosmith), dar \u0219i cu Toto Cutugno, Ricchi e Poveri \u0219i cel mai recent \u00een duet cu Michael Bolton, cu Il Volo \u0219i cu marele tenor Jos\u00e9 Carreras.<\/p>\n<p>Laura Bretan a ap\u0103rut \u00een filmul &#8220;Aria pentru Albrights&#8221; unde a jucat rolul principal al Annei. Filmul a avut premiera la Festivalul de Film de la Louisiana 2017.<\/p>\n<p>\u00cen februarie 2019, Laura Bretan a fost finalist\u0103 la Selec\u021bia Na\u021bional\u0103 a concursului Eurovision, cu melodia Dear Father, pe muzica realizat\u0103 de Mihai Alexandru \u0219i versurile Alexei Niculae. Rezultatele finale au pus-o pe mezina concursului de atunci, la doar 16 ani, pe pozi\u021bia a doua, av\u00e2nd cel mai mare punctaj primit din partea rom\u00e2nilor la televot (de 10 ori mai multe voturi dec\u00e2t c\u00e2\u0219tigatoarea finalei).<\/p>\n<p>Pe l\u00e2ng\u0103 muzic\u0103, Laura \u00ee\u0219i dedic\u0103 o parte din timp activit\u0103<\/p>\n<p> <a class=\"echo_read_more\" href=\"https:\/\/www.infomusic.ro\/2022\/07\/laura-bretan-concert-teatrul-odeon\/\" target=\"_blank\" rel=\"noopener\">\u00a0\u00bb\u00a0Cite\u0219te continuarea pe pagina autorului<\/a><\/p>\n","protected":false},"excerpt":{"rendered":"<p>Laura Bretan este o c\u00e2nt\u0103rea\u021b\u0103 american\u0103 de origine rom\u00e2n\u0103 remarcat\u0103 pe plan na\u021bional \u0219i interna\u021bional datorit\u0103 vocii sale \u0219i a puterii de transmisie artistic\u0103. Laura a urcat pe scene din multe \u021b\u0103ri precum Statele Unite, Italia, Spania, Canada, Anglia, Emiratele Arabe Unite, Vatican, iar \u00een Rom\u00e2nia pe scenele de la Sala Palatului, Ateneul Rom\u00e2n, Opera [&hellip;]<\/p>\n","protected":false},"author":1,"featured_media":4308,"comment_status":"open","ping_status":"open","sticky":false,"template":"","format":"standard","meta":{"_crdt_document":"","footnotes":""},"categories":[4],"tags":[],"class_list":["post-4307","post","type-post","status-publish","format-standard","has-post-thumbnail","hentry","category-noutati"],"_links":{"self":[{"href":"https:\/\/news-fm.ro\/index.php\/wp-json\/wp\/v2\/posts\/4307","targetHints":{"allow":["GET"]}}],"collection":[{"href":"https:\/\/news-fm.ro\/index.php\/wp-json\/wp\/v2\/posts"}],"about":[{"href":"https:\/\/news-fm.ro\/index.php\/wp-json\/wp\/v2\/types\/post"}],"author":[{"embeddable":true,"href":"https:\/\/news-fm.ro\/index.php\/wp-json\/wp\/v2\/users\/1"}],"replies":[{"embeddable":true,"href":"https:\/\/news-fm.ro\/index.php\/wp-json\/wp\/v2\/comments?post=4307"}],"version-history":[{"count":0,"href":"https:\/\/news-fm.ro\/index.php\/wp-json\/wp\/v2\/posts\/4307\/revisions"}],"wp:featuredmedia":[{"embeddable":true,"href":"https:\/\/news-fm.ro\/index.php\/wp-json\/wp\/v2\/media\/4308"}],"wp:attachment":[{"href":"https:\/\/news-fm.ro\/index.php\/wp-json\/wp\/v2\/media?parent=4307"}],"wp:term":[{"taxonomy":"category","embeddable":true,"href":"https:\/\/news-fm.ro\/index.php\/wp-json\/wp\/v2\/categories?post=4307"},{"taxonomy":"post_tag","embeddable":true,"href":"https:\/\/news-fm.ro\/index.php\/wp-json\/wp\/v2\/tags?post=4307"}],"curies":[{"name":"wp","href":"https:\/\/api.w.org\/{rel}","templated":true}]}}