{"id":4297,"date":"2022-07-11T17:59:21","date_gmt":"2022-07-11T17:59:21","guid":{"rendered":"http:\/\/news-fm.ro\/index.php\/2022\/07\/11\/sunt-celebru-scoate-ma-de-aici-revine-in-2022-la-pro-tv\/"},"modified":"2022-07-11T17:59:21","modified_gmt":"2022-07-11T17:59:21","slug":"sunt-celebru-scoate-ma-de-aici-revine-in-2022-la-pro-tv","status":"publish","type":"post","link":"https:\/\/news-fm.ro\/index.php\/2022\/07\/11\/sunt-celebru-scoate-ma-de-aici-revine-in-2022-la-pro-tv\/","title":{"rendered":"&#8220;Sunt celebru, scoate-m\u0103 de aici!&#8221; revine \u00een 2022 la PRO TV"},"content":{"rendered":"<p>Vedete din Rom\u00e2nia vor l\u0103sa deoparte stilul de via\u021b\u0103 obi\u0219nuit pentru a \u00eenfrunta obstacolele limit\u0103rilor fizice \u0219i psihice, \u00eentr-o provocare extrem\u0103. PRO TV anun\u021b\u0103 \u00eenceperea produc\u021biei reality-show-ului &#8220;Sunt celebru, scoate-m\u0103 de aici!&#8221;.<\/p>\n<p>Timp de dou\u0103 luni, celebrit\u0103\u021bile vor tr\u0103i sub cerul liber, departe de cas\u0103, de fani \u0219i de luxul zilnic, complet izolate, f\u0103r\u0103 acces la telefon sau internet \u0219i se vor lupta cu neprietenoasa jungl\u0103 pentru titlul de Rege sau Regin\u0103 a acesteia. Resurse limitate, insecte, izolare, teama de necunoscut, animale exotice \u0219i provoc\u0103ri extreme \u2013 sunt doar c\u00e2teva dintre elementele pe care vor trebui s\u0103 le \u00eenfrunte vedetele, \u00een cel de-al doilea sezon al show-ului &#8220;Sunt celebru, scoate-m\u0103 de aici!&#8221;.<\/p>\n<p>&#8220;&#8221;Sunt celebru, scoate-m\u0103 de aici!&#8221; este un produs de televiziune extrem de complex, care \u00een acest an revine cu o mul\u021bime de surprize, at\u00e2t pentru telespectatori, c\u00e2t \u0219i pentru concuren\u021bi. Sunt foarte bucuros s\u0103 anun\u021b debutul produc\u021biei \u0219i extrem de m\u00e2ndru de echipa care va face ca acest sezon s\u0103 devin\u0103 o adev\u0103rat\u0103 adic\u021bie pentru cei de acas\u0103!&#8221;, a spus Amir Mor Hason, Production Director PRO TV.<\/p>\n<p>\u00centr-o abordare diferit\u0103, condimentat cu probe \u0219i elemente noi, show-ul va pune la \u00eencercare capacitatea de adaptare a vedetelor la condi\u021biile austere din jungl\u0103, departe de confortul pe care-l au acas\u0103. Vedetele care vor participa \u00een cel de-al doilea sezon vor fi anun\u021bate \u00een cur\u00e2nd. Show-ul va debuta pe TV \u00een toamna acestui an.<\/p>\n<p> Ce vedete au participat \u00een primul sezon al show-ului &#8220;Sunt celebru, scoate-m\u0103 de aici!&#8221;, din 2015 <\/p>\n<p>\u00cen primul sezon au participat Dorian Popa, C\u0103<\/p>\n<p> <a class=\"echo_read_more\" href=\"https:\/\/www.infomusic.ro\/2022\/07\/sunt-celebru-scoate-ma-de-aici-revine-in-2022-la-pro-tv\/\" target=\"_blank\" rel=\"noopener\">\u00a0\u00bb\u00a0Cite\u0219te continuarea pe pagina autorului<\/a><\/p>\n","protected":false},"excerpt":{"rendered":"<p>Vedete din Rom\u00e2nia vor l\u0103sa deoparte stilul de via\u021b\u0103 obi\u0219nuit pentru a \u00eenfrunta obstacolele limit\u0103rilor fizice \u0219i psihice, \u00eentr-o provocare extrem\u0103. PRO TV anun\u021b\u0103 \u00eenceperea produc\u021biei reality-show-ului &#8220;Sunt celebru, scoate-m\u0103 de aici!&#8221;. Timp de dou\u0103 luni, celebrit\u0103\u021bile vor tr\u0103i sub cerul liber, departe de cas\u0103, de fani \u0219i de luxul zilnic, complet izolate, f\u0103r\u0103 acces [&hellip;]<\/p>\n","protected":false},"author":1,"featured_media":4298,"comment_status":"open","ping_status":"open","sticky":false,"template":"","format":"standard","meta":{"_crdt_document":"","footnotes":""},"categories":[4],"tags":[],"class_list":["post-4297","post","type-post","status-publish","format-standard","has-post-thumbnail","hentry","category-noutati"],"_links":{"self":[{"href":"https:\/\/news-fm.ro\/index.php\/wp-json\/wp\/v2\/posts\/4297","targetHints":{"allow":["GET"]}}],"collection":[{"href":"https:\/\/news-fm.ro\/index.php\/wp-json\/wp\/v2\/posts"}],"about":[{"href":"https:\/\/news-fm.ro\/index.php\/wp-json\/wp\/v2\/types\/post"}],"author":[{"embeddable":true,"href":"https:\/\/news-fm.ro\/index.php\/wp-json\/wp\/v2\/users\/1"}],"replies":[{"embeddable":true,"href":"https:\/\/news-fm.ro\/index.php\/wp-json\/wp\/v2\/comments?post=4297"}],"version-history":[{"count":0,"href":"https:\/\/news-fm.ro\/index.php\/wp-json\/wp\/v2\/posts\/4297\/revisions"}],"wp:featuredmedia":[{"embeddable":true,"href":"https:\/\/news-fm.ro\/index.php\/wp-json\/wp\/v2\/media\/4298"}],"wp:attachment":[{"href":"https:\/\/news-fm.ro\/index.php\/wp-json\/wp\/v2\/media?parent=4297"}],"wp:term":[{"taxonomy":"category","embeddable":true,"href":"https:\/\/news-fm.ro\/index.php\/wp-json\/wp\/v2\/categories?post=4297"},{"taxonomy":"post_tag","embeddable":true,"href":"https:\/\/news-fm.ro\/index.php\/wp-json\/wp\/v2\/tags?post=4297"}],"curies":[{"name":"wp","href":"https:\/\/api.w.org\/{rel}","templated":true}]}}