{"id":4091,"date":"2022-06-03T16:00:21","date_gmt":"2022-06-03T16:00:21","guid":{"rendered":"http:\/\/news-fm.ro\/index.php\/2022\/06\/03\/calin-pop-a-lansat-piesa-dreptatea-audio\/"},"modified":"2022-06-03T16:00:21","modified_gmt":"2022-06-03T16:00:21","slug":"calin-pop-a-lansat-piesa-dreptatea-audio","status":"publish","type":"post","link":"https:\/\/news-fm.ro\/index.php\/2022\/06\/03\/calin-pop-a-lansat-piesa-dreptatea-audio\/","title":{"rendered":"C\u0103lin Pop a lansat piesa &#8220;Dreptatea&#8221; &#8211; AUDIO"},"content":{"rendered":"<p>C\u0103lin Pop revine \u00een aten\u021bia ascult\u0103torilor cu o nou\u0103 pies\u0103 solo. Intitulat\u0103 &#8220;Dreptatea&#8221;, melodia are un mesaj puternic concentrat \u00een \u00eentrebarea: <em>&#8220;Unde e dreptatea mea?&#8221;<\/em>. Versurile piesei sunt \u00eembr\u0103cate \u00een riff-uri puternice de chitar\u0103 \u0219i elemente muzicale rock.<\/p>\n<p>&#8220;Unde e dreptatea mea&#8221; este compus\u0103 de C\u0103lin Pop. Muzicianul este acompaniat de Toni Dijm\u0103rescu (chitar\u0103), Flavius Suciu (tobe) \u0219i Vlad Sp\u0103tar (bas).<\/p>\n<p> AUDIO: C\u0103lin Pop &#8211; Dreptatea <\/p>\n<p>C\u0103lin Pop\u00a0\u0219i-a \u00eenceput cariera muzical\u0103 \u00een 1980 \u00eempreun\u0103 cu colegii s\u0103i de o via\u0163\u0103, trupa Celelalte Cuvinte, pe care a fondat-o \u00eenc\u0103 din perioada de liceu. Format\u0103 din mai sus numitul, al\u0103turi de Marcel Breazu, Leontin Iovan, Tiberiu Pop \u015fi Ovidiu Ro\u015fu,\u00a0Celelalte Cuvinte\u00a0este una dintre cele mai longevive trupe rock din Rom\u00e2nia.<\/p>\n<p>P\u0103str\u00e2ndu-\u015fi, de-a lungul timpului, at\u00e2t componen\u0163a, c\u00e2t \u015fi stilul,\u00a0Celelalte Cuvinte\u00a0a devenit o trup\u0103-legend\u0103 a rock-ului rom\u00e2nesc, cu o identitate aparte. Sonorit\u0103\u0163ile muzicale ale trupei sunt identificate imediat de orice fan. Niciodat\u0103 comercialul nu a fost un criteriu de crea\u0163ie sau interpretare \u00een cazul de fa\u0163\u0103.<\/p>\n<p> <a class=\"echo_read_more\" href=\"https:\/\/www.infomusic.ro\/2022\/06\/calin-pop-a-lansat-piesa-dreptatea-audio\/\" target=\"_blank\" rel=\"noopener\">\u00a0\u00bb\u00a0Cite\u0219te continuarea pe pagina autorului<\/a><\/p>\n","protected":false},"excerpt":{"rendered":"<p>C\u0103lin Pop revine \u00een aten\u021bia ascult\u0103torilor cu o nou\u0103 pies\u0103 solo. Intitulat\u0103 &#8220;Dreptatea&#8221;, melodia are un mesaj puternic concentrat \u00een \u00eentrebarea: &#8220;Unde e dreptatea mea?&#8221;. Versurile piesei sunt \u00eembr\u0103cate \u00een riff-uri puternice de chitar\u0103 \u0219i elemente muzicale rock. &#8220;Unde e dreptatea mea&#8221; este compus\u0103 de C\u0103lin Pop. Muzicianul este acompaniat de Toni Dijm\u0103rescu (chitar\u0103), Flavius [&hellip;]<\/p>\n","protected":false},"author":1,"featured_media":4092,"comment_status":"open","ping_status":"open","sticky":false,"template":"","format":"standard","meta":{"_crdt_document":"","footnotes":""},"categories":[4],"tags":[],"class_list":["post-4091","post","type-post","status-publish","format-standard","has-post-thumbnail","hentry","category-noutati"],"_links":{"self":[{"href":"https:\/\/news-fm.ro\/index.php\/wp-json\/wp\/v2\/posts\/4091","targetHints":{"allow":["GET"]}}],"collection":[{"href":"https:\/\/news-fm.ro\/index.php\/wp-json\/wp\/v2\/posts"}],"about":[{"href":"https:\/\/news-fm.ro\/index.php\/wp-json\/wp\/v2\/types\/post"}],"author":[{"embeddable":true,"href":"https:\/\/news-fm.ro\/index.php\/wp-json\/wp\/v2\/users\/1"}],"replies":[{"embeddable":true,"href":"https:\/\/news-fm.ro\/index.php\/wp-json\/wp\/v2\/comments?post=4091"}],"version-history":[{"count":0,"href":"https:\/\/news-fm.ro\/index.php\/wp-json\/wp\/v2\/posts\/4091\/revisions"}],"wp:featuredmedia":[{"embeddable":true,"href":"https:\/\/news-fm.ro\/index.php\/wp-json\/wp\/v2\/media\/4092"}],"wp:attachment":[{"href":"https:\/\/news-fm.ro\/index.php\/wp-json\/wp\/v2\/media?parent=4091"}],"wp:term":[{"taxonomy":"category","embeddable":true,"href":"https:\/\/news-fm.ro\/index.php\/wp-json\/wp\/v2\/categories?post=4091"},{"taxonomy":"post_tag","embeddable":true,"href":"https:\/\/news-fm.ro\/index.php\/wp-json\/wp\/v2\/tags?post=4091"}],"curies":[{"name":"wp","href":"https:\/\/api.w.org\/{rel}","templated":true}]}}