{"id":4083,"date":"2022-06-01T14:59:00","date_gmt":"2022-06-01T14:59:00","guid":{"rendered":"http:\/\/news-fm.ro\/index.php\/2022\/06\/01\/florin-calinescu-renunta-la-televiziune-show-ul-de-la-prima-tv-s-a-incheiat-dupa-un-sezon\/"},"modified":"2022-06-01T14:59:00","modified_gmt":"2022-06-01T14:59:00","slug":"florin-calinescu-renunta-la-televiziune-show-ul-de-la-prima-tv-s-a-incheiat-dupa-un-sezon","status":"publish","type":"post","link":"https:\/\/news-fm.ro\/index.php\/2022\/06\/01\/florin-calinescu-renunta-la-televiziune-show-ul-de-la-prima-tv-s-a-incheiat-dupa-un-sezon\/","title":{"rendered":"Florin C\u0103linescu renun\u021b\u0103 la televiziune; Show-ul de la Prima TV s-a \u00eencheiat dup\u0103 un sezon"},"content":{"rendered":"<p>\u00cen toamna anului trecut, Florin C\u0103linescu \u00eencepea colaborarea cu Prima TV, dup\u0103 <a href=\"https:\/\/www.infomusic.ro\/2021\/10\/florin-calinescu-podcast-micutzu-pro-tv-sarbu\/\">o plecare intens mediatizat\u0103 de la Pro TV<\/a>. Produc\u021bia &#8220;Florin C\u0103linescu Show&#8221; a avut premiera la Prima pe 19 octombrie 2021 \u0219i a fost difuzat\u0103 s\u0103pt\u0103m\u00e2nal, timp de dou\u0103 luni, \u00een fiecare mar\u021bi, miercuri \u0219i joi.<\/p>\n<p>Dup\u0103 o lun\u0103 de la debutul acestei emisiuni, C\u0103linescu indica printr-o postare pe Facebook lipsa unor &#8220;speciali\u0219ti&#8221; care s\u0103-l ajute pe partea de comunicare din online. Rating-urile show-ului au fost sub a\u0219tept\u0103ri, potrivit <a href=\"https:\/\/www.paginademedia.ro\/stiri-media\/florin-calinescu-revine-online-20724162?fbclid=IwAR0CSE5_nylJ08fQUc4Q-I-SxOLXybtjklJ5EvCC_zo5agGno3Q8F76q5d4\" rel=\"noopener\" target=\"_blank\">PaginadeMedia<\/a>, Prima TV nereu\u0219ind s\u0103 intre \u00een TOP 10 pe niciunul dintre targeturi.<\/p>\n<p> Florin C\u0103linescu: &#8220;M\u0103 crede\u021bi, nu m\u0103 crede\u021bi, nu am apelat la speciali\u0219ti ca s\u0103 \u0219tiu cum s\u0103 comunic\u0103m&#8221; <\/p>\n<p>&#8220;Sunt z\u0103p\u0103cit total de schimb\u0103rile astea din fb. M\u0103 crede\u021bi, nu m\u0103 crede\u021bi, nu am apelat la speciali\u0219ti ca s\u0103 \u0219tiu cum s\u0103 comunic\u0103m. Fac o emisiune pe PRIMA tv, mar\u021bi, miercuri, joi, de la 20:00. Deocamdat\u0103. Live.<\/p>\n<p>Am tot felul de semnale de la voi \u0219i voi \u021bine cont de ele&#8221;, scria Florin C\u0103linescu pe Facebook \u00een noiembrie 2021.<\/p>\n<p>\u00cenainte de Cr\u0103ciun, produc\u021bia &#8220;Florin C\u0103linescu Show&#8221; a fost \u00eentrerupt\u0103. Prima TV nu a comunicat motivul la momentul respectiv, \u0219i nici ulterior, iar realizatorul TV nu a declarat nimic oficial. Potrivit unor informa\u021bii <em>&#8220;<a href=\"https:\/\/www.tvmania.ro\/emisiunea-florin-calinescu-de-la-prima-tv-nu-a-revenit-la-tv-342587\" rel=\"noopener\" target=\"_blank\">pe surse<\/a>&#8220;<\/em>, acesta \u0219i-ar fi dorit schimbarea formatului, \u00eens\u0103 niciuna din variantele propuse de post nu l-ar fi mul\u021bumit.<\/p>\n<p>  Florin C\u0103linescu: &#8220;Televiziunea a murit. Tr\u0103iasc\u0103 internetul!&#8221; <\/p>\n<p>Dup\u0103 diverse specula\u021bii pe tema acestei \u00eentreruperi a show-ului de la Prima TV, Florin C\u0103linescu face la c\u00e2teva luni distan\u021b\u0103 primul anun\u021b oficial. Acesta a dezv\u0103luit \u00eentr-un mesaj publicat pe Facebook ce planuri are, confirm\u00e2nd plecarea de la Prima TV \u0219i concluzion\u00e2nd c\u0103 televiziunea nu mai este ce a fost.<\/p>\n<p>&#8220;Televiziunea a murit. Tr\u0103iasca internetul! Mi-a trebuit un r\u0103gaz s\u0103 \u00eenteleg ce \u00eenseamn\u0103 treaba asta. \u00cen cateva zile vin cu adrese de iutub, insta \u0219i tictoc. \u0218i p-orm\u0103, cu con\u021binut&#8221;, a scris Florin C\u0103linescu pe Facebook \u00een urm\u0103 cu c\u00e2teva ore.<\/p>\n<p>Cele 30 de edi\u021bii ale produc\u021biei &#8220;Florin C\u0103linescu Show&#8221; pot fi urm\u0103rite integral pe YouTube, pe canalul dedicat.<\/p>\n<p> <a class=\"echo_read_more\" href=\"https:\/\/www.infomusic.ro\/2022\/05\/florin-calinescu-televiziune-show-prima-tv-incheiat-dupa-un-sezon\/\" target=\"_blank\" rel=\"noopener\">\u00a0\u00bb\u00a0Cite\u0219te continuarea pe pagina autorului<\/a><\/p>\n","protected":false},"excerpt":{"rendered":"<p>\u00cen toamna anului trecut, Florin C\u0103linescu \u00eencepea colaborarea cu Prima TV, dup\u0103 o plecare intens mediatizat\u0103 de la Pro TV. Produc\u021bia &#8220;Florin C\u0103linescu Show&#8221; a avut premiera la Prima pe 19 octombrie 2021 \u0219i a fost difuzat\u0103 s\u0103pt\u0103m\u00e2nal, timp de dou\u0103 luni, \u00een fiecare mar\u021bi, miercuri \u0219i joi. Dup\u0103 o lun\u0103 de la debutul acestei [&hellip;]<\/p>\n","protected":false},"author":1,"featured_media":4084,"comment_status":"open","ping_status":"open","sticky":false,"template":"","format":"standard","meta":{"_crdt_document":"","footnotes":""},"categories":[4],"tags":[],"class_list":["post-4083","post","type-post","status-publish","format-standard","has-post-thumbnail","hentry","category-noutati"],"_links":{"self":[{"href":"https:\/\/news-fm.ro\/index.php\/wp-json\/wp\/v2\/posts\/4083","targetHints":{"allow":["GET"]}}],"collection":[{"href":"https:\/\/news-fm.ro\/index.php\/wp-json\/wp\/v2\/posts"}],"about":[{"href":"https:\/\/news-fm.ro\/index.php\/wp-json\/wp\/v2\/types\/post"}],"author":[{"embeddable":true,"href":"https:\/\/news-fm.ro\/index.php\/wp-json\/wp\/v2\/users\/1"}],"replies":[{"embeddable":true,"href":"https:\/\/news-fm.ro\/index.php\/wp-json\/wp\/v2\/comments?post=4083"}],"version-history":[{"count":0,"href":"https:\/\/news-fm.ro\/index.php\/wp-json\/wp\/v2\/posts\/4083\/revisions"}],"wp:featuredmedia":[{"embeddable":true,"href":"https:\/\/news-fm.ro\/index.php\/wp-json\/wp\/v2\/media\/4084"}],"wp:attachment":[{"href":"https:\/\/news-fm.ro\/index.php\/wp-json\/wp\/v2\/media?parent=4083"}],"wp:term":[{"taxonomy":"category","embeddable":true,"href":"https:\/\/news-fm.ro\/index.php\/wp-json\/wp\/v2\/categories?post=4083"},{"taxonomy":"post_tag","embeddable":true,"href":"https:\/\/news-fm.ro\/index.php\/wp-json\/wp\/v2\/tags?post=4083"}],"curies":[{"name":"wp","href":"https:\/\/api.w.org\/{rel}","templated":true}]}}