{"id":4045,"date":"2022-05-27T03:59:49","date_gmt":"2022-05-27T03:59:49","guid":{"rendered":"http:\/\/news-fm.ro\/index.php\/2022\/05\/27\/andrew-fletcher-depeche-mode-a-murit-la-60-de-ani\/"},"modified":"2022-05-27T03:59:49","modified_gmt":"2022-05-27T03:59:49","slug":"andrew-fletcher-depeche-mode-a-murit-la-60-de-ani","status":"publish","type":"post","link":"https:\/\/news-fm.ro\/index.php\/2022\/05\/27\/andrew-fletcher-depeche-mode-a-murit-la-60-de-ani\/","title":{"rendered":"Andrew Fletcher (Depeche Mode) a murit la 60 de ani"},"content":{"rendered":"<p>Cl\u0103parul trupei Depeche Mode, Andy Fletcher s-a stins din via\u021b\u0103 la v\u00e2rsta de 60 de ani. Vestea mor\u021bii a fost comunicat\u0103 oficial de forma\u021bie pe <a href=\"https:\/\/twitter.com\/depechemode\/status\/1529901182562340864\" rel=\"noopener\" target=\"_blank\">26 mai 2022<\/a>.<\/p>\n<p>\u201e<em>Suntem \u0219oca\u021bi \u0219i plini de triste\u021be cople\u0219itoare fa\u021b\u0103 de moartea prematur\u0103 \u0219i nea\u0219teptat\u0103 a prietenului nostru drag, membru al familiei <\/em><em>\u0219i coleg de trup\u0103, Andy &#8220;Fletch&#8221; Fletcher.<\/em><\/p>\n<p><em>Fletch a avut o adev\u0103rat\u0103 inim\u0103 de aur \u0219i a fost \u00eentotdeauna acolo c\u00e2nd aveai nevoie de sprijin, de o conversa\u021bie plin\u0103 de via\u021b\u0103, un r\u00e2s bun sau de o halb\u0103 rece.<\/em><\/p>\n<p><em>Inimile noastre sunt al\u0103turi de membrii familiei lui,\u00a0 v\u0103 rug\u0103m s\u0103 v\u0103 g\u00e2ndi\u021bi la ei \u0219i s\u0103 le respecta\u021bi intimitatea \u00een aceste momente dificile.<\/em>\u201d &#8211; a transmis Depeche Mode.<\/p>\n<p>Andy Fletcher s-a n\u0103scut pe 8 iulie 1961 \u00een Nottingham, Marea Britanie. L-a \u00eent\u00e2lnit pe Martin Gore \u00een 1980, iar un an mai t\u00e2rziu participa la fondarea grupului Depeche Mode al\u0103turi de Martin, Gahan \u0219i Vince Clarke.<\/p>\n<p><img loading=\"lazy\" decoding=\"async\" alt=\"Andy Fletcher\" height=\"1067\" loading=\"lazy\"  src=\"https:\/\/static.infomusic.ro\/media\/2013\/05\/concert-depeche-mode-15-mai-2013-1792.jpg\"  width=\"1600\"\/><\/p>\n<p>Andy Fletcher &#8211; Concert Depeche Mode pe Arena Nationala &#8211; 15 mai 2013 \u2502 FOTO: Mihai Anghel \/ InfoMusic.ro<\/p>\n<p>\u00cen 2020, Fletcher a fost inclus \u00een Rock and Roll Hall of Fame \u00een calitate de membru al trupei Depeche Mode.\u00a0Artistul era c\u0103s\u0103torit \u0219i avea doi copii.<\/p>\n<p>Andy Fletcher a participat la <a href=\"https:\/\/www.infomusic.ro\/fotografii\/concert-depeche-mode-arena-15-mai-poze\/\">concertul DM de pe Arena Na\u021bional\u0103<\/a> de pe 15 martie 2013\u00a0parte din turneul\u00a0&#8220;Delta Machine Tour&#8221; \u0219i la <a href=\"https:\/\/www.infomusic.ro\/fotografii\/depeche-mode-poze-concert-cluj-napoca-2017\/\">cel de pe Cluj Arena<\/a> din Cluj-Napoca de pe 23 iulie 2017.<\/p>\n<p>Urm\u0103re\u0219te videoclipul oficial \u201eWorld In My Eyes\u201d, piesa sa preferat\u0103 din repertoriul DM:<\/p>\n<\/p>\n<p> <a class=\"echo_read_more\" href=\"https:\/\/www.infomusic.ro\/2022\/05\/andrew-fletcher-depeche-mode-a-murit-la-60-de-ani\/\" target=\"_blank\" rel=\"noopener\">\u00a0\u00bb\u00a0Cite\u0219te continuarea pe pagina autorului<\/a><\/p>\n","protected":false},"excerpt":{"rendered":"<p>Cl\u0103parul trupei Depeche Mode, Andy Fletcher s-a stins din via\u021b\u0103 la v\u00e2rsta de 60 de ani. Vestea mor\u021bii a fost comunicat\u0103 oficial de forma\u021bie pe 26 mai 2022. \u201eSuntem \u0219oca\u021bi \u0219i plini de triste\u021be cople\u0219itoare fa\u021b\u0103 de moartea prematur\u0103 \u0219i nea\u0219teptat\u0103 a prietenului nostru drag, membru al familiei \u0219i coleg de trup\u0103, Andy &#8220;Fletch&#8221; Fletcher. [&hellip;]<\/p>\n","protected":false},"author":1,"featured_media":4046,"comment_status":"open","ping_status":"open","sticky":false,"template":"","format":"standard","meta":{"_crdt_document":"","footnotes":""},"categories":[4],"tags":[],"class_list":["post-4045","post","type-post","status-publish","format-standard","has-post-thumbnail","hentry","category-noutati"],"_links":{"self":[{"href":"https:\/\/news-fm.ro\/index.php\/wp-json\/wp\/v2\/posts\/4045","targetHints":{"allow":["GET"]}}],"collection":[{"href":"https:\/\/news-fm.ro\/index.php\/wp-json\/wp\/v2\/posts"}],"about":[{"href":"https:\/\/news-fm.ro\/index.php\/wp-json\/wp\/v2\/types\/post"}],"author":[{"embeddable":true,"href":"https:\/\/news-fm.ro\/index.php\/wp-json\/wp\/v2\/users\/1"}],"replies":[{"embeddable":true,"href":"https:\/\/news-fm.ro\/index.php\/wp-json\/wp\/v2\/comments?post=4045"}],"version-history":[{"count":0,"href":"https:\/\/news-fm.ro\/index.php\/wp-json\/wp\/v2\/posts\/4045\/revisions"}],"wp:featuredmedia":[{"embeddable":true,"href":"https:\/\/news-fm.ro\/index.php\/wp-json\/wp\/v2\/media\/4046"}],"wp:attachment":[{"href":"https:\/\/news-fm.ro\/index.php\/wp-json\/wp\/v2\/media?parent=4045"}],"wp:term":[{"taxonomy":"category","embeddable":true,"href":"https:\/\/news-fm.ro\/index.php\/wp-json\/wp\/v2\/categories?post=4045"},{"taxonomy":"post_tag","embeddable":true,"href":"https:\/\/news-fm.ro\/index.php\/wp-json\/wp\/v2\/tags?post=4045"}],"curies":[{"name":"wp","href":"https:\/\/api.w.org\/{rel}","templated":true}]}}