{"id":3991,"date":"2022-05-20T13:59:31","date_gmt":"2022-05-20T13:59:31","guid":{"rendered":"http:\/\/news-fm.ro\/index.php\/2022\/05\/20\/ce-vedete-participa-la-america-express-2022-lista-celor-9-perechi\/"},"modified":"2022-05-20T13:59:31","modified_gmt":"2022-05-20T13:59:31","slug":"ce-vedete-participa-la-america-express-2022-lista-celor-9-perechi","status":"publish","type":"post","link":"https:\/\/news-fm.ro\/index.php\/2022\/05\/20\/ce-vedete-participa-la-america-express-2022-lista-celor-9-perechi\/","title":{"rendered":"Ce vedete particip\u0103 la America Express 2022 &#8211; Lista celor 9 perechi"},"content":{"rendered":"<p>Cu doar 1 euro pe zi, nevoi\u021bi s\u0103 \u00ee\u0219i g\u0103seasc\u0103 m\u00e2ncare, transport \u0219i cazare, echipele sezonului cinci sunt gata s\u0103 calce pe urmele conquistadorilor:<\/p>\n<p>  Lista celor 9 perechi de la America Express 2022: <\/p>\n<ul>\n<li>Chef C\u0103t\u0103lin Sc\u0103rl\u0103tescu \u0219i iubita lui, actri\u021ba Doina Teodoru,<\/li>\n<li>Puya \u0219i so\u021bia lui Melinda,<\/li>\n<li>Andreea Antonescu \u0219i Andreea B\u0103lan,<\/li>\n<li>C\u0103t\u0103lin Bordea \u0219i Nelu Cortea,<\/li>\n<li>stilistul Ovidiu Buta \u0219i directorul artistic Joaquin Bonilla,<\/li>\n<li>Jean Gavril \u0219i fratele lui Dinu,<\/li>\n<li>c\u00e2nt\u0103rea\u021ba Bruja \u0219i prietenul ei, Pufeh,<\/li>\n<li>gimnastele Larisa Iordache \u0219i Diana Bulimar,<\/li>\n<li>Bie Adam, unul dintre cei mai cunoscu\u021bi creatori de con\u021binut din mediul on-line \u0219i mama ei, Mihaela<\/li>\n<\/ul>\n<p> Ce declar\u0103 vedetele de la America Express 2022 <\/p>\n<p>Film\u0103rile pentru cel de-al cincilea sezon sezon America Express \u2013 Drumul Aurului \u00eencep luna aceasta. Vedetele participante sunt entuziasmate s\u0103 intre \u00een aceast\u0103 competi\u021bie \u0219i s\u0103 se bucure de adrenalina aventurii.<\/p>\n<p> C\u0103t\u0103lin Sc\u0103rl\u0103tescu: &#8220;Doina spune despre noi c\u0103 ea e genul rucsac, iar eu sunt genul troller&#8221; <\/p>\n<p>&#8220;\u00cemi place show-ul \u0103sta mult de tot! \u00cen Asia am fost de multe ori, am v\u0103zut-o aproape pe toat\u0103, dar vreau s\u0103 descop\u0103r America din postura asta. Doina spune despre noi c\u0103 ea e genul rucsac, iar eu sunt genul troller. S\u0103 vedem ce-o s\u0103 ias\u0103 din combina\u021bia asta!&#8221; &#8211; C\u0103t\u0103lin Sc\u0103rl\u0103tescu<\/p>\n<p> C\u0103t\u0103lin Bordea: &#8220;Prea fac du\u0219, prea dorm la mine acas\u0103 c\u00e2nd vreau eu, prea m\u0103n\u00e2nc c\u00e2nd \u00eemi e foame, gata, e nevoie de o provocare&#8221; <\/p>\n<p>&#8220;Este ie\u0219irea mea oficial\u0103 din zona de confort. Prea fac du\u0219, prea dorm la mine acas\u0103 c\u00e2nd vreau eu, prea m\u0103n\u00e2nc c\u00e2nd \u00eemi e foame, gata, e nevoie de o provocare :)) Sincer, abia a\u0219tept s\u0103 ajung, abia a\u0219tept sa \u00eel distrug psihic pe Cortea in vederea \u00eent\u0103ririi rela\u021biei noastre de fra\u021bi \u0219i mai ales vreau sa ii demonstrez so\u021biei mele c\u00e2t de b\u0103rbat sunt. Asta pana pl\u00e2ng prima oar\u0103.&#8221; &#8211; C\u0103t\u0103lin Bordea<\/p>\n<p> Jean Gavril: &#8220;\u00cemi doresc foarte mult s\u0103 ajungem p\u00e2n\u0103 la sf\u00e2r\u0219itul cursei&#8221; <\/p>\n<p>&#8220;Am ales s\u0103 vedem ce \u0219i c\u00e2t putem, s\u0103 test\u0103m leg\u0103tura dintre noi \u0219i s\u0103 ne bucur\u0103m de aventur\u0103. \u00cen timp ce m\u0103 uitam la sezoanele trecute m\u0103 g\u00e2ndeam tot timpul c\u00e2t este de tare, dar nu mi-a\u0219 fi imaginat c\u0103 o s\u0103 ajung \u0219i eu. E cel mai tare show din \u021bara asta! Sunt foarte recunoscator pentru ca fac parte din aceasta cursa care este foarte dificila si care ne va pune la incercare absolut toate simturile, fizicul si mai ales nervii fiecaruia! Ma bucur ca se \u00eentampla alaturi de fratele meu Dinu, de care sunt foarte apropiat si sunt sigur ca vom trai o experienta pe care nu o vom uita niciodata! Imi doresc foarte mult sa ajungem pana la sfarsitul cursei, sunt niste \u021b\u0103ri prin care nu am mai fost niciodata si chiar ne dorim sa cunoastem cat mai multe din aceasta experienta unic\u0103!&#8221; &#8211; Jean Gavril<\/p>\n<p>  Bie Adam: &#8220;Nu avem a\u0219tept\u0103ri. Vrem s\u0103 l\u0103s\u0103m lucrurile s\u0103 fie cum vor ele s\u0103 fie&#8221; <\/p>\n<p>&#8220;Pentru noi America Express \u00eenseamn\u0103 dep\u0103\u0219irea tuturor limit\u0103rilor cu care ne-am obi\u0219nuit p\u00e2n\u0103 acum. Nu avem a\u0219tept\u0103ri. Vrem s\u0103 l\u0103s\u0103m lucrurile s\u0103 fie cum vor ele s\u0103 fie. Tot ce e important pentru noi e s\u0103 nu uit\u0103m s\u0103 ne distr\u0103m.&#8221; &#8211; Bie Adam<\/p>\n<p> Melinda, so\u021bia lui Puya: &#8220;Nu puteam \u00eel las singur printre toate sud-americancele alea&#8221; <\/p>\n<p>&#8220;Pentru noi America Express \u00eenseamn\u0103 s\u0103 vedem America Latin\u0103 a\u0219a cum niciun turist nu are cum s\u0103 o vad\u0103, s\u0103 tr\u0103im o experien\u021b\u0103 complet\u0103. Pentru mine mai \u00eenseamn\u0103 \u0219i s\u0103 dau burta jos&#8221;,<\/p>\n<p> <a class=\"echo_read_more\" href=\"https:\/\/www.infomusic.ro\/2022\/05\/vedete-america-express-2022-perechi\/\" target=\"_blank\" rel=\"noopener\">\u00a0\u00bb\u00a0Cite\u0219te continuarea pe pagina autorului<\/a><\/p>\n","protected":false},"excerpt":{"rendered":"<p>Cu doar 1 euro pe zi, nevoi\u021bi s\u0103 \u00ee\u0219i g\u0103seasc\u0103 m\u00e2ncare, transport \u0219i cazare, echipele sezonului cinci sunt gata s\u0103 calce pe urmele conquistadorilor: Lista celor 9 perechi de la America Express 2022: Chef C\u0103t\u0103lin Sc\u0103rl\u0103tescu \u0219i iubita lui, actri\u021ba Doina Teodoru, Puya \u0219i so\u021bia lui Melinda, Andreea Antonescu \u0219i Andreea B\u0103lan, C\u0103t\u0103lin Bordea \u0219i [&hellip;]<\/p>\n","protected":false},"author":1,"featured_media":3992,"comment_status":"open","ping_status":"open","sticky":false,"template":"","format":"standard","meta":{"_crdt_document":"","footnotes":""},"categories":[4],"tags":[],"class_list":["post-3991","post","type-post","status-publish","format-standard","has-post-thumbnail","hentry","category-noutati"],"_links":{"self":[{"href":"https:\/\/news-fm.ro\/index.php\/wp-json\/wp\/v2\/posts\/3991","targetHints":{"allow":["GET"]}}],"collection":[{"href":"https:\/\/news-fm.ro\/index.php\/wp-json\/wp\/v2\/posts"}],"about":[{"href":"https:\/\/news-fm.ro\/index.php\/wp-json\/wp\/v2\/types\/post"}],"author":[{"embeddable":true,"href":"https:\/\/news-fm.ro\/index.php\/wp-json\/wp\/v2\/users\/1"}],"replies":[{"embeddable":true,"href":"https:\/\/news-fm.ro\/index.php\/wp-json\/wp\/v2\/comments?post=3991"}],"version-history":[{"count":0,"href":"https:\/\/news-fm.ro\/index.php\/wp-json\/wp\/v2\/posts\/3991\/revisions"}],"wp:featuredmedia":[{"embeddable":true,"href":"https:\/\/news-fm.ro\/index.php\/wp-json\/wp\/v2\/media\/3992"}],"wp:attachment":[{"href":"https:\/\/news-fm.ro\/index.php\/wp-json\/wp\/v2\/media?parent=3991"}],"wp:term":[{"taxonomy":"category","embeddable":true,"href":"https:\/\/news-fm.ro\/index.php\/wp-json\/wp\/v2\/categories?post=3991"},{"taxonomy":"post_tag","embeddable":true,"href":"https:\/\/news-fm.ro\/index.php\/wp-json\/wp\/v2\/tags?post=3991"}],"curies":[{"name":"wp","href":"https:\/\/api.w.org\/{rel}","templated":true}]}}