{"id":3989,"date":"2022-05-19T21:59:13","date_gmt":"2022-05-19T21:59:13","guid":{"rendered":"http:\/\/news-fm.ro\/index.php\/2022\/05\/19\/irina-rimes-a-lansat-trailer-ul-miniseriei-documentare-pe-drumul-meu-de-pe-hbo-max-video\/"},"modified":"2022-05-19T21:59:13","modified_gmt":"2022-05-19T21:59:13","slug":"irina-rimes-a-lansat-trailer-ul-miniseriei-documentare-pe-drumul-meu-de-pe-hbo-max-video","status":"publish","type":"post","link":"https:\/\/news-fm.ro\/index.php\/2022\/05\/19\/irina-rimes-a-lansat-trailer-ul-miniseriei-documentare-pe-drumul-meu-de-pe-hbo-max-video\/","title":{"rendered":"Irina Rimes a lansat trailer-ul miniseriei documentare &#8220;Pe drumul meu&#8221;, de pe HBO Max &#8211; VIDEO"},"content":{"rendered":"<p>Miniseria documentar\u0103 &#8220;Pe drumul meu&#8221; este regizat\u0103 de Barna Nemethi, dup\u0103 un concept de Mara Ciama, produc\u021bia fiind semnat\u0103 de Max Original &#038; Global Records.<\/p>\n<p>&#8220;Pe drumul meu&#8221; este o c\u0103l\u0103torie ce exploreaz\u0103 influen\u021bele care au f\u0103cut-o pe Irina Rimes artista de ast\u0103zi. Aceasta rememoreaz\u0103 momente importante din via\u021ba ei, vorbe\u0219te despre versurile pe care le c\u00e2nt\u0103, despre oamenii care au ajutat-o \u00een carier\u0103, iar, \u00een paralel, sunt dezv\u0103luite detalii despre sursele de inspira\u021bie ale albumelor anterioare. Miniseria prezint\u0103, de asemenea, cum sunt preg\u0103tite anumite videoclipuri \u0219i concerte caritabile.<\/p>\n<p>Profesioni\u0219ti din industria muzical\u0103, arti\u0219ti \u0219i persoane publice sunt invita\u021bi \u00een documentar \u0219i vorbesc despre cariera artistei care s-a remarcat prin perseveren\u021b\u0103, creativitate \u0219i munc\u0103. Printre arti\u0219tii \u0219i produc\u0103torii care apar \u00een aceast\u0103 produc\u021bie se num\u0103r\u0103 Tudor Chiril\u0103, Andra, C\u0103t\u0103lin M\u0103ru\u021b\u0103, Damian Dr\u0103ghici, Adrian Despot, The Motans, Alex Cotoi \u0219i mul\u021bi al\u021bii.<\/p>\n<p> Irina Rimes despre miniseria documentar\u0103 &#8220;Pe drumul meu&#8221;: &#8220;Vreau s\u0103 le ar\u0103t\u0103m oamenilor struggle-ul de artist&#8221; <\/p>\n<p>&#8220;Documentarul &#8220;ON MY WAY&#8221; (&#8220;Pe drumul meu&#8221;) a ap\u0103rut din nevoia de a spune lucruri: despre mine, despre oamenii care lucreaz\u0103 \u00een acest proiect, despre ce se petrece \u00een spatele scenei, \u00een spatele camerelor, despre industrie, despre ce \u00eenseamn\u0103 s\u0103 construie\u0219ti un proiect. Vreau s\u0103 le ar\u0103t\u0103m oamenilor struggle-ul de artist. S\u0103 \u00een\u021beleag\u0103 mama, tata, rudele, prietenii mei de ce n-am timp s\u0103 merg la ei \u00een vizit\u0103, de ce nu r\u0103spund tot timpul la telefon, de ce dorm p\u00e2n\u0103 la ora 4 dup\u0103-amiaza, dar cel mai important, de ce scriu ceea ce scriu.<\/p>\n<p>Vreau s\u0103 vad\u0103 oamenii care este sacrificiul pe care-l faci atunci c\u00e2nd decizi c\u0103 vrei s\u0103 devii artist. Cum trebuie s\u0103 renun\u021bi la tine \u0219i \u00een acela\u0219i timp, s\u0103 se \u00eenv\u00e2rt\u0103 toate \u00een jurul t\u0103u.<\/p>\n<p>Tu nu po\u021bi fi artist 8 ore pe zi, de la 10 p\u00e2n\u0103 la 18. E\u0219ti artist din momentul \u00een care ai decis c\u0103 nu vei face nimic altceva \u00een via\u021ba asta.<\/p>\n<p>Sunt onorat\u0103 s\u0103 pot s\u0103-mi spun povestea \u00eempreun\u0103 cu HBO Max Rom\u00e2nia \u0219i le mul\u021bumesc pentru \u00eencredere&#8221;, a spus Irina Rimes \u00eentr-o <a href=\"https:\/\/www.instagram.com\/p\/CdvHCGZsazz\/\" rel=\"noopener\" target=\"_blank\">postare pe Instagram<\/a>.<\/p>\n<p> Trailer Oficial: Irina Rimes &#8211; &#8220;Pe drumul meu&#8221; | Din 3 iunie pe HBO Max <\/p>\n<p>\u00centr-un podcast filmat cu DJ Gojira, Irina Rimes anun\u021ba c\u0103 pe 3 iunie va sosi \u0219i noul ei album, &#8220;Acas\u0103&#8221;. G\u0103si\u021bi mai multe detalii <a href=\"https:\/\/www.infomusic.ro\/2022\/05\/irina-rimes-la-podcastul-happyfish-cu-dj-gojira-voi-lansa-un-serial-pe-hbo-max-si-un-album-pe-3-iunie\/\">aici<\/a>.<\/p>\n<p> <a class=\"echo_read_more\" href=\"https:\/\/www.infomusic.ro\/2022\/05\/irina-rimes-trailer-miniserie-documentara-pe-drumul-meu-hbo-max-video\/\" target=\"_blank\" rel=\"noopener\">\u00a0\u00bb\u00a0Cite\u0219te continuarea pe pagina autorului<\/a><\/p>\n","protected":false},"excerpt":{"rendered":"<p>Miniseria documentar\u0103 &#8220;Pe drumul meu&#8221; este regizat\u0103 de Barna Nemethi, dup\u0103 un concept de Mara Ciama, produc\u021bia fiind semnat\u0103 de Max Original &#038; Global Records. &#8220;Pe drumul meu&#8221; este o c\u0103l\u0103torie ce exploreaz\u0103 influen\u021bele care au f\u0103cut-o pe Irina Rimes artista de ast\u0103zi. Aceasta rememoreaz\u0103 momente importante din via\u021ba ei, vorbe\u0219te despre versurile pe care [&hellip;]<\/p>\n","protected":false},"author":1,"featured_media":3990,"comment_status":"open","ping_status":"open","sticky":false,"template":"","format":"standard","meta":{"_crdt_document":"","footnotes":""},"categories":[4],"tags":[],"class_list":["post-3989","post","type-post","status-publish","format-standard","has-post-thumbnail","hentry","category-noutati"],"_links":{"self":[{"href":"https:\/\/news-fm.ro\/index.php\/wp-json\/wp\/v2\/posts\/3989","targetHints":{"allow":["GET"]}}],"collection":[{"href":"https:\/\/news-fm.ro\/index.php\/wp-json\/wp\/v2\/posts"}],"about":[{"href":"https:\/\/news-fm.ro\/index.php\/wp-json\/wp\/v2\/types\/post"}],"author":[{"embeddable":true,"href":"https:\/\/news-fm.ro\/index.php\/wp-json\/wp\/v2\/users\/1"}],"replies":[{"embeddable":true,"href":"https:\/\/news-fm.ro\/index.php\/wp-json\/wp\/v2\/comments?post=3989"}],"version-history":[{"count":0,"href":"https:\/\/news-fm.ro\/index.php\/wp-json\/wp\/v2\/posts\/3989\/revisions"}],"wp:featuredmedia":[{"embeddable":true,"href":"https:\/\/news-fm.ro\/index.php\/wp-json\/wp\/v2\/media\/3990"}],"wp:attachment":[{"href":"https:\/\/news-fm.ro\/index.php\/wp-json\/wp\/v2\/media?parent=3989"}],"wp:term":[{"taxonomy":"category","embeddable":true,"href":"https:\/\/news-fm.ro\/index.php\/wp-json\/wp\/v2\/categories?post=3989"},{"taxonomy":"post_tag","embeddable":true,"href":"https:\/\/news-fm.ro\/index.php\/wp-json\/wp\/v2\/tags?post=3989"}],"curies":[{"name":"wp","href":"https:\/\/api.w.org\/{rel}","templated":true}]}}