{"id":3985,"date":"2022-05-19T13:59:18","date_gmt":"2022-05-19T13:59:18","guid":{"rendered":"http:\/\/news-fm.ro\/index.php\/2022\/05\/19\/selena-gomez-revine-cu-cel-de-al-doilea-sezon-only-murders-in-the-building-trailer\/"},"modified":"2022-05-19T13:59:18","modified_gmt":"2022-05-19T13:59:18","slug":"selena-gomez-revine-cu-cel-de-al-doilea-sezon-only-murders-in-the-building-trailer","status":"publish","type":"post","link":"https:\/\/news-fm.ro\/index.php\/2022\/05\/19\/selena-gomez-revine-cu-cel-de-al-doilea-sezon-only-murders-in-the-building-trailer\/","title":{"rendered":"Selena Gomez revine cu cel de-al doilea sezon &#8220;Only Murders in the Building&#8221; &#8211; TRAILER"},"content":{"rendered":"<p>Primul sezon al serialului &#8220;Only Murders in the Building&#8221; i-a prezentat pe Charles (Steve Martin), Oliver (Martin Short) \u0219i Mabel (Selena Gomez), trei vecini care \u00eemp\u0103rt\u0103\u0219esc o pasiune pentru un podcast despre cazuri adev\u0103rate de crim\u0103. Dup\u0103 o moarte suspect\u0103 \u00een cl\u0103direa lor de apartamente din Upper West Side, Arconia, cei trei decid s\u0103 \u00eenceap\u0103 propriul podcast despre investigarea mor\u021bii, pe care poli\u021bia a concluzionat-o drept sinucidere.<\/p>\n<p>Acum, cele trei personaje revin cu o nou\u0103 serie de aventuri. \u00cen cel de-al doilea sezon, Charles, Oliver \u0219i Mabel \u00eencearc\u0103 s\u0103-l identifice pe uciga\u0219ul lui Bunny Folger, pre\u0219edintele consiliului de administra\u021bie a complexului de apartamente. Dar, de data aceasta, trio-ul pare vinovat de omor, toate indiciile ar\u0103t\u00e2nd acest lucru. Mai mult, cei trei devin subiectul unui podcast concurent. Iar colac peste pup\u0103z\u0103, sunt nevoi\u021bi s\u0103 se confrunte cu al\u021bi vecini din cl\u0103dire care \u00eei consider\u0103 vinova\u021bi pentru moartea administratorului.<\/p>\n<p>&#8220;Dovezile tot continu\u0103 s\u0103 apar\u0103 \u00een apartamentele noastre&#8221;, spune Mabel \u00een trailer.<\/p>\n<p>\u00cen continuare, Oliver descoper\u0103 un cu\u021bit plin de s\u00e2nge care pare s\u0103 fie arma crimei. Nu trece mult timp p\u00e2n\u0103 c\u00e2nd poli\u021bia \u00ee\u0219i face apari\u021bia.<\/p>\n<p>Pe l\u00e2ng\u0103 cei trei actori din rolurile principale, distribu\u021bia este completat\u0103 de Cara Delevingne, Amy Schumer \u0219i Shirley MacLaine. &#8220;Only Murders in the Building&#8221; va debuta pe 28 iunie cu dou\u0103 episoade noi. Apoi, va fi lansat s\u0103pt\u0103m\u00e2nal c\u00e2te un episod.<\/p>\n<p>  TRAILER &#8220;Only Murders in the Building&#8221;: <\/p>\n<p> <a class=\"echo_read_more\" href=\"https:\/\/www.infomusic.ro\/2022\/05\/selena-gomez-only-murders-in-the-building-trailer\/\" target=\"_blank\" rel=\"noopener\">\u00a0\u00bb\u00a0Cite\u0219te continuarea pe pagina autorului<\/a><\/p>\n","protected":false},"excerpt":{"rendered":"<p>Primul sezon al serialului &#8220;Only Murders in the Building&#8221; i-a prezentat pe Charles (Steve Martin), Oliver (Martin Short) \u0219i Mabel (Selena Gomez), trei vecini care \u00eemp\u0103rt\u0103\u0219esc o pasiune pentru un podcast despre cazuri adev\u0103rate de crim\u0103. Dup\u0103 o moarte suspect\u0103 \u00een cl\u0103direa lor de apartamente din Upper West Side, Arconia, cei trei decid s\u0103 \u00eenceap\u0103 [&hellip;]<\/p>\n","protected":false},"author":1,"featured_media":3986,"comment_status":"open","ping_status":"open","sticky":false,"template":"","format":"standard","meta":{"_crdt_document":"","footnotes":""},"categories":[4],"tags":[],"class_list":["post-3985","post","type-post","status-publish","format-standard","has-post-thumbnail","hentry","category-noutati"],"_links":{"self":[{"href":"https:\/\/news-fm.ro\/index.php\/wp-json\/wp\/v2\/posts\/3985","targetHints":{"allow":["GET"]}}],"collection":[{"href":"https:\/\/news-fm.ro\/index.php\/wp-json\/wp\/v2\/posts"}],"about":[{"href":"https:\/\/news-fm.ro\/index.php\/wp-json\/wp\/v2\/types\/post"}],"author":[{"embeddable":true,"href":"https:\/\/news-fm.ro\/index.php\/wp-json\/wp\/v2\/users\/1"}],"replies":[{"embeddable":true,"href":"https:\/\/news-fm.ro\/index.php\/wp-json\/wp\/v2\/comments?post=3985"}],"version-history":[{"count":0,"href":"https:\/\/news-fm.ro\/index.php\/wp-json\/wp\/v2\/posts\/3985\/revisions"}],"wp:featuredmedia":[{"embeddable":true,"href":"https:\/\/news-fm.ro\/index.php\/wp-json\/wp\/v2\/media\/3986"}],"wp:attachment":[{"href":"https:\/\/news-fm.ro\/index.php\/wp-json\/wp\/v2\/media?parent=3985"}],"wp:term":[{"taxonomy":"category","embeddable":true,"href":"https:\/\/news-fm.ro\/index.php\/wp-json\/wp\/v2\/categories?post=3985"},{"taxonomy":"post_tag","embeddable":true,"href":"https:\/\/news-fm.ro\/index.php\/wp-json\/wp\/v2\/tags?post=3985"}],"curies":[{"name":"wp","href":"https:\/\/api.w.org\/{rel}","templated":true}]}}