{"id":3981,"date":"2022-05-19T06:00:17","date_gmt":"2022-05-19T06:00:17","guid":{"rendered":"http:\/\/news-fm.ro\/index.php\/2022\/05\/19\/cine-canta-la-st-art-noul-festival-de-muzica-si-arta-stradala-din-bucuresti-programul-pe-zile-si-ore\/"},"modified":"2022-05-19T06:00:17","modified_gmt":"2022-05-19T06:00:17","slug":"cine-canta-la-st-art-noul-festival-de-muzica-si-arta-stradala-din-bucuresti-programul-pe-zile-si-ore","status":"publish","type":"post","link":"https:\/\/news-fm.ro\/index.php\/2022\/05\/19\/cine-canta-la-st-art-noul-festival-de-muzica-si-arta-stradala-din-bucuresti-programul-pe-zile-si-ore\/","title":{"rendered":"Cine c\u00e2nt\u0103 la st.ART, noul festival de muzic\u0103 \u0219i art\u0103 stradal\u0103 din Bucure\u0219ti &#8211; Programul pe zile \u0219i ore"},"content":{"rendered":"<p>S\u00e2mb\u0103t\u0103, pe scen\u0103 urc\u0103 ROA, Du Mad, Bross \u00een timp ce \u00een strad\u0103, Obie Platon, unul din veteranii street art-ului din Rom\u00e2nia va demara un visual act performance \u00een cadrul c\u0103ruia va decora o sfer\u0103 imens\u0103 luminat\u0103 din interior spre exterior, pe care o va picta live \u00een timpul festivalului. La finalul celor dou\u0103 zile de festival, formele \u0219i motivele geometrice folosite de artist vor dezv\u0103lui o instala\u021bie de art\u0103 urban\u0103 memorabil\u0103 \u0219i instagramabil\u0103. Sfera, denumit\u0103 Inside the Moon, va putea fi \u00eent\u00e2lnit\u0103 \u00een viitor \u0219i \u00een alte locuri pline de istorie din Bucure\u0219ti.<\/p>\n<p>Bogdan Simion, cobzar \u0219i culeg\u0103tor de muzic\u0103 tradi\u021bional\u0103, urc\u0103 pe scena st.ART duminic\u0103 pentru a readuce la via\u021b\u0103 melodii l\u0103ut\u0103re\u0219ti vechi. Gramofone, K-LU, Dobrikan \u0219i KOV vor purta publicul printr-o diversitate mare de stiluri \u0219i perioade de timp. Totodat\u0103, s\u00e2mb\u0103t\u0103 \u0219i duminic\u0103, Silence Path \u00eei invit\u0103 pe participan\u021bi s\u0103 p\u0103\u0219easc\u0103 \u00een universul sunetului experimental al muzicii electronice.<\/p>\n<p>O echip\u0103 de studen\u021bi de la UNArte, Facultatea de Arte Plastice, Departamentul de Pictur\u0103, sub \u00eendrumarea Lectorului Universitar Doctor Ionu\u021b Anghel, va preg\u0103ti instala\u021bii interactive extrem de diverse care propun optici diferite prin care ora\u0219ul poate fi privit \u0219i perceput: un hidrant imens care va \u00eent\u00e2mpina participan\u021bii la intrare, un labirint de oglinzi supradimenionate \u0219i jocuri de lumini \u0219i un cub \u00een interiorul c\u0103ruia participan\u021bii vor descoperi ora\u0219ul cu sus-ul \u00een jos, animat cu ajutorul unor videoproiec\u021bii.<\/p>\n<p>\u00cen plus, Tudor, primul artist din Rom\u00e2nia care a creat o mural\u0103 cu vopsea de cur\u0103\u021bare a aerului, \u0219i Matteo vor crea o poveste care vorbe\u0219te despre \u00eenceputuri \u0219i despre un ora\u0219 gri care devine viu cu ajutorul culorilor \u0219i al street-art-ului. Cei doi invit\u0103 participan\u021bii s\u0103 descopere treptat \u00eensemn\u0103tatea operei, care are ca baz\u0103 literele supradimensionate START.<\/p>\n<p> Programul pe zile \u0219i ore al st.ART 2022: <\/p>\n<p>S\u00e2mb\u0103t\u0103: <\/p>\n<ul>\n<li>14:00 &#8211; 17:00: Silence Path<\/li>\n<li>17:00 &#8211; 20:00: Bross<\/li>\n<li>20:00 &#8211; 21:00: ROA<\/li>\n<li>21:00 &#8211; 23:00: DU MAD aka MADALIN\u018eSCOVICI |<\/li>\n<\/ul>\n<p>Duminic\u0103: <\/p>\n<ul>\n<li>12:00 &#8211; 16:00: Silence Path<\/li>\n<li>16:00 &#8211; 17:00: Gramofone <\/li>\n<li>17:00 &#8211; 18:00: K-lu<\/li>\n<li>18:00 &#8211; 19:00: Bogdan Simion<\/li>\n<li>19:00 &#8211; 20:00: dobrikan<\/li>\n<li>21:00 &#8211; 23:00 &#8211; Kov<\/li>\n<\/ul>\n<p> Street food la st.ART 2022 <\/p>\n<p>Zona de street food va oferi varietate pentru toate gusturile participan\u021bilor, ace\u0219tia put\u00e2nd alege \u00eentre delicatesele de la Creperie, VanFruct, Arrosticini, Burger Van \u0219i Delicii pe Ro\u021bi.<\/p>\n<p> Acces la st.ART 2022: <\/p>\n<ul>\n<li>Minorii sub 7 ani au acces gratuit \u0219i pot participa \u00een cadrul festivalului, \u00een compania unui p\u0103rinte, p\u00e2n\u0103 la ora 19:00. Persoanele cu dizabilit\u0103\u021bi \u0219i \u00eenso\u021bitorii acestora beneficiaz\u0103 de acces gratuit pe parcursul celor dou\u0103 zile de festival. Pentru a beneficia de gratuitate, adul\u021bii cu dizabilit\u0103\u021bi (sau \u00een cazul minorilor reprezentan\u021bii legali ai acestora) trebuie s\u0103 trimit\u0103 o cerere prin care s\u0103 \u00ee\u0219i exprime dorin\u021ba de a participa la festival \u0219i o declara\u021bie pe proprie r\u0103spundere din care s\u0103 reias\u0103 \u00eencadrarea \u00een grad de handicap la adresa <a data-cfemail=\"91f2feffe5f0f2e5d1e3f4f0f5e8e5fee2e5f0e3e5bff0e3e5bf\" href=\"http:\/\/www.infomusic.ro\/cdn-cgi\/l\/email-protection\">[email\u00a0protected]<\/a><\/li>\n<li>Pre\u021bul unui abonament pentru ambele zile este de 75 de lei, iar cel al unui bilet pe o singur\u0103 zi este de 50 de lei. Biletele se pot cump\u0103ra \u00eenainte \u0219i \u00een tim<\/li>\n<\/ul>\n<p> <a class=\"echo_read_more\" href=\"https:\/\/www.infomusic.ro\/2022\/05\/start-festival-de-muzica-si-arta-stradala-bucuresti\/\" target=\"_blank\" rel=\"noopener\">\u00a0\u00bb\u00a0Cite\u0219te continuarea pe pagina autorului<\/a><\/p>\n","protected":false},"excerpt":{"rendered":"<p>S\u00e2mb\u0103t\u0103, pe scen\u0103 urc\u0103 ROA, Du Mad, Bross \u00een timp ce \u00een strad\u0103, Obie Platon, unul din veteranii street art-ului din Rom\u00e2nia va demara un visual act performance \u00een cadrul c\u0103ruia va decora o sfer\u0103 imens\u0103 luminat\u0103 din interior spre exterior, pe care o va picta live \u00een timpul festivalului. La finalul celor dou\u0103 zile [&hellip;]<\/p>\n","protected":false},"author":1,"featured_media":3982,"comment_status":"open","ping_status":"open","sticky":false,"template":"","format":"standard","meta":{"_crdt_document":"","footnotes":""},"categories":[4],"tags":[],"class_list":["post-3981","post","type-post","status-publish","format-standard","has-post-thumbnail","hentry","category-noutati"],"_links":{"self":[{"href":"https:\/\/news-fm.ro\/index.php\/wp-json\/wp\/v2\/posts\/3981","targetHints":{"allow":["GET"]}}],"collection":[{"href":"https:\/\/news-fm.ro\/index.php\/wp-json\/wp\/v2\/posts"}],"about":[{"href":"https:\/\/news-fm.ro\/index.php\/wp-json\/wp\/v2\/types\/post"}],"author":[{"embeddable":true,"href":"https:\/\/news-fm.ro\/index.php\/wp-json\/wp\/v2\/users\/1"}],"replies":[{"embeddable":true,"href":"https:\/\/news-fm.ro\/index.php\/wp-json\/wp\/v2\/comments?post=3981"}],"version-history":[{"count":0,"href":"https:\/\/news-fm.ro\/index.php\/wp-json\/wp\/v2\/posts\/3981\/revisions"}],"wp:featuredmedia":[{"embeddable":true,"href":"https:\/\/news-fm.ro\/index.php\/wp-json\/wp\/v2\/media\/3982"}],"wp:attachment":[{"href":"https:\/\/news-fm.ro\/index.php\/wp-json\/wp\/v2\/media?parent=3981"}],"wp:term":[{"taxonomy":"category","embeddable":true,"href":"https:\/\/news-fm.ro\/index.php\/wp-json\/wp\/v2\/categories?post=3981"},{"taxonomy":"post_tag","embeddable":true,"href":"https:\/\/news-fm.ro\/index.php\/wp-json\/wp\/v2\/tags?post=3981"}],"curies":[{"name":"wp","href":"https:\/\/api.w.org\/{rel}","templated":true}]}}