{"id":3979,"date":"2022-05-18T21:59:05","date_gmt":"2022-05-18T21:59:05","guid":{"rendered":"http:\/\/news-fm.ro\/index.php\/2022\/05\/18\/shurubel-se-alatura-lineup-ului-saga-festival-2022\/"},"modified":"2022-05-18T21:59:05","modified_gmt":"2022-05-18T21:59:05","slug":"shurubel-se-alatura-lineup-ului-saga-festival-2022","status":"publish","type":"post","link":"https:\/\/news-fm.ro\/index.php\/2022\/05\/18\/shurubel-se-alatura-lineup-ului-saga-festival-2022\/","title":{"rendered":"Shurubel se al\u0103tur\u0103 lineup-ului SAGA Festival 2022"},"content":{"rendered":"<p>Vestea c\u0103 va fi parte din primul festival al verii din Rom\u00e2nia a venit ca o surpriz\u0103 de ziua lui de na\u0219tere, \u00een aceast\u0103 diminea\u021b\u0103. Colegii lui, Adela Popescu \u0219i Bogdan, l-au sus\u021binut \u0219i i-au promis c\u0103-i vor fi al\u0103turi la festival.<\/p>\n<p>  Shurubel: &#8220;Sunt sigur c\u0103 scena la care o s\u0103 pun o s\u0103 fie pe super dans pe toat\u0103 durata setului&#8221; <\/p>\n<p>&#8220;\u00cen momentul \u00een care am auzit c\u0103 e pe bune, c\u0103 o s\u0103 pun muzic\u0103 la SAGA, mi-au explodat efectiv \u00een minte toate amintirile pe care le-am tr\u0103it pe scen\u0103, \u00een fa\u021ba playerelor \u0219i \u00een fa\u021ba publicului. Am \u0219i acum flashback-uri cu m\u00e2ini ridicate care m\u0103 prind c\u00e2nd m\u0103 arunc de pe scen\u0103 \u0219i m\u0103 plimb\u0103 \u00een timp ce piesa ajunge la drop \u00een spatele meu. Sunt sigur c\u0103 scena la care o s\u0103 pun o s\u0103 fie pe super dans pe toat\u0103 durata setului \u0219i, dac\u0103 vre\u021bi s\u0103 vede\u021bi \u00een ce zon\u0103 de muzic\u0103 ne \u00eent\u00e2lnim, da\u021bi o tur\u0103 pe la playlistul meu de pe Spotify, care se nume\u0219te Stage Monkey. B\u0103i, abia a\u0219teeept!&#8221;, a spus Shurubel.<\/p>\n<p>Shurubel are la dispozi\u021bie 16 zile pentru a-\u0219i preg\u0103ti setul de festival \u0219i este ner\u0103bd\u0103tor s\u0103 se \u00eent\u00e2lneasc\u0103 cu festivalierii \u0219i s\u0103 se distreze cu ga\u0219ca de prieteni.<\/p>\n<p>SAGA aduce \u00een iunie un concept inedit, un mix eclectic de arti\u0219ti, genuri EDM \u0219i sound-uri care vor asigura distrac\u021bia festivalierilor \u0219i dorin\u021ba de a dansa p\u00e2n\u0103 diminea\u021ba. Pe l\u00e2ng\u0103 scena principal\u0103, scenele underground vor fi locul perfect pentru stiluri precum tech house, techno \u0219i nu numai. Arena Na\u021bional\u0103 \u0219i parcul care o \u00eemprejmuie\u0219te vor fi complet transformate \u00eentr-un loc \u00een care imposibilul devine posibil \u0219i dorin\u021bele \u00eencep s\u0103 prind\u0103 contur.<\/p>\n<p>Afrojack, Black Coffee, Deadmau5, DJ Snake, Elderbrook, Fedde Le Grand, Fisher, Marshmello, Meduza, Ofenbach, Purple Disco Machine, <\/p>\n<p> <a class=\"echo_read_more\" href=\"https:\/\/www.infomusic.ro\/2022\/05\/shurubel-se-alatura-lineup-ului-saga-festival-2022\/\" target=\"_blank\" rel=\"noopener\">\u00a0\u00bb\u00a0Cite\u0219te continuarea pe pagina autorului<\/a><\/p>\n","protected":false},"excerpt":{"rendered":"<p>Vestea c\u0103 va fi parte din primul festival al verii din Rom\u00e2nia a venit ca o surpriz\u0103 de ziua lui de na\u0219tere, \u00een aceast\u0103 diminea\u021b\u0103. Colegii lui, Adela Popescu \u0219i Bogdan, l-au sus\u021binut \u0219i i-au promis c\u0103-i vor fi al\u0103turi la festival. Shurubel: &#8220;Sunt sigur c\u0103 scena la care o s\u0103 pun o s\u0103 fie [&hellip;]<\/p>\n","protected":false},"author":1,"featured_media":3980,"comment_status":"open","ping_status":"open","sticky":false,"template":"","format":"standard","meta":{"_crdt_document":"","footnotes":""},"categories":[4],"tags":[],"class_list":["post-3979","post","type-post","status-publish","format-standard","has-post-thumbnail","hentry","category-noutati"],"_links":{"self":[{"href":"https:\/\/news-fm.ro\/index.php\/wp-json\/wp\/v2\/posts\/3979","targetHints":{"allow":["GET"]}}],"collection":[{"href":"https:\/\/news-fm.ro\/index.php\/wp-json\/wp\/v2\/posts"}],"about":[{"href":"https:\/\/news-fm.ro\/index.php\/wp-json\/wp\/v2\/types\/post"}],"author":[{"embeddable":true,"href":"https:\/\/news-fm.ro\/index.php\/wp-json\/wp\/v2\/users\/1"}],"replies":[{"embeddable":true,"href":"https:\/\/news-fm.ro\/index.php\/wp-json\/wp\/v2\/comments?post=3979"}],"version-history":[{"count":0,"href":"https:\/\/news-fm.ro\/index.php\/wp-json\/wp\/v2\/posts\/3979\/revisions"}],"wp:featuredmedia":[{"embeddable":true,"href":"https:\/\/news-fm.ro\/index.php\/wp-json\/wp\/v2\/media\/3980"}],"wp:attachment":[{"href":"https:\/\/news-fm.ro\/index.php\/wp-json\/wp\/v2\/media?parent=3979"}],"wp:term":[{"taxonomy":"category","embeddable":true,"href":"https:\/\/news-fm.ro\/index.php\/wp-json\/wp\/v2\/categories?post=3979"},{"taxonomy":"post_tag","embeddable":true,"href":"https:\/\/news-fm.ro\/index.php\/wp-json\/wp\/v2\/tags?post=3979"}],"curies":[{"name":"wp","href":"https:\/\/api.w.org\/{rel}","templated":true}]}}