{"id":3965,"date":"2022-05-17T13:00:17","date_gmt":"2022-05-17T13:00:17","guid":{"rendered":"http:\/\/news-fm.ro\/index.php\/2022\/05\/17\/eurovision-2022-dan-negru-critica-tvr-ul-si-pe-wrs-dar-lauda-moldova\/"},"modified":"2022-05-17T13:00:17","modified_gmt":"2022-05-17T13:00:17","slug":"eurovision-2022-dan-negru-critica-tvr-ul-si-pe-wrs-dar-lauda-moldova","status":"publish","type":"post","link":"https:\/\/news-fm.ro\/index.php\/2022\/05\/17\/eurovision-2022-dan-negru-critica-tvr-ul-si-pe-wrs-dar-lauda-moldova\/","title":{"rendered":"Eurovision 2022: Dan Negru critic\u0103 TVR-ul \u0219i pe WRS, dar laud\u0103 Moldova"},"content":{"rendered":"<p>Dup\u0103 <a href=\"https:\/\/www.infomusic.ro\/2022\/05\/eurovision-2022-jurizare-iuliana-marciuc-ofera-explicatii\/\">explica\u021biile oferite de Iuliana Marciuc<\/a>, \u0219efa delega\u021biei Rom\u00e2niei la Eurovision 2022, situa\u021bia interven\u021biei EBU \u00een notele juriului din \u021bara noastr\u0103 r\u0103m\u00e2ne nerezolvat\u0103. Potrivit TVR, EBU nu a r\u0103spuns \u00eenc\u0103 solicit\u0103rii televiziunii rom\u00e2ne de a detalia motivul pentru care punctajul juriului din Rom\u00e2nia ar prezenta un <em>&#8220;tipar de vot incorect&#8221;<\/em>.<\/p>\n<p>Pe acest subiect a reac\u021bionat, recent, \u0219i Dan Negru, fost prezentator al TVR. Din perspectiva sa, televiziunea rom\u00e2n\u0103 a reac\u021bionat tardiv \u00een acest scandal.<\/p>\n<p> Dan Negru: &#8220;Televiziunea public\u0103 trebuia s\u0103 anun\u021be \u00een timp real pe toate re\u021belele social media c\u0103 le este cenzurat votul&#8221; <\/p>\n<p>&#8220;TVR a reac\u021bionat t\u00e2rziu explic\u00e2nd c\u0103 Eurovision le-a cenzurat votul. A f\u0103cut-o abia dup\u0103 ce toat\u0103 \u021bara a huiduit faptul c\u0103 Rom\u00e2nia nu a acordat niciun punct Moldovei. Adic\u0103, la ore distan\u021b\u0103 dup\u0103 ce scandalul era deja pornit!<\/p>\n<p>Lentoarea \u00een reac\u021bii e caracteristic\u0103 institu\u021biilor de stat din Rom\u00e2nia. Televiziunea public\u0103 trebuia s\u0103 anun\u021be \u00een timp real pe toate re\u021belele social media c\u0103 le este cenzurat votul. Atunci, pe loc, s\u00e2mb\u0103t\u0103 seara ! Au f\u0103cut-o t\u00e2rziu, la presiunea publicului!&#8221;, a scris Dan Negru \u00eentr-o <a href=\"https:\/\/www.facebook.com\/photo?fbid=580721903617509&#038;set=a.285478773141825\" rel=\"noopener\" target=\"_blank\">postare pe Facebook<\/a>.<\/p>\n<p> Dan Negru: &#8220;Chi\u0219in\u0103ul a avut curajul unui pas mare. Noi am \u021bop\u0103it&#8221; <\/p>\n<p>Dan Negru nu s-a oprit la a critica doar TVR-ul. Acesta a etichetat show-ul f\u0103cut de wrs drept &#8220;\u021bop\u0103ial\u0103&#8221;. Pe moldoveni, \u00een schimb, i-a l\u0103udat pentru curajul de a transmite un mesaj politic prin piesa lor de la Eurovision 2022.<\/p>\n<p>&#8220;\u00cen continuare cred c\u0103 moldovenii au c***e \u0219i ai no\u0219tri n-au. Chi\u0219in\u0103u a spus public, \u00een prime-time european, c\u0103 Bucure\u0219ti &#8211; Chi\u0219in\u0103u e totuna. Reac\u021bia Bucure\u0219tiului a fost \u021bop\u0103iala in limba spaniol\u0103. Moldovenii n-au punctat o melodie \u00een limba spaniol\u0103. Asta a c\u00e2ntat Rom\u00e2nia &#x1f92a;<\/p>\n<p>&#8220;<a href=\"https:\/\/www.infomusic.ro\/2022\/01\/zdob-si-zdub-moldova-eurovision-2022-trenuletul-versuri-unioniste-schimbate\/\">Trenule\u021bul Chi\u0219in\u0103u-Bucure\u0219ti<\/a>&#8221; va r\u0103m\u00e2ne un act de curaj al mesajului politic in muzic\u0103. Chi\u0219in\u0103ul a avut curajul unui pas mare. Noi am \u021bop\u0103it. Nu po\u021bi s\u0103 sari o pr\u0103pastie \u021bopaind ! Trebuie s\u0103 ai curajul s\u0103 faci un pas mare&#8230;&#8221;, a mai spus prezentatorul de la Kanal D.<\/p>\n<p> Ultimele informa\u021bii comunicate de TVR \u00een contextul scandalului juriz\u0103rii de la Eurovision 2022 <\/p>\n<p>\u00cen ultimele ore, TVR-ul a continuat s\u0103 fac\u0103 dezv\u0103luri pe tema juriz\u0103rii de la Eurovision 2022. Televiziunea rom\u00e2n\u0103 a publicat componen\u021ba juriului \u0219i notele reale oferite de Rom\u00e2nia.<\/p>\n<p>&#8220;Componen\u021ba juriului Rom\u00e2niei a fost urm\u0103toarea: Sanda Lado\u0219i, Lumini\u021ba Anghel, Ovi Jacobsen, Liviu Eleke\u0219 \u0219i Mihai Pocorschi.<\/p>\n<p>Punctajul acordat de juriul Rom\u00e2niei concuren\u021bilor din finala Eurovision 2022:<\/p>\n<ul>\n<li>Moldova &#8211; 12 puncte<\/li>\n<li>Grecia &#8211; 10 puncte<\/li>\n<li>Polonia &#8211; 8 puncte<\/li>\n<li>Olanda &#8211; 7 puncte<\/li>\n<li>Azerbaidjan &#8211; 6 puncte<\/li>\n<li>Australia &#8211; 5 puncte<\/li>\n<li>Italia &#8211; 4 puncte<\/li>\n<li>Spania &#8211; 3 puncte<\/li>\n<li>Finlanda &#8211; 2 puncte<\/li>\n<li>Lituania &#8211; 1 punct&#8221;, a dezv\u0103luit TVR.<\/li>\n<\/ul>\n<p> Care a fost punctajul acordat de juriul \u0219i publicul din Moldova <\/p>\n<p>Juriul din Moldova nu a fost la fel de generos cu reprezentantul Rom\u00e2niei. WRS nu a primit niciun punct din partea juriului din Moldova, primind, totu\u0219i 10 puncte din partea publicului. Juriul din Moldova a fost alc\u0103tuit din: Ilona Stepan, Adriano Marian, Cristina Scarlat, Eugen Doibani \u0219i Radmila Popovici.<\/p>\n<p><img loading=\"lazy\" decoding=\"async\" alt=\"Notele publicului \u0219i ale juriului din Moldova la Eurovision 2022\" height=\"533\" loading=\"lazy\"  src=\"https:\/\/static.infomusic.ro\/media\/2022\/05\/voturi-juriu-moldova-eurovision-2022.jpg\"  width=\"800\"\/><\/p>\n<p>Notele publicului \u0219i ale juriului din Moldova la Eurovision 2022<\/p>\n<p> Ce \u021b\u0103ri au mai fost penalizate de EBU <\/p>\n<p>Organizatorul Eurovision 2022 a eliminat notele oferite de juriile din \u015fase \u0163\u0103ri din cauza unor nereguli. Al\u0103turi de Rom\u00e2nia, printre juriile descalificate se num\u0103ra \u015fi juriile din Georgia,<\/p>\n<p> <a class=\"echo_read_more\" href=\"https:\/\/www.infomusic.ro\/2022\/05\/eurovision-2022-dan-negru-critica-tvr-wrs-lauda-moldova\/\" target=\"_blank\" rel=\"noopener\">\u00a0\u00bb\u00a0Cite\u0219te continuarea pe pagina autorului<\/a><\/p>\n","protected":false},"excerpt":{"rendered":"<p>Dup\u0103 explica\u021biile oferite de Iuliana Marciuc, \u0219efa delega\u021biei Rom\u00e2niei la Eurovision 2022, situa\u021bia interven\u021biei EBU \u00een notele juriului din \u021bara noastr\u0103 r\u0103m\u00e2ne nerezolvat\u0103. Potrivit TVR, EBU nu a r\u0103spuns \u00eenc\u0103 solicit\u0103rii televiziunii rom\u00e2ne de a detalia motivul pentru care punctajul juriului din Rom\u00e2nia ar prezenta un &#8220;tipar de vot incorect&#8221;. Pe acest subiect a reac\u021bionat, [&hellip;]<\/p>\n","protected":false},"author":1,"featured_media":3966,"comment_status":"open","ping_status":"open","sticky":false,"template":"","format":"standard","meta":{"_crdt_document":"","footnotes":""},"categories":[4],"tags":[],"class_list":["post-3965","post","type-post","status-publish","format-standard","has-post-thumbnail","hentry","category-noutati"],"_links":{"self":[{"href":"https:\/\/news-fm.ro\/index.php\/wp-json\/wp\/v2\/posts\/3965","targetHints":{"allow":["GET"]}}],"collection":[{"href":"https:\/\/news-fm.ro\/index.php\/wp-json\/wp\/v2\/posts"}],"about":[{"href":"https:\/\/news-fm.ro\/index.php\/wp-json\/wp\/v2\/types\/post"}],"author":[{"embeddable":true,"href":"https:\/\/news-fm.ro\/index.php\/wp-json\/wp\/v2\/users\/1"}],"replies":[{"embeddable":true,"href":"https:\/\/news-fm.ro\/index.php\/wp-json\/wp\/v2\/comments?post=3965"}],"version-history":[{"count":0,"href":"https:\/\/news-fm.ro\/index.php\/wp-json\/wp\/v2\/posts\/3965\/revisions"}],"wp:featuredmedia":[{"embeddable":true,"href":"https:\/\/news-fm.ro\/index.php\/wp-json\/wp\/v2\/media\/3966"}],"wp:attachment":[{"href":"https:\/\/news-fm.ro\/index.php\/wp-json\/wp\/v2\/media?parent=3965"}],"wp:term":[{"taxonomy":"category","embeddable":true,"href":"https:\/\/news-fm.ro\/index.php\/wp-json\/wp\/v2\/categories?post=3965"},{"taxonomy":"post_tag","embeddable":true,"href":"https:\/\/news-fm.ro\/index.php\/wp-json\/wp\/v2\/tags?post=3965"}],"curies":[{"name":"wp","href":"https:\/\/api.w.org\/{rel}","templated":true}]}}