{"id":3841,"date":"2022-05-02T07:00:20","date_gmt":"2022-05-02T07:00:20","guid":{"rendered":"http:\/\/news-fm.ro\/index.php\/2022\/05\/02\/episodul-12-iumor-sezonul-12-a-avut-o-ca-jurat-pe-iulia-albu-o-cerere-in-casatorie-si-un-tatuaj-live\/"},"modified":"2022-05-02T07:00:20","modified_gmt":"2022-05-02T07:00:20","slug":"episodul-12-iumor-sezonul-12-a-avut-o-ca-jurat-pe-iulia-albu-o-cerere-in-casatorie-si-un-tatuaj-live","status":"publish","type":"post","link":"https:\/\/news-fm.ro\/index.php\/2022\/05\/02\/episodul-12-iumor-sezonul-12-a-avut-o-ca-jurat-pe-iulia-albu-o-cerere-in-casatorie-si-un-tatuaj-live\/","title":{"rendered":"Episodul 12 iUmor sezonul 12 a avut-o ca jurat pe Iulia Albu, o cerere \u00een c\u0103s\u0103torie \u015fi un tatuaj live"},"content":{"rendered":"<p><a href=\"https:\/\/www.infomusic.ro\/stiri\/muzica\/emisiuni-muzica\/\">Emisiuni radio-tv<\/a>   <\/p>\n<p>\u00cen ceea ce pare a fi cea mai lung\u0103 serie de preselec\u0163ii de p\u00e2n\u0103 acum la iUmor, emisiunea a ajuns la episodul 12 al sezonului 12 pe 1 mai 2022. A\u015fa cum ne-a obi\u015fnuit acest sezon, am avut parte de un al patrulea jurat, care i-a completat pe Mihai Bendeac, Delia \u015fi Cheloo: Iulia Albu.<\/p>\n<p><img loading=\"lazy\" decoding=\"async\" alt=\"\" height=\"46\" loading=\"lazy\" src=\"https:\/\/secure.gravatar.com\/avatar\/ee005f72e5991809a79a3166fc02dae9?s=46&#038;d=blank&#038;r=g\"  width=\"46\"\/> <\/p>\n<p>Publicat<\/p>\n<p>acum 3 ore<\/p>\n<p>pe<\/p>\n<p>02\/05\/2022<\/p>\n<p><img fetchpriority=\"high\" decoding=\"async\" alt=\"iUmor sezonul 12 episodul 12 Iulia Albu\" height=\"667\" src=\"https:\/\/static.infomusic.ro\/media\/2022\/05\/iumor-sezonul-12-episodul-12-iulia-albu-1000x667.jpg\" width=\"1000\"\/><\/p>\n<p> iUmor sezonul 12 episodul 12 Iulia Albu \u2502 FOTO: Antena 1 <\/p>\n<p>Episodul 12 din sezonul 12 iUmor a inclus un roast pentru Iulia Albu de la creatoarea de mod\u0103 Adina Buzatu, dar \u015fi de la iubitul noii jurate, care i-a f\u0103cut chiar o cerere \u00een c\u0103s\u0103torie. Tot pentru roast-uri au venit \u015fi Ramona B\u0103descu \u015fi Sergiu Miric\u0103. Ramona B\u0103descu ne-a \u00eenc\u00e2ntat cu un \u015fpagat \u015fi a fost ridicat\u0103 de c\u0103tre Cheloo. Seara a \u00eenceput cu comedianta Anisia Gafton, fosta concurent\u0103 <a href=\"https:\/\/www.infomusic.ro\/2022\/04\/dani-otil-a-fost-al-patrulea-jurat-iumor-in-episodul-10-din-sezonul-12-urmareste-momentele-serii\/\">iUmor<\/a>. A f\u0103cut glume despre pantofi scumpi \u015fi despre rela\u0163ii de lung\u0103 durat\u0103, mai ales \u00een perioada pandemiei.<\/p>\n<p>T\u00e2n\u0103rul Eduard Moise a venit de pe b\u0103ncile liceului pentru a \u00eei impresiona pe jura\u0163i \u015fi mai ales pe Dan Badea, care i-a v\u0103zut un timing de comediant mare. A fost comparat cu C\u0103t\u0103lin Bordea \u015fi a avut o energie excelent\u0103. Momentul serii a fost cel pus \u00een scen\u0103 de Milena Vega, care pe l\u00e2ng\u0103 poante \u015fi povestiri de la UNTOLD \u015fi b\u0103ile sale mai mult sau mai pu\u0163in murdare, a avut curajul de a se l\u0103sa tatuat\u0103 live de <a href=\"https:\/\/www.infomusic.ro\/2022\/04\/cheloo-el-este-cel-mai-bun-rapper-care-a-fost-vreodata-la-iumor-urmareste-numarul-lui-daniel-preda\/\">Cheloo<\/a>.<\/p>\n<\/p>\n<p>Messe Silviu a \u00eencercat s\u0103 \u00ee\u015fi aduc\u0103 num\u0103rul de pe Instagram pe scena iUmor, dar nu prea a reu\u015fit. Mihai Bendeac a fost total sec\u0103tuit de energie \u00een urma acestui num\u0103r axat pe obiceiurile de pe vapor, \u00een lipsa femeilor. Am avut \u015fi un moment elegant de standup semnat Nicole Genes, savurat \u00een mod special de Mihai Bendeac. Tonul vocii \u015fi modul \u00een care au curs cuvintele concuren\u0163ei au fost ca mierea pentru jura\u0163i, mai ales Delia \u015fi Bendeac.<\/p>\n<\/p>\n<p>Haidar Al Rawi a fost surpriza serii, un student la stomatologie care st\u0103 de 6 ani \u00een Rom\u00e2nia. A f\u0103cut glume despre meseria de ginecolog a tat\u0103lui, despre aspira\u0163ii la Ferrari \u015fi despre cli\u015feul cu popoarele arabe \u015fi bombele. Am aflat multe despre diferen\u0163ele culturale \u00eentre Siria \u015fi Rom\u00e2nia \u015fi toate livrate cu o candoare special\u0103.<\/p>\n<p>Nu a lipsit nici magia, realizat\u0103 de Paupi El Mago, o apari\u0163ie bizar\u0103 pe scen\u0103, un concurent cu un sac pe cap \u015fi cu puzzle-uri numerice. Claudia Susanu a \u00eencheiat seara cu o scenet\u0103 \u00een care o juca pe Diana \u015eo\u015foac\u0103, care venea la vaccin la veterinar. O scen\u0103 \u00een doi cu valen\u0163e de teatru de comedie. Episodul 13 din sezonul 12 iUmor va fi unul axat pe roast-uri se pare.<\/p>\n<\/p>\n<p>    \u00ce\u021bi recomand\u0103m aceste videoclipuri        <\/p>\n<p><img decoding=\"async\" alt=\"INFOMUSIC\" height=\"150\" src=\"https:\/\/static.infomusic.ro\/logo-slogan.svg\" width=\"150\"\/><\/p>\n<p>                <a href=\"https:\/\/www.infomusic.ro\/stiri\/muzica\/emisiuni-muzica\/\">Emisiuni radio-tv<\/a>   <\/p>\n<p>Sezonul 12 din iUmor, emisiunea de tip talent show umoristic difuzat\u0103 de Antena 1 a adus o mare schimbare de format. E vorba despre al patrulea jurat, care se schimb\u0103 \u00een fiecare episod. \u00cen episodul 10 gazda de la &#8220;Nea\u0163a&#8221;, Dani O\u0163il a sosit la masa juriului \u015fi a avut parte de momente comice \u015fi un roast intens.<\/p>\n<p><img loading=\"lazy\" decoding=\"async\" alt=\"\" height=\"46\" loading=\"lazy\" src=\"https:\/\/secure.gravatar.com\/avatar\/ee005f72e5991809a79a3166fc02dae9?s=46&#038;d=blank&#038;r=g\"  width=\"46\"\/> <\/p>\n<p>Publicat<\/p>\n<p>acum 2 s\u0103pt\u0103m\u00e2ni<\/p>\n<p>pe<\/p>\n<p>18\/04\/2022 <\/p>\n<p><img loading=\"lazy\" decoding=\"async\" alt=\"Dani Otil jurat iUmor sezonul 12 episodul 10\" height=\"667\" loading=\"lazy\" src=\"https:\/\/static.infomusic.ro\/media\/2022\/04\/dani-otil-jurat-iumor-sezonul-12-1000x667.jpg\" width=\"1000\"\/> <\/p>\n<p> Dani Otil jurat iUmor sezonul 12 episodul 10 \u2502 FOTO: Antena 1 <\/p>\n<p>Episodul 10 din sezonul 12 iUmor a \u00eenceput cu o vedet\u0103 interna\u0163ional\u0103 a standup-ului,<\/p>\n<p> <a class=\"echo_read_more\" href=\"https:\/\/www.infomusic.ro\/2022\/05\/episodul-12-iumor-sezonul-12-a-avut-o-ca-jurat-pe-iulia-albu-o-cerere-in-casatorie-si-un-tatuaj-live\/\" target=\"_blank\" rel=\"noopener\">\u00a0\u00bb\u00a0Cite\u0219te continuarea pe pagina autorului<\/a><\/p>\n","protected":false},"excerpt":{"rendered":"<p>Emisiuni radio-tv \u00cen ceea ce pare a fi cea mai lung\u0103 serie de preselec\u0163ii de p\u00e2n\u0103 acum la iUmor, emisiunea a ajuns la episodul 12 al sezonului 12 pe 1 mai 2022. A\u015fa cum ne-a obi\u015fnuit acest sezon, am avut parte de un al patrulea jurat, care i-a completat pe Mihai Bendeac, Delia \u015fi Cheloo: [&hellip;]<\/p>\n","protected":false},"author":1,"featured_media":3842,"comment_status":"open","ping_status":"open","sticky":false,"template":"","format":"standard","meta":{"_crdt_document":"","footnotes":""},"categories":[4],"tags":[],"class_list":["post-3841","post","type-post","status-publish","format-standard","has-post-thumbnail","hentry","category-noutati"],"_links":{"self":[{"href":"https:\/\/news-fm.ro\/index.php\/wp-json\/wp\/v2\/posts\/3841","targetHints":{"allow":["GET"]}}],"collection":[{"href":"https:\/\/news-fm.ro\/index.php\/wp-json\/wp\/v2\/posts"}],"about":[{"href":"https:\/\/news-fm.ro\/index.php\/wp-json\/wp\/v2\/types\/post"}],"author":[{"embeddable":true,"href":"https:\/\/news-fm.ro\/index.php\/wp-json\/wp\/v2\/users\/1"}],"replies":[{"embeddable":true,"href":"https:\/\/news-fm.ro\/index.php\/wp-json\/wp\/v2\/comments?post=3841"}],"version-history":[{"count":0,"href":"https:\/\/news-fm.ro\/index.php\/wp-json\/wp\/v2\/posts\/3841\/revisions"}],"wp:featuredmedia":[{"embeddable":true,"href":"https:\/\/news-fm.ro\/index.php\/wp-json\/wp\/v2\/media\/3842"}],"wp:attachment":[{"href":"https:\/\/news-fm.ro\/index.php\/wp-json\/wp\/v2\/media?parent=3841"}],"wp:term":[{"taxonomy":"category","embeddable":true,"href":"https:\/\/news-fm.ro\/index.php\/wp-json\/wp\/v2\/categories?post=3841"},{"taxonomy":"post_tag","embeddable":true,"href":"https:\/\/news-fm.ro\/index.php\/wp-json\/wp\/v2\/tags?post=3841"}],"curies":[{"name":"wp","href":"https:\/\/api.w.org\/{rel}","templated":true}]}}