{"id":3816,"date":"2022-04-27T19:59:14","date_gmt":"2022-04-27T19:59:14","guid":{"rendered":"http:\/\/news-fm.ro\/index.php\/2022\/04\/27\/doctor-strange-in-multiversul-nebuniei-ajunge-in-cinematografele-din-romania\/"},"modified":"2022-04-27T19:59:14","modified_gmt":"2022-04-27T19:59:14","slug":"doctor-strange-in-multiversul-nebuniei-ajunge-in-cinematografele-din-romania","status":"publish","type":"post","link":"https:\/\/news-fm.ro\/index.php\/2022\/04\/27\/doctor-strange-in-multiversul-nebuniei-ajunge-in-cinematografele-din-romania\/","title":{"rendered":"&#8220;Doctor Strange \u00een Multiversul Nebuniei&#8221; ajunge \u00een cinematografele din Rom\u00e2nia"},"content":{"rendered":"<p>Produc\u021bia &#8220;Doctor Strange \u00een Multiversul Nebuniei&#8221;, anun\u021bat\u0103 prima dat\u0103 la evenimentul Comic Con \u00een anul 2019, ajunge anul acesta \u00een cinematografele din Rom\u00e2nia, biletele put\u00e2nd fi achizi\u021bionate online. Distribuit de Forum Film, anticipatul &#8220;Doctor Strange in the Multiverse of Madness \/ Doctor Strange \u00een Multiversul Nebuniei&#8221; va avea avanpremiera \u00een cinematografele din Rom\u00e2nia pe data de 5 mai \u0219i premiera pe 6 mai 2022 \u00een formatele 2D, 3D, IMAX 3D, 4DX si Dolby Atmos.<\/p>\n<p>Cel de-al 28-lea film din Universul cinematografic Marvel este regizat de Sam Raimi \u0219i \u00eei are \u00een distribu\u021bie pe Benedict Cumberbatch, Chiwetel Ejiofor Elizabeth Olsen, Benedict Wong , Xochitl Gomez, Sheila Atim, Adam Hugil, Michael St\u00fchlbarg \u0219i Rachel McAdams.<\/p>\n<p>&#8220;Doctor Strange \u00een Multiversul Nebuniei&#8221; va fi cel mai imprevizibil film Marvel de p\u00e2n\u0103 acum, ne\u0219tiind la cine sau la ce anume s\u0103 te a\u0219tep\u021bi. Cinefilii vor descoperi \u00een premier\u0103 multiuniversul uluitor, un concept pu\u021bin exploatat \u0219i care va oferi r\u0103sturn\u0103ri de situa\u021bie spectaculoase, suspans, posibilit\u0103\u021bi infinite \u0219i senza\u021bii \u00eenfrico\u0219\u0103toare, unde realitatea se d\u0103 peste cap.<\/p>\n<p>Sam Raimi a preluat locul regizorului original &#8220;Doctor Strange&#8221;, Scott Derrickson, care a renun\u021bat la film din cauza diferen\u021belor creative. Cei familiariza\u021bi cu filmele lui Raimi \u0219tiu c\u0103 acestuia \u00eei place s\u0103 \u00eemping\u0103 limitele, folosind diferite tehnici de filmare pentru un efect de tip &#8220;comics&#8221; \u0219i artistic. Fan devotat al albumelor de benzi desenate, Raimi este foarte atent la modul \u00een care folose\u0219te camera, prim-planurile sale sunt extreme, unghiurile \u00eenclinate, parc\u0103 imit\u00e2nd benzile desenate.<\/p>\n<p> VIDEO Trailer: &#8220;Doctor Strange \u00een Multiversul Nebuniei&#8221; \/ &#8220;Doc <a class=\"echo_read_more\" href=\"https:\/\/www.infomusic.ro\/2022\/04\/doctor-strange-in-multiversul-nebuniei-cinematografe-romania-5-mai\/\" target=\"_blank\" rel=\"noopener\">\u00a0\u00bb\u00a0Cite\u0219te continuarea pe pagina autorului<\/a><\/p>\n","protected":false},"excerpt":{"rendered":"<p>Produc\u021bia &#8220;Doctor Strange \u00een Multiversul Nebuniei&#8221;, anun\u021bat\u0103 prima dat\u0103 la evenimentul Comic Con \u00een anul 2019, ajunge anul acesta \u00een cinematografele din Rom\u00e2nia, biletele put\u00e2nd fi achizi\u021bionate online. Distribuit de Forum Film, anticipatul &#8220;Doctor Strange in the Multiverse of Madness \/ Doctor Strange \u00een Multiversul Nebuniei&#8221; va avea avanpremiera \u00een cinematografele din Rom\u00e2nia pe data [&hellip;]<\/p>\n","protected":false},"author":1,"featured_media":3817,"comment_status":"open","ping_status":"open","sticky":false,"template":"","format":"standard","meta":{"_crdt_document":"","footnotes":""},"categories":[4],"tags":[],"class_list":["post-3816","post","type-post","status-publish","format-standard","has-post-thumbnail","hentry","category-noutati"],"_links":{"self":[{"href":"https:\/\/news-fm.ro\/index.php\/wp-json\/wp\/v2\/posts\/3816","targetHints":{"allow":["GET"]}}],"collection":[{"href":"https:\/\/news-fm.ro\/index.php\/wp-json\/wp\/v2\/posts"}],"about":[{"href":"https:\/\/news-fm.ro\/index.php\/wp-json\/wp\/v2\/types\/post"}],"author":[{"embeddable":true,"href":"https:\/\/news-fm.ro\/index.php\/wp-json\/wp\/v2\/users\/1"}],"replies":[{"embeddable":true,"href":"https:\/\/news-fm.ro\/index.php\/wp-json\/wp\/v2\/comments?post=3816"}],"version-history":[{"count":0,"href":"https:\/\/news-fm.ro\/index.php\/wp-json\/wp\/v2\/posts\/3816\/revisions"}],"wp:featuredmedia":[{"embeddable":true,"href":"https:\/\/news-fm.ro\/index.php\/wp-json\/wp\/v2\/media\/3817"}],"wp:attachment":[{"href":"https:\/\/news-fm.ro\/index.php\/wp-json\/wp\/v2\/media?parent=3816"}],"wp:term":[{"taxonomy":"category","embeddable":true,"href":"https:\/\/news-fm.ro\/index.php\/wp-json\/wp\/v2\/categories?post=3816"},{"taxonomy":"post_tag","embeddable":true,"href":"https:\/\/news-fm.ro\/index.php\/wp-json\/wp\/v2\/tags?post=3816"}],"curies":[{"name":"wp","href":"https:\/\/api.w.org\/{rel}","templated":true}]}}