{"id":3783,"date":"2022-04-18T05:00:21","date_gmt":"2022-04-18T05:00:21","guid":{"rendered":"http:\/\/news-fm.ro\/index.php\/2022\/04\/18\/dani-otil-a-fost-al-patrulea-jurat-iumor-in-episodul-10-din-sezonul-12-urmareste-momentele-serii\/"},"modified":"2022-04-18T05:00:21","modified_gmt":"2022-04-18T05:00:21","slug":"dani-otil-a-fost-al-patrulea-jurat-iumor-in-episodul-10-din-sezonul-12-urmareste-momentele-serii","status":"publish","type":"post","link":"https:\/\/news-fm.ro\/index.php\/2022\/04\/18\/dani-otil-a-fost-al-patrulea-jurat-iumor-in-episodul-10-din-sezonul-12-urmareste-momentele-serii\/","title":{"rendered":"Dani O\u0163il a fost al patrulea jurat iUmor \u00een episodul 10 din sezonul 12; Urm\u0103re\u015fte momentele serii"},"content":{"rendered":"<p><a href=\"https:\/\/www.infomusic.ro\/stiri\/muzica\/emisiuni-muzica\/\">Emisiuni radio-tv<\/a>   <\/p>\n<p>Sezonul 12 din iUmor, emisiunea de tip talent show umoristic difuzat\u0103 de Antena 1 a adus o mare schimbare de format. E vorba despre al patrulea jurat, care se schimb\u0103 \u00een fiecare episod. \u00cen episodul 10 gazda de la &#8220;Nea\u0163a&#8221;, Dani O\u0163il a sosit la masa juriului \u015fi a avut parte de momente comice \u015fi un roast intens.<\/p>\n<p><img loading=\"lazy\" decoding=\"async\" alt=\"\" height=\"46\" loading=\"lazy\" src=\"https:\/\/secure.gravatar.com\/avatar\/ee005f72e5991809a79a3166fc02dae9?s=46&#038;d=blank&#038;r=g\"  width=\"46\"\/> <\/p>\n<p>Publicat<\/p>\n<p>acum o or\u0103<\/p>\n<p>pe<\/p>\n<p>18\/04\/2022<\/p>\n<p><img fetchpriority=\"high\" decoding=\"async\" alt=\"Dani Otil jurat iUmor sezonul 12 episodul 10\" height=\"667\" src=\"https:\/\/static.infomusic.ro\/media\/2022\/04\/dani-otil-jurat-iumor-sezonul-12-1000x667.jpg\" width=\"1000\"\/><\/p>\n<p> Dani Otil jurat iUmor sezonul 12 episodul 10 \u2502 FOTO: Antena 1 <\/p>\n<p>Episodul 10 din sezonul 12 iUmor a \u00eenceput cu o vedet\u0103 interna\u0163ional\u0103 a standup-ului, Sid Singh, un american cu origini indiene, ale c\u0103rui glume au fost salutate de <a href=\"https:\/\/www.infomusic.ro\/2022\/04\/cheloo-el-este-cel-mai-bun-rapper-care-a-fost-vreodata-la-iumor-urmareste-numarul-lui-daniel-preda\/\">Cheloo<\/a>. A glumit pe seama rasismului \u015fi diferen\u0163elor dintre oameni, a fost jovial \u015fi a dozat bine fiecare replic\u0103. Am avut \u015fi o combina\u0163ie de trolling \u015fi auto promovare, Ovidiu Stan de pe TikTok surprinz\u00e2ndu-i pe jura\u0163i cu apari\u0163ii scurte \u015fi tr\u0103znite, cu un f\u0103cut cu ochiul trademark deja.<\/p>\n<p>Am v\u0103zut \u015fi un sketch cu un imitator al lui Nicu\u015for Dan, foarte apreciat de Cheloo \u015fi foarte savuros la emisiunea &#8220;Ai mai mult umor&#8221;, \u00een dialog cu Vadim-ul jucat de Vlad Dr\u0103gulin. Un alt invitat special a fost Rikito de la &#8220;Chefi la Cu\u0163ite&#8221;, un personaj simpatic care apare des \u00een emisiunile de la Antena 1, pentru a \u00ee\u015fi etala talentul culinar, dar \u015fi atitudinea jovial\u0103 \u015fi culture clash-ul japonezo-rom\u00e2n.<\/p>\n<p>Nu se putea \u015fi f\u0103r\u0103 numere de magie, fie c\u0103 vorbim despre magicianul Robert Tudor, colegul lui <a href=\"https:\/\/www.infomusic.ro\/2021\/05\/x-factor-2021-dani-otil-preselectii-trebuie-sa-vii\/\">Dani<\/a>, care a avut \u015fi un roast sau despre Tony Nistorov, care a \u0163inut pe limba\u0103 crbuni aprin\u015fi. Tony a aprins o \u00eentreag\u0103 dezbatere \u00eentre Delia \u015fi restul jura\u0163ilor dac\u0103 este un b\u0103rbat dr\u0103gu\u0163 sau banal \u015fi dac\u0103 e supraponderal sau nu. Poate cel mai a\u015fteptat moment a fost cel al Fachirului din Peri\u015f, pl\u0103cerea vinovat\u0103 a lui Cheloo cu c\u00e2teva sezoane \u00een urm\u0103, el trimi\u0163\u00e2ndu-l \u00een final\u0103.<\/p>\n<\/p>\n<p>C\u00e2t despre roast-urile de la final, Diana Matei \u015fi C\u0103t\u0103lin Opri\u015fan au fost mu\u015fc\u0103tori, cu glume despre via\u0163a amoroas\u0103 a lui Dani, Mihaela R\u0103dulescu, restaurantul s\u0103u scump. A ap\u0103rut \u015fi Gabriela, so\u0163ia lui Dani O\u0163il, cu roast-uri despre paternitate.<\/p>\n<p>Al patrulea jurat din episodul viitor, cel special de Pa\u015fte (11) va fi Maria Popovici. Pe parcursul sezonului au mai fost jura\u0163i iUmor \u015fi Mihai Petre, <a href=\"https:\/\/www.infomusic.ro\/2022\/03\/micutzu-a-fost-luat-la-roast-la-iumor-in-episodul-6-din-sezonul-12\/\">Micutzu<\/a>, C\u0103t\u0103lin Bordea, R\u0103zvan Exarhu, Carmen T\u0103nase.<\/p>\n<\/p>\n<p>    \u00ce\u021bi recomand\u0103m aceste videoclipuri        <\/p>\n<p><img decoding=\"async\" alt=\"INFOMUSIC\" height=\"150\" src=\"https:\/\/static.infomusic.ro\/logo-slogan.svg\" width=\"150\"\/><\/p>\n<p>                <a href=\"https:\/\/www.infomusic.ro\/stiri\/muzica\/emisiuni-muzica\/\">Emisiuni radio-tv<\/a>   <\/p>\n<p>\u00cen episodul iUmor sezonul 12 de pe 10 aprilie 2022 am avut \u015fi unul dintre acele momente pe care Cheloo le penalizeaz\u0103 de obicei: un roast pe ritm de rap. El a fost o crea\u0163ie marca Daniel Preda, care culmea a primit un like de la Cheloo. Episodul a adus un al patrulea jurat din lumea comediei, pe C\u0103t\u0103lin Bordea.<\/p>\n<p><img loading=\"lazy\" decoding=\"async\" alt=\"\" height=\"46\" loading=\"lazy\" src=\"https:\/\/secure.gravatar.com\/avatar\/ee005f72e5991809a79a3166fc02dae9?s=46&#038;d=blank&#038;r=g\"  width=\"46\"\/> <\/p>\n<p>Publicat<\/p>\n<p>acum o s\u0103pt\u0103m\u00e2n\u0103<\/p>\n<p>pe<\/p>\n<p>11\/04\/2022 <\/p>\n<p><img loading=\"lazy\" decoding=\"async\" alt=\"Roast rap iUmor sezonul 12 Daniel Preda\" height=\"667\" loading=\"lazy\" src=\"https:\/\/static.infomusic.ro\/media\/2022\/04\/roast-rap-iumor-sezonul-12-daniel-preda-1000x667.jpg\" width=\"1000\"\/> <\/p>\n<p> Roast rap iUmor sezonul 12 Daniel Preda \u2502 FOTO: Antena 1 <\/p>\n<p>Episodul 9 a p\u0103rut a se \u00eenv\u00e2rti mai mult \u00een jurul lui Cheloo, care a dat cele mai multe testimoniale \u015fi care a fost suprinzator de jovial \u015fi afabil. S-a l\u0103sat chiar c\u0103rat de o balerin\u0103, pentru un moment pe care to\u0163i l-au numit &#8220;distrugerea carierei&#8221;. Culmea e c\u0103 num\u0103rul de rap a fost apreciat \u015fi de Mihai Bendeac, chiar dac\u0103 roast-ul \u00een versuri a vizat clasicele glume despre cartea sa,<\/p>\n<p> <a class=\"echo_read_more\" href=\"https:\/\/www.infomusic.ro\/2022\/04\/dani-otil-a-fost-al-patrulea-jurat-iumor-in-episodul-10-din-sezonul-12-urmareste-momentele-serii\/\" target=\"_blank\" rel=\"noopener\">\u00a0\u00bb\u00a0Cite\u0219te continuarea pe pagina autorului<\/a><\/p>\n","protected":false},"excerpt":{"rendered":"<p>Emisiuni radio-tv Sezonul 12 din iUmor, emisiunea de tip talent show umoristic difuzat\u0103 de Antena 1 a adus o mare schimbare de format. E vorba despre al patrulea jurat, care se schimb\u0103 \u00een fiecare episod. \u00cen episodul 10 gazda de la &#8220;Nea\u0163a&#8221;, Dani O\u0163il a sosit la masa juriului \u015fi a avut parte de momente [&hellip;]<\/p>\n","protected":false},"author":1,"featured_media":3784,"comment_status":"open","ping_status":"open","sticky":false,"template":"","format":"standard","meta":{"_crdt_document":"","footnotes":""},"categories":[4],"tags":[],"class_list":["post-3783","post","type-post","status-publish","format-standard","has-post-thumbnail","hentry","category-noutati"],"_links":{"self":[{"href":"https:\/\/news-fm.ro\/index.php\/wp-json\/wp\/v2\/posts\/3783","targetHints":{"allow":["GET"]}}],"collection":[{"href":"https:\/\/news-fm.ro\/index.php\/wp-json\/wp\/v2\/posts"}],"about":[{"href":"https:\/\/news-fm.ro\/index.php\/wp-json\/wp\/v2\/types\/post"}],"author":[{"embeddable":true,"href":"https:\/\/news-fm.ro\/index.php\/wp-json\/wp\/v2\/users\/1"}],"replies":[{"embeddable":true,"href":"https:\/\/news-fm.ro\/index.php\/wp-json\/wp\/v2\/comments?post=3783"}],"version-history":[{"count":0,"href":"https:\/\/news-fm.ro\/index.php\/wp-json\/wp\/v2\/posts\/3783\/revisions"}],"wp:featuredmedia":[{"embeddable":true,"href":"https:\/\/news-fm.ro\/index.php\/wp-json\/wp\/v2\/media\/3784"}],"wp:attachment":[{"href":"https:\/\/news-fm.ro\/index.php\/wp-json\/wp\/v2\/media?parent=3783"}],"wp:term":[{"taxonomy":"category","embeddable":true,"href":"https:\/\/news-fm.ro\/index.php\/wp-json\/wp\/v2\/categories?post=3783"},{"taxonomy":"post_tag","embeddable":true,"href":"https:\/\/news-fm.ro\/index.php\/wp-json\/wp\/v2\/tags?post=3783"}],"curies":[{"name":"wp","href":"https:\/\/api.w.org\/{rel}","templated":true}]}}