{"id":3657,"date":"2022-03-31T07:00:01","date_gmt":"2022-03-31T07:00:01","guid":{"rendered":"https:\/\/news-fm.ro\/index.php\/2022\/03\/31\/rammstein-dezvaluie-detalii-despre-noul-album-zeit-tracklist\/"},"modified":"2022-03-31T07:00:01","modified_gmt":"2022-03-31T07:00:01","slug":"rammstein-dezvaluie-detalii-despre-noul-album-zeit-tracklist","status":"publish","type":"post","link":"https:\/\/news-fm.ro\/index.php\/2022\/03\/31\/rammstein-dezvaluie-detalii-despre-noul-album-zeit-tracklist\/","title":{"rendered":"Rammstein dezv\u0103luie detalii despre noul album &#8220;Zeit&#8221; &#8211; TRACKLIST"},"content":{"rendered":"<p>Cel mai inedit aspect la noul album nu e faptul c\u0103 a fost gata \u00een 2 ani, ci faptul c\u0103 de artwork \u015fi fotografii oficiale s-a ocupat muzicianul Bryan Adams, care e \u015fi fotograf. C\u00e2t despre noul album, &#8220;Zeit&#8221; va fi lansat pe 29 aprilie 2022 \u015fi a primit un preview la \u00eenceput de martie prin piesa titular\u0103. Ultimul disc Rammstein a fost cel intitulat cu numele trupei, ap\u0103rut \u00een 2019.<\/p>\n<p>Rammstein ne-a obi\u015fnuit \u00een ultimii ani cu pauze foarte mari \u00eentre albume, ba chiar de un deceniu. &#8220;Zeit&#8221; este albumul de studio cu num\u0103rul 8 al forma\u0163iei din Berlin. Ea este compus\u0103 \u00een acest moment din solistul Till Lindemann, chitaristul Paul Landers, chitaristul Richard Z. Kruspe, \u00een vreme ce la clape se afl\u0103 Flake. Oliver Riedel este basistul, iar Christoph Schneider e tobo\u015farul.<\/p>\n<p><a href=\"https:\/\/www.infomusic.ro\/videoclip\/rammstein-zeit\/\">&#8220;Zeit&#8221;<\/a> va sosi \u00een multiple formaruturi: CD cu digipack \u015fi c\u0103rticic\u0103 de 20 de pagini, CD edi\u0163ie special\u0103 cu digipack cu 6 panouri, plus carte de 56 de pagini, plus vinil dublu LP de 180 de pagini. Evident, se va lansa \u015fi \u00een format digital. Trupa a petrecut 2 ani lucr\u00e2nd la cele 11 piese, pe care le g\u0103si\u0163i \u00een tracklist-ul de mai jos:<\/p>\n<p>1. Armee Der Tristen<br \/> 2. Zeit<br \/> 3. Schwarz<br \/> 4. Giftig<br \/> 5. Zick Zack<br \/> 6. OK<br \/> 7. Meine Tr\u00e4nen<br \/> 8. Angst<br \/> 9. Dicke Titten<br \/> 10. L\u00fcgen<br \/> 11. Adieu<\/p>\n<\/p>\n<p>Till and co au colaborat din nou cu produc\u0103torul din Berlin Olsen Involtini, iar albumul a fost \u00eenregistrat la celebra La Fabrique Studios \u00een Saint-Remy-de-Provence, Fran\u0163a. Grupul german are de g\u00e2nd s\u0103 lanseze 3 variante de &#8220;Zeit&#8221;. Edi\u0163ia B Sides va include un aranjament meditativ \u015fi atmosferic, neo clasic, \u00een colaborare cu islandezul Olafur Arnalds. Va exista \u015fi o edi\u0163ie cu remixuri realizate de produc\u0103torul electro Robot Koch.<\/p>\n<p>Rammstein preg\u0103te\u015fte \u015fi un turneu european \u00een cadrul c\u0103ruia \u00ee\u015fi va promova noul LP.<\/p>\n<p> <a class=\"echo_read_more\" href=\"https:\/\/www.infomusic.ro\/2022\/03\/rammstein-dezvaluie-detalii-despre-noul-album-zeit-tracklist\/\" target=\"_blank\" rel=\"noopener\">\u00a0\u00bb\u00a0Cite\u0219te continuarea pe pagina autorului<\/a><\/p>\n","protected":false},"excerpt":{"rendered":"<p>Cel mai inedit aspect la noul album nu e faptul c\u0103 a fost gata \u00een 2 ani, ci faptul c\u0103 de artwork \u015fi fotografii oficiale s-a ocupat muzicianul Bryan Adams, care e \u015fi fotograf. C\u00e2t despre noul album, &#8220;Zeit&#8221; va fi lansat pe 29 aprilie 2022 \u015fi a primit un preview la \u00eenceput de martie [&hellip;]<\/p>\n","protected":false},"author":1,"featured_media":3658,"comment_status":"open","ping_status":"open","sticky":false,"template":"","format":"standard","meta":{"_crdt_document":"","footnotes":""},"categories":[4],"tags":[],"class_list":["post-3657","post","type-post","status-publish","format-standard","has-post-thumbnail","hentry","category-noutati"],"_links":{"self":[{"href":"https:\/\/news-fm.ro\/index.php\/wp-json\/wp\/v2\/posts\/3657","targetHints":{"allow":["GET"]}}],"collection":[{"href":"https:\/\/news-fm.ro\/index.php\/wp-json\/wp\/v2\/posts"}],"about":[{"href":"https:\/\/news-fm.ro\/index.php\/wp-json\/wp\/v2\/types\/post"}],"author":[{"embeddable":true,"href":"https:\/\/news-fm.ro\/index.php\/wp-json\/wp\/v2\/users\/1"}],"replies":[{"embeddable":true,"href":"https:\/\/news-fm.ro\/index.php\/wp-json\/wp\/v2\/comments?post=3657"}],"version-history":[{"count":0,"href":"https:\/\/news-fm.ro\/index.php\/wp-json\/wp\/v2\/posts\/3657\/revisions"}],"wp:featuredmedia":[{"embeddable":true,"href":"https:\/\/news-fm.ro\/index.php\/wp-json\/wp\/v2\/media\/3658"}],"wp:attachment":[{"href":"https:\/\/news-fm.ro\/index.php\/wp-json\/wp\/v2\/media?parent=3657"}],"wp:term":[{"taxonomy":"category","embeddable":true,"href":"https:\/\/news-fm.ro\/index.php\/wp-json\/wp\/v2\/categories?post=3657"},{"taxonomy":"post_tag","embeddable":true,"href":"https:\/\/news-fm.ro\/index.php\/wp-json\/wp\/v2\/tags?post=3657"}],"curies":[{"name":"wp","href":"https:\/\/api.w.org\/{rel}","templated":true}]}}