{"id":3653,"date":"2022-03-30T22:59:31","date_gmt":"2022-03-30T22:59:31","guid":{"rendered":"http:\/\/news-fm.ro\/index.php\/2022\/03\/30\/bruce-willis-se-retrage-din-actorie-sufera-de-o-afectiune-neurologica\/"},"modified":"2022-03-30T22:59:31","modified_gmt":"2022-03-30T22:59:31","slug":"bruce-willis-se-retrage-din-actorie-sufera-de-o-afectiune-neurologica","status":"publish","type":"post","link":"https:\/\/news-fm.ro\/index.php\/2022\/03\/30\/bruce-willis-se-retrage-din-actorie-sufera-de-o-afectiune-neurologica\/","title":{"rendered":"Bruce Willis se retrage din actorie; Sufer\u0103 de o afec\u0163iune neurologic\u0103"},"content":{"rendered":"<p>Bruce Willis, adorat de public pentru rolul comic din serialul &#8220;Moonlighting&#8221; \u015fi devenit un megastar prin rolul din seria &#8220;Die Hard&#8221; a \u00eemplinit 67 de ani \u00een martie 2022. Cunoscut \u015fi pentru apari\u0163iile \u00een filmele &#8220;Expendables&#8221; dar \u015fi \u00een seria &#8220;Red&#8221;, actorul sufer\u0103 de afazie, acesta fiind motivul pentru care este nevoit s\u0103 renun\u0163e la actorie. Afazia este o tulburare neurologic\u0103, care afecteaz\u0103 abilitatea unei persoane de a \u00een\u0163elege limbajul, de a comunica, at\u00e2t prin scris, c\u00e2t \u015fi prin vorbire.<\/p>\n<p>O astfel de afec\u0163iune poate ap\u0103rea din cauza demen\u0163ei, dar \u015fi din cauza unui anevrism sau atac cerebral.<\/p>\n<p>Iat\u0103 mesajul postat de familia lui Bruce Willis \u00een social media:<\/p>\n<p>C\u0103tre sus\u0163in\u0103torii uimitori ai lui Bruce, am dorit s\u0103 v\u0103 \u00eemp\u0103rt\u0103\u015fim ca o familie c\u0103 iubitul nostru Bruce a avut ceva probleme de s\u0103n\u0103tate \u015fi a fost diagnosticat recent cu afazie, care \u00eei afecteaz\u0103 abilit\u0103\u0163ile cognitive. Ca urmare \u015fi dup\u0103 mult\u0103 medita\u0163ie asupra acestui lucru, Bruce se va retrage dintr-o carier\u0103 care a \u00eensemnat at\u00e2t de mult pentru el.<\/p>\n<p>Trecem prin acest proces ca o familie puternic\u0103 \u015fi am dorit ca \u015fi fanii s\u0103i s\u0103 fie al\u0103turi de el, pentru c\u0103 \u015ftim ce \u00eenseamn\u0103 el pentru voi, dar \u015fi ce \u00eensemna\u0163i voi pentru el. Cum spune Bruce mereu &#8220;Live It Up&#8221; \u015fi pl\u0103nuim s\u0103 facem asta.<\/p>\n<p>Postarea este semnat\u0103 &#8220;Emma, Demi, Rumer, Scout, Tallulah, Mabel \u015fi Evelyn&#8221;, adic\u0103 so\u0163ia actual\u0103 a actorului, fosta so\u0163ie Demi Moore \u015fi copiii acestora. Pe l\u00e2ng\u0103 filmele de mare succes comercial amintite mai sus, <a href=\"https:\/\/www.infomusic.ro\/2020\/10\/bruce-willis-reclama-baterii-masina\/\">Bruce Willis<\/a> a ap\u0103rut \u015fi \u00een filme cult precum &#8220;Pulp Fiction&#8221; \u00een 1994, considerat o resurec\u0163ie a carierei sale semnat\u0103 de Tarantino. Apare \u015fi \u00een &#8220;The Sixth Sense&#8221; din 1999 \u015fi &#8220;Moonrise Kingdom&#8221; din 2012.<\/p>\n<p>Are la activ 2 premii Emmy pentru serialul &#8220;Moonlighting&#8221;, dar \u015fi nominaliz\u0103ri la <a href=\"https:\/\/www.infomusic.ro\/2022\/01\/castigatorii-globurilor-de-aur-2022-lista-completa\/\">Globurile de Aur<\/a>, din care a c\u00e2\u015ftigat unul. Din 2015 actorul a ap\u0103rut mai degrab<\/p>\n<p> <a class=\"echo_read_more\" href=\"https:\/\/www.infomusic.ro\/2022\/03\/bruce-willis-se-retrage-din-actorie-sufera-de-o-afectiune-neurologica\/\" target=\"_blank\" rel=\"noopener\">\u00a0\u00bb\u00a0Cite\u0219te continuarea pe pagina autorului<\/a><\/p>\n","protected":false},"excerpt":{"rendered":"<p>Bruce Willis, adorat de public pentru rolul comic din serialul &#8220;Moonlighting&#8221; \u015fi devenit un megastar prin rolul din seria &#8220;Die Hard&#8221; a \u00eemplinit 67 de ani \u00een martie 2022. Cunoscut \u015fi pentru apari\u0163iile \u00een filmele &#8220;Expendables&#8221; dar \u015fi \u00een seria &#8220;Red&#8221;, actorul sufer\u0103 de afazie, acesta fiind motivul pentru care este nevoit s\u0103 renun\u0163e la [&hellip;]<\/p>\n","protected":false},"author":1,"featured_media":3654,"comment_status":"open","ping_status":"open","sticky":false,"template":"","format":"standard","meta":{"_crdt_document":"","footnotes":""},"categories":[4],"tags":[],"class_list":["post-3653","post","type-post","status-publish","format-standard","has-post-thumbnail","hentry","category-noutati"],"_links":{"self":[{"href":"https:\/\/news-fm.ro\/index.php\/wp-json\/wp\/v2\/posts\/3653","targetHints":{"allow":["GET"]}}],"collection":[{"href":"https:\/\/news-fm.ro\/index.php\/wp-json\/wp\/v2\/posts"}],"about":[{"href":"https:\/\/news-fm.ro\/index.php\/wp-json\/wp\/v2\/types\/post"}],"author":[{"embeddable":true,"href":"https:\/\/news-fm.ro\/index.php\/wp-json\/wp\/v2\/users\/1"}],"replies":[{"embeddable":true,"href":"https:\/\/news-fm.ro\/index.php\/wp-json\/wp\/v2\/comments?post=3653"}],"version-history":[{"count":0,"href":"https:\/\/news-fm.ro\/index.php\/wp-json\/wp\/v2\/posts\/3653\/revisions"}],"wp:featuredmedia":[{"embeddable":true,"href":"https:\/\/news-fm.ro\/index.php\/wp-json\/wp\/v2\/media\/3654"}],"wp:attachment":[{"href":"https:\/\/news-fm.ro\/index.php\/wp-json\/wp\/v2\/media?parent=3653"}],"wp:term":[{"taxonomy":"category","embeddable":true,"href":"https:\/\/news-fm.ro\/index.php\/wp-json\/wp\/v2\/categories?post=3653"},{"taxonomy":"post_tag","embeddable":true,"href":"https:\/\/news-fm.ro\/index.php\/wp-json\/wp\/v2\/tags?post=3653"}],"curies":[{"name":"wp","href":"https:\/\/api.w.org\/{rel}","templated":true}]}}