{"id":3635,"date":"2022-03-29T06:59:20","date_gmt":"2022-03-29T06:59:20","guid":{"rendered":"http:\/\/news-fm.ro\/index.php\/2022\/03\/29\/summer-well-la-iasi-catedral-aduce-un-lineup-curatoriat-de-summer-well-cu-sevdaliza-headliner\/"},"modified":"2022-03-29T06:59:20","modified_gmt":"2022-03-29T06:59:20","slug":"summer-well-la-iasi-catedral-aduce-un-lineup-curatoriat-de-summer-well-cu-sevdaliza-headliner","status":"publish","type":"post","link":"https:\/\/news-fm.ro\/index.php\/2022\/03\/29\/summer-well-la-iasi-catedral-aduce-un-lineup-curatoriat-de-summer-well-cu-sevdaliza-headliner\/","title":{"rendered":"Summer Well la Ia\u015fi? Catedral aduce un lineup curatoriat de Summer Well, cu Sevdaliza headliner"},"content":{"rendered":"<p>Catedral combin\u0103 concertele cu evenimente de art\u0103 vizual\u0103 \u015fi a fost anun\u0163at \u00een premier\u0103 de Romanian Creative Week. Romanian Creative Week (RCW) a anun\u0163at una dintre surprizele preg\u0103tite pentru cea de-a doua edi\u021bie, programat\u0103 la Ia\u0219i \u00een perioada 20 &#8211; 30 mai 2022: CATEDRAL, cu un line-up curatoriat de <a href=\"https:\/\/www.infomusic.ro\/2021\/12\/summer-well-2022-lineup-nothing-but-thieves-confirmari-trupe\/\">Summer Well<\/a>, eveniment care \u00eembin\u0103 muzica \u0219i artele vizuale.<\/p>\n<p>CATEDRAL este organizat de c\u0103tre Catedral Music Fest \u00een cadrul RCW \u015fi este cel mai important eveniment dedicat industriilor creative rom\u00e2ne\u015fti, fiind programat pentru datele de 20 mai \u015fi 21 mai 2022. Show-urile se vor desf\u0103\u0219ura pe o scen\u0103 impresionant\u0103, proiectat\u0103 de o echip\u0103 de arti\u0219ti \u00eendruma\u021bi de Andrei Cozlac, distins de UNITER cu dou\u0103 premii pentru video mapping, \u00een 2020 \u0219i \u00een 2022.<\/p>\n<p>\u00cen lineup se afl\u0103 trupa Milky Chance, cu aproape 10 milioane de ascult\u0103tori lunar pe Spotify \u015fi sute de milioane de vizualiz\u0103ri pe YouTube. Printre cele mai populare piese ale forma\u0163iei germane de folk se num\u0103ra &#8220;Down by the river&#8221;, &#8220;Stolen Dance \u015fi &#8220;Flashed Junk Mind&#8221;.<\/p>\n<\/p>\n<p>Un alt nume de headliner este Sevdaliza, un soi de &#8220;Bjork din Orientul Mijlociiu&#8221;. C\u00e2nt\u0103rea\u0163a iranian\u0103 are videoclipuri unice \u015fi o persoan\u0103 scenic\u0103 special\u0103, \u015fi-a construit un personaj ce nu imit\u0103 nimic \u015fi nu seaman\u0103 cu vreun alt artist, este emo\u0163ie pur\u0103. <a href=\"https:\/\/www.infomusic.ro\/videoclip\/sevdaliza-joanna\/\">Videoclipurile<\/a> sale \u00eembin\u0103 tehnologia cu metafizicul \u015fi cu senzualitatea. Hiturile sale includ &#8220;Human&#8221;, &#8220;Shabrang&#8221;, &#8220;Bluecid&#8221; \u015fi &#8220;That Other Girl&#8221;.<\/p>\n<p>\u00cen lineup se afl\u0103 de asemenea \u015fi Alexandrina, Moonlight Breakfast, Dimitri&#8217;s Bats \u015fi Zimbru, care a c\u00e2ntat la Summer Well 2019 \u015fi 2021.<\/p>\n<p>  Bilete \u015fi informa\u0163ii: <\/p>\n<p>Accesul la CATEDRAL se va face doar pe baz\u0103 de abonamente, care pot fi cump\u0103rate online, \u00eencep\u00e2nd cu data de 24 martie 2022. Abonamente EARLY BIRD, \u00een num\u0103r limitat, au fost puse \u00een v\u00e2nzare la pre\u021bul de 149 de lei + 6% booking fee, urm\u00e2nd ca pre\u021bul unui abonament s\u0103 ajung\u0103, \u00een scurt timp, la 179 de lei + 6% booking fee.<\/p>\n<p>Mai multe informa\u021bii despre Catedral pot fi g\u0103site pe <a href=\"https:\/\/romaniancreativeweek.ro\/\">site-ul Romanian Creative Week<\/a>, precum \u0219i pe paginile de Facebook \u0219i Instagram dedicate evenimentului.<\/p>\n<p> <a class=\"echo_read_more\" href=\"https:\/\/www.infomusic.ro\/2022\/03\/summer-well-la-iasi-catedral-aduce-un-lineup-curatoriat-de-summer-well-cu-sevdaliza-headliner\/\" target=\"_blank\" rel=\"noopener\">\u00a0\u00bb\u00a0Cite\u0219te continuarea pe pagina autorului<\/a><\/p>\n","protected":false},"excerpt":{"rendered":"<p>Catedral combin\u0103 concertele cu evenimente de art\u0103 vizual\u0103 \u015fi a fost anun\u0163at \u00een premier\u0103 de Romanian Creative Week. Romanian Creative Week (RCW) a anun\u0163at una dintre surprizele preg\u0103tite pentru cea de-a doua edi\u021bie, programat\u0103 la Ia\u0219i \u00een perioada 20 &#8211; 30 mai 2022: CATEDRAL, cu un line-up curatoriat de Summer Well, eveniment care \u00eembin\u0103 muzica [&hellip;]<\/p>\n","protected":false},"author":1,"featured_media":3636,"comment_status":"open","ping_status":"open","sticky":false,"template":"","format":"standard","meta":{"_crdt_document":"","footnotes":""},"categories":[4],"tags":[],"class_list":["post-3635","post","type-post","status-publish","format-standard","has-post-thumbnail","hentry","category-noutati"],"_links":{"self":[{"href":"https:\/\/news-fm.ro\/index.php\/wp-json\/wp\/v2\/posts\/3635","targetHints":{"allow":["GET"]}}],"collection":[{"href":"https:\/\/news-fm.ro\/index.php\/wp-json\/wp\/v2\/posts"}],"about":[{"href":"https:\/\/news-fm.ro\/index.php\/wp-json\/wp\/v2\/types\/post"}],"author":[{"embeddable":true,"href":"https:\/\/news-fm.ro\/index.php\/wp-json\/wp\/v2\/users\/1"}],"replies":[{"embeddable":true,"href":"https:\/\/news-fm.ro\/index.php\/wp-json\/wp\/v2\/comments?post=3635"}],"version-history":[{"count":0,"href":"https:\/\/news-fm.ro\/index.php\/wp-json\/wp\/v2\/posts\/3635\/revisions"}],"wp:featuredmedia":[{"embeddable":true,"href":"https:\/\/news-fm.ro\/index.php\/wp-json\/wp\/v2\/media\/3636"}],"wp:attachment":[{"href":"https:\/\/news-fm.ro\/index.php\/wp-json\/wp\/v2\/media?parent=3635"}],"wp:term":[{"taxonomy":"category","embeddable":true,"href":"https:\/\/news-fm.ro\/index.php\/wp-json\/wp\/v2\/categories?post=3635"},{"taxonomy":"post_tag","embeddable":true,"href":"https:\/\/news-fm.ro\/index.php\/wp-json\/wp\/v2\/tags?post=3635"}],"curies":[{"name":"wp","href":"https:\/\/api.w.org\/{rel}","templated":true}]}}