{"id":3623,"date":"2022-03-26T20:58:57","date_gmt":"2022-03-26T20:58:57","guid":{"rendered":"https:\/\/news-fm.ro\/index.php\/2022\/03\/26\/romanii-au-talent-marion-crampe-a-plutit-cu-gratie-suspendata-de-par-video\/"},"modified":"2022-03-26T20:58:57","modified_gmt":"2022-03-26T20:58:57","slug":"romanii-au-talent-marion-crampe-a-plutit-cu-gratie-suspendata-de-par-video","status":"publish","type":"post","link":"https:\/\/news-fm.ro\/index.php\/2022\/03\/26\/romanii-au-talent-marion-crampe-a-plutit-cu-gratie-suspendata-de-par-video\/","title":{"rendered":"Rom\u00e2nii au talent: Marion Crampe a plutit cu gra\u021bie, suspendat\u0103 de p\u0103r &#8211; VIDEO"},"content":{"rendered":"<p>\u00cen v\u00e2rst\u0103 de 10 ani, Dinc\u0103 Georgiana Gabriela practic\u0103 gimnastica de la v\u00e2rsta de 6 ani. Le-a povestit jura\u021bilor de la Rom\u00e2nii au talent c\u0103 aceast\u0103 pasiune porne\u0219te din interiorul ei, nu poate fi explicat\u0103 \u00een cuvinte. Pentru sus\u021binere \u00eei este recunosc\u0103toare mamei. A renun\u021bat la slujba de contabil\u0103 pentru a avea grij\u0103 de ea \u0219i de cei trei fra\u021bi. <em>&#8220;Are foarte mult\u0103 grij\u0103 de noi \u0219i \u00eei mul\u021bumesc pentru tot&#8221;<\/em>, a spus Gabriela la audi\u021bii, \u00een vreme ce mama ei o asculta \u00eenduio\u0219at\u0103 din culise.<\/p>\n<p> Gabriela Dinc\u0103: &#8220;Po\u021bi s\u0103 transmi\u021bi o emo\u021bie f\u0103r\u0103 vorbe, doar prin dans. Asta este pasiunea mea cea mai mare&#8221; <\/p>\n<p>Gimnastica este, pentru Gabriela, un stil de via\u021b\u0103. Iube\u0219te ceea ce face \u0219i nu simte c\u0103 antrenamentele i-ar fura din timpul liber.<\/p>\n<p>&#8220;Simt c\u0103 asta trebuie s\u0103 fac (gimnastic\u0103). Nu exist\u0103 cuvinte prin care pot s\u0103 m\u0103 exprim. Asta simt eu. M\u0103 antrenez foarte mult, 3 ore pe zi, de luni p\u00e2n\u0103 vineri. C\u00e2nd sunt la antrenament \u0219i dansez am o fericire \u00een mine, c\u0103 fac ce \u00eemi place. Pur \u0219i simplu acolo \u00eemi petrec copil\u0103ria, dar asta e foarte frumos.<\/p>\n<p>A\u0219 vrea s\u0103 ajung o gimnast\u0103 renumit\u0103 \u00een numele Rom\u00e2niei. Vreau s\u0103 ajut Rom\u00e2nia s\u0103 fie cunoscut\u0103 de mai mul\u021bi oameni. \u0218tiu c\u0103 avem un reper \u00een numele Rom\u00e2niei, pe Nadia Com\u0103neci, dar eu chiar mi-a\u0219 dori s\u0103 ajung cea mai bun\u0103 gimnast\u0103 din Rom\u00e2nia.<\/p>\n<p>Po\u021bi s\u0103 transmi\u021bi o emo\u021bie f\u0103r\u0103 vorbe, doar prin dans. Asta este pasiunea mea cea mai mare.&#8221;<\/p>\n<p> Cum au reac\u021bionat jura\u021bii dup\u0103 num\u0103rul prezentat de Gabriela Dinc\u0103 la Rom\u00e2nii au talent 2022 <\/p>\n<p>&#8220;Hijo de la Luna&#8221;, a trupei Mecano, a fost inspira\u021bia muzical\u0103 a Gabrielei pentru num\u0103rul de gimnastic\u0103 ritmic\u0103 prezentat la Rom\u00e2nii au talent. Precizia execut\u0103rii elementelor a fost doar punctul de pornire pentru micu\u021ba gimnast\u0103. Dincolo de performan\u021ba sportiv\u0103, Gabriela a reu\u0219it s\u0103 captiveze publicul \u0219i s\u0103 transmit\u0103 emo\u021bie.<\/p>\n<p> Andra: &#8220;Sunt \u0219ocat\u0103 s\u0103 v\u0103d un asemenea copil \u00een fa\u021ba mea&#8221; <\/p>\n<p>&#8220;Sunt uimit\u0103! Sunt \u0219ocat\u0103 s\u0103 v\u0103d un asemenea copil \u00een fa\u021ba mea. Mi-am dat seama c\u00e2t de mult munce\u0219ti v\u0103z\u00e2nd ce performan\u021be faci pe scen\u0103. Cu toate astea, v\u0103d un copil care \u0219tie s\u0103 z\u00e2mbeasc\u0103, s\u0103 se bucure de fiecare moment, de aplauze. Mi-a pl\u0103cut tot, de c\u00e2nd ai intrat. Cum ai vorbit \u0219i ce ai f\u0103cut tu mi-a fost rar dat s\u0103 v\u0103d aici, la Rom\u00e2nii au talent. La un moment dat a f\u0103cut un fel de piruet\u0103 \u0219i, \u00een timp ce f\u0103cea pirueta, a ridicat piciorul. Pe mine m-a \u0219ocat chestia asta. Foarte frumos&#8221;, a declarat Andra.<\/p>\n<p> Bobonete: &#8220;Trebuie s\u0103 m\u0103 ierte telespectatorii dac\u0103 exagerez, dar o s\u0103 fac o compara\u021bie. Num\u0103rul t\u0103u mi-a adus aminte de Nadia Com\u0103neci&#8221; <\/p>\n<p>&#8220;Gabi, am v\u0103zut un num\u0103r executat impecabil. Ai ceva calit\u0103\u021bi ie\u0219ite din comun fa\u021b\u0103 de alte balerine, alte dansatoare, alte gimnaste pe care le-am v\u0103zut p\u00e2n\u0103 acum la Rom\u00e2nii au talent. Trebuie s\u0103 m\u0103 ierte telespectatorii dac\u0103 exagerez, dar o s\u0103 fac o compara\u021bie. Num\u0103rul t\u0103u mi-a adus aminte de Nadia Com\u0103neci, de num\u0103rul ei perfect de 10 pe linie&#8221;, a spus Mihai Bobonete.<\/p>\n<p> Andi Moisescu: &#8220;Dac\u0103 m-a surprins cu adev\u0103rat ceva, acesta este nivelul la care execu\u021bi ce execu\u021bi \u0219i gra\u021bia pe care tu reu\u0219e\u0219ti s\u0103 o exprimi la doar 10 ani&#8221; <\/p>\n<p>&#8220;La un moment dat, \u00een timp ce f\u0103cea ni\u0219te elemente care m-au dus cu g\u00e2ndul la gimnastic\u0103, m-am g\u00e2ndit cum ar fi s\u0103 o avem \u00een fa\u021b\u0103 pe viitoarea Nadia. \u0218i noi s\u0103 nu \u0219tim, s\u0103 nu sim\u021bim lucrul \u0103sta. Dar dac\u0103 m-a surprins cu adev\u0103rat ceva,<\/p>\n<p> <a class=\"echo_read_more\" href=\"https:\/\/www.infomusic.ro\/2022\/03\/auditii-marion-crampe-romanii-au-talent-2022\/\" target=\"_blank\" rel=\"noopener\">\u00a0\u00bb\u00a0Cite\u0219te continuarea pe pagina autorului<\/a><\/p>\n","protected":false},"excerpt":{"rendered":"<p>\u00cen v\u00e2rst\u0103 de 10 ani, Dinc\u0103 Georgiana Gabriela practic\u0103 gimnastica de la v\u00e2rsta de 6 ani. Le-a povestit jura\u021bilor de la Rom\u00e2nii au talent c\u0103 aceast\u0103 pasiune porne\u0219te din interiorul ei, nu poate fi explicat\u0103 \u00een cuvinte. Pentru sus\u021binere \u00eei este recunosc\u0103toare mamei. A renun\u021bat la slujba de contabil\u0103 pentru a avea grij\u0103 de ea [&hellip;]<\/p>\n","protected":false},"author":1,"featured_media":3624,"comment_status":"open","ping_status":"open","sticky":false,"template":"","format":"standard","meta":{"_crdt_document":"","footnotes":""},"categories":[4],"tags":[],"class_list":["post-3623","post","type-post","status-publish","format-standard","has-post-thumbnail","hentry","category-noutati"],"_links":{"self":[{"href":"https:\/\/news-fm.ro\/index.php\/wp-json\/wp\/v2\/posts\/3623","targetHints":{"allow":["GET"]}}],"collection":[{"href":"https:\/\/news-fm.ro\/index.php\/wp-json\/wp\/v2\/posts"}],"about":[{"href":"https:\/\/news-fm.ro\/index.php\/wp-json\/wp\/v2\/types\/post"}],"author":[{"embeddable":true,"href":"https:\/\/news-fm.ro\/index.php\/wp-json\/wp\/v2\/users\/1"}],"replies":[{"embeddable":true,"href":"https:\/\/news-fm.ro\/index.php\/wp-json\/wp\/v2\/comments?post=3623"}],"version-history":[{"count":0,"href":"https:\/\/news-fm.ro\/index.php\/wp-json\/wp\/v2\/posts\/3623\/revisions"}],"wp:featuredmedia":[{"embeddable":true,"href":"https:\/\/news-fm.ro\/index.php\/wp-json\/wp\/v2\/media\/3624"}],"wp:attachment":[{"href":"https:\/\/news-fm.ro\/index.php\/wp-json\/wp\/v2\/media?parent=3623"}],"wp:term":[{"taxonomy":"category","embeddable":true,"href":"https:\/\/news-fm.ro\/index.php\/wp-json\/wp\/v2\/categories?post=3623"},{"taxonomy":"post_tag","embeddable":true,"href":"https:\/\/news-fm.ro\/index.php\/wp-json\/wp\/v2\/tags?post=3623"}],"curies":[{"name":"wp","href":"https:\/\/api.w.org\/{rel}","templated":true}]}}