{"id":3621,"date":"2022-03-26T20:58:58","date_gmt":"2022-03-26T20:58:58","guid":{"rendered":"https:\/\/news-fm.ro\/index.php\/2022\/03\/26\/maratonul-caritabil-salvatiucraina-se-poate-viziona-la-tvr-pe-27-martie\/"},"modified":"2022-03-26T20:58:58","modified_gmt":"2022-03-26T20:58:58","slug":"maratonul-caritabil-salvatiucraina-se-poate-viziona-la-tvr-pe-27-martie","status":"publish","type":"post","link":"https:\/\/news-fm.ro\/index.php\/2022\/03\/26\/maratonul-caritabil-salvatiucraina-se-poate-viziona-la-tvr-pe-27-martie\/","title":{"rendered":"Maratonul caritabil #SalvatiUcraina se poate viziona la TVR pe 27 martie"},"content":{"rendered":"<p>Pe 12 martie, arti\u0219ti din Rom\u00e2nia \u0219i din afara \u021b\u0103rii concerteaz\u0103 \u00een cadrul evenimentului caritabil WE ARE ONE, ce va avea loc pe Arena Na\u021bional\u0103. Lineup-ul tocmai a fost completat cu primii arti\u0219ti interna\u021bionali, Armin van Buuren, Tom Odell \u0219i Jamala confirm\u00e2nd prezen\u021ba la Bucure\u0219ti.<\/p>\n<p> Armin van Buuren, Tom Odell \u0219i Jamala urc\u0103 pe scena evenimentului WE ARE ONE <\/p>\n<p>Unul dintre cei mai iubi\u021bi DJi la nivel mondial, Armin van Buuren, vine s\u00e2mb\u0103t\u0103, 12 martie, \u00een Bucure\u0219ti, pentru WE ARE ONE. Artistul este extrem de apropiat de rom\u00e2ni \u0219i a acceptat cu empatie \u0219i bucurie invita\u021bia de a fi al\u0103turi de fanii lui din Rom\u00e2nia, pentru a sprijini \u00eempreun\u0103 ucrainenii care trec \u00een aceast\u0103 perioad\u0103 prin momente dificile.<\/p>\n<p>Tom Odell, artistul care semneaz\u0103 celebra piesa &#8220;Another Love&#8221;, imnul celor care protesteaz\u0103 pa\u0219nic pentru pace zilele aceasta \u00een \u00eentreaga lume, va c\u00e2nta s\u00e2mb\u0103t\u0103 pe Arena Na\u021bional\u0103 \u0219i va transmite un mesaj de unitate \u0219i iubire.<\/p>\n<p>Jamala, artista de origine ucrainean\u0103 \u0219i c\u00e2\u0219tig\u0103toarea concursului Eurovision 2016 cu piesa &#8220;1944&#8221;, vine la WE ARE ONE. \u00cen acest moment, Rom\u00e2nia este noua ei cas\u0103, fiind refugiat\u0103, al\u0103turi de alte sute de mii de persoane care zilnic \u00ee\u0219i p\u0103r\u0103sesc \u021bara pentru a-\u0219i salva vie\u021bile. Ea va avea un moment special pe 12 martie \u00een cadrul evenimentului, pentru a fi al\u0103turi de poporul s\u0103u.<\/p>\n<\/p>\n<p>Ce al\u021bi arti\u0219ti au fost confirma\u021bi \u00een lineup-ul WE ARE ONE <\/p>\n<p>Andra, Antonia, Carla\u2019s Dreams, Grasu XXL, Guess Who, Horia Brenciu, INNA, Irina Rimes, Spike \u0219i Vama.\u00a0Al\u021bi arti\u0219ti locali \u0219i interna\u021bionali vor fi anun\u021ba\u021bi \u00een cur\u00e2nd.<\/p>\n<p> Bilete concert We Are ONE la Arena Na\u021bional\u0103 <\/p>\n<ul>\n<li>74,99 lei &#8211; Acces Gazon (ofer\u0103 acces pe gazonul Arenei Na\u021bionale, chiar \u00een fa\u021ba arti\u0219tilor t\u0103i prefera\u021bi)<\/li>\n<li>49,99 lei &#8211; Acces tribune \/ peluz\u0103 (ofer\u0103 acces \u00een tribunele &#038; peluza Arenei Na\u021bionale, cu vedere panoramic\u0103 asupra evenimentului)<\/li>\n<li>*fiecare bilet la eveniment reprezint\u0103 dona\u021bia pentru sus\u021binerea ucrainenilor.<\/li>\n<\/ul>\n<p>Evenimentul va fi prezentat de Andreea Esca \u0219i Andi Moisescu. Banii ob\u021binu\u021bi \u00een urma evenimentului vor fi dona\u021bi c\u0103tre Crucea Ro\u0219ie Rom\u00e2n\u0103. De asemenea, pentru a putea sus\u021bine c\u00e2t mai mult poporul ucrainean, pot fi f\u0103cute dona\u021b<\/p>\n<p> <a class=\"echo_read_more\" href=\"https:\/\/www.infomusic.ro\/2022\/03\/maratonul-caritabil-salvatiucraina-se-poate-viziona-la-tvr-pe-27-martie\/\" target=\"_blank\" rel=\"noopener\">\u00a0\u00bb\u00a0Cite\u0219te continuarea pe pagina autorului<\/a><\/p>\n","protected":false},"excerpt":{"rendered":"<p>Pe 12 martie, arti\u0219ti din Rom\u00e2nia \u0219i din afara \u021b\u0103rii concerteaz\u0103 \u00een cadrul evenimentului caritabil WE ARE ONE, ce va avea loc pe Arena Na\u021bional\u0103. Lineup-ul tocmai a fost completat cu primii arti\u0219ti interna\u021bionali, Armin van Buuren, Tom Odell \u0219i Jamala confirm\u00e2nd prezen\u021ba la Bucure\u0219ti. Armin van Buuren, Tom Odell \u0219i Jamala urc\u0103 pe scena [&hellip;]<\/p>\n","protected":false},"author":1,"featured_media":3622,"comment_status":"open","ping_status":"open","sticky":false,"template":"","format":"standard","meta":{"_crdt_document":"","footnotes":""},"categories":[4],"tags":[],"class_list":["post-3621","post","type-post","status-publish","format-standard","has-post-thumbnail","hentry","category-noutati"],"_links":{"self":[{"href":"https:\/\/news-fm.ro\/index.php\/wp-json\/wp\/v2\/posts\/3621","targetHints":{"allow":["GET"]}}],"collection":[{"href":"https:\/\/news-fm.ro\/index.php\/wp-json\/wp\/v2\/posts"}],"about":[{"href":"https:\/\/news-fm.ro\/index.php\/wp-json\/wp\/v2\/types\/post"}],"author":[{"embeddable":true,"href":"https:\/\/news-fm.ro\/index.php\/wp-json\/wp\/v2\/users\/1"}],"replies":[{"embeddable":true,"href":"https:\/\/news-fm.ro\/index.php\/wp-json\/wp\/v2\/comments?post=3621"}],"version-history":[{"count":0,"href":"https:\/\/news-fm.ro\/index.php\/wp-json\/wp\/v2\/posts\/3621\/revisions"}],"wp:featuredmedia":[{"embeddable":true,"href":"https:\/\/news-fm.ro\/index.php\/wp-json\/wp\/v2\/media\/3622"}],"wp:attachment":[{"href":"https:\/\/news-fm.ro\/index.php\/wp-json\/wp\/v2\/media?parent=3621"}],"wp:term":[{"taxonomy":"category","embeddable":true,"href":"https:\/\/news-fm.ro\/index.php\/wp-json\/wp\/v2\/categories?post=3621"},{"taxonomy":"post_tag","embeddable":true,"href":"https:\/\/news-fm.ro\/index.php\/wp-json\/wp\/v2\/tags?post=3621"}],"curies":[{"name":"wp","href":"https:\/\/api.w.org\/{rel}","templated":true}]}}