{"id":3613,"date":"2022-03-26T03:59:29","date_gmt":"2022-03-26T03:59:29","guid":{"rendered":"https:\/\/news-fm.ro\/index.php\/2022\/03\/26\/romanii-au-talent-2022-catalin-chirica-a-dansat-ca-pe-tiktok-intr-o-costumatie-creata-de-el-video\/"},"modified":"2022-03-26T03:59:29","modified_gmt":"2022-03-26T03:59:29","slug":"romanii-au-talent-2022-catalin-chirica-a-dansat-ca-pe-tiktok-intr-o-costumatie-creata-de-el-video","status":"publish","type":"post","link":"https:\/\/news-fm.ro\/index.php\/2022\/03\/26\/romanii-au-talent-2022-catalin-chirica-a-dansat-ca-pe-tiktok-intr-o-costumatie-creata-de-el-video\/","title":{"rendered":"Rom\u00e2nii au talent 2022: C\u0103t\u0103lin Chiric\u0103 a dansat ca pe TikTok \u00eentr-o costuma\u021bie creat\u0103 de el &#8211; VIDEO"},"content":{"rendered":"<p>Originar din Bucure\u0219ti, C\u0103t\u0103lin Chiric\u0103 a venit la Rom\u00e2nii au talent 2022 pentru a dansa. De c\u00e2nd a p\u0103\u0219it pe scen\u0103, \u00eens\u0103, t\u00e2n\u0103rul le-a atras \u00eent\u00e2i aten\u021bia jura\u021bilor prin \u021binuta adoptat\u0103. Andi Moisescu i-a complimentat costumul de un ro\u0219u aprins, fiind curios s\u0103 afle cine l-a sf\u0103tuit s\u0103-l \u00eembrace. <em>&#8220;M\u0103 pasioneaz\u0103 foarte mult culorile, \u00een general. Sunt \u0219i designer&#8221;<\/em>, a dezv\u0103luit C\u0103t\u0103lin, povestind apoi \u00eentr-un testimonial cum a ajuns s\u0103-\u0219i lanseze propria colec\u021bie de haine.<\/p>\n<p>&#8220;Avem multe concursuri de dans \u0219i aveam nevoie de costuma\u021bii c\u00e2t mai extravagante, ceva care s\u0103 m\u0103 scoat\u0103 \u00een eviden\u021b\u0103 sau s\u0103 atrag\u0103 aten\u021bia. Am \u00eenceput s\u0103 fac prima mea colec\u021bie, s\u0103 v\u0103d cum merge. Feedback-ul din partea oamenilor a fost foarte bun, a\u0219a c\u0103 am zis s\u0103 \u00eencerc s\u0103 fac ceva cu asta.<\/p>\n<p>De-a lungul anilor am avut diferite colabor\u0103ri \u0219i cu arti\u0219ti, \u0219i cu evenimente, dansatori, trupe, \u0219i-am zis: &#8220;, a povestit C\u0103t\u0103lin.<\/p>\n<p> Dans ca pe TikTok, r\u0103spl\u0103tit cu 4 de DA <\/p>\n<p>C\u0103t\u0103lin Chiric\u0103 le-a prezentat jura\u021bilor de la Rom\u00e2nii au talent o coregrafie modern\u0103, realizat\u0103 pe un colaj de piese foarte dinamice. Primul care l-a complimentat a fost Mihai Bobonete.<\/p>\n<p>&#8220;E\u0219ti foarte tare, frate! E\u0219ti mega tare. E genul \u0103sta de dans nou. \u0218tiu c\u0103 am v\u0103zut acum pe TikTok. E un gen nou \u0103sta. Nu e \u0103la vechi, de-l \u0219tiam noi, de-l f\u0103cea Smiley, Simplu. Bravo! Mi-a pl\u0103cut. E\u0219ti one man show&#8221;, i-a spus Bobo.<\/p>\n<p>Andra a tr\u0103it al\u0103turi de C\u0103t\u0103lin \u00eentregul moment, savur\u00e2ndu-i mi\u0219c\u0103rile.<\/p>\n<p>&#8220;C\u0103t\u0103lin, mi-a pl\u0103cut foarte mult dansul t\u0103u. Sincer, e\u0219ti un dansator foarte, foarte bun&#8221;, i-a transmis Andra.<\/p>\n<p>Drago\u0219 Bucur a v\u0103zut actoria din spatele dansatorului, punct\u00e2nd c\u00e2teva momente din coregrafia sa.<\/p>\n<p>&#8220;Eu, uit\u00e2ndu-m\u0103 la tine, m-am g\u00e2ndit continuu c\u0103 te sim\u021bi ca \u00eentr-o saun\u0103. Eu am suferit al\u0103turi de tine pe scen\u0103. Am avut senza\u021bia, la un moment dat, c\u0103 e prea mult \u0219i c\u0103 o s\u0103 \u021bi se fac\u0103 r\u0103u. Au fost dou\u0103 momente care m-au dat pe spate. \u00cen momentul \u00een care ai stat \u0219i ai \u00eentors privirea. A fost un moment foarte intens, s-a v\u0103zut actoria. \u0218i mi\u0219carea aia..Pam! Michael Jackson. Aia e! Spargem masa!&#8221;, a spus Drago\u0219.<\/p>\n<p>Ultimul jurat care a luat cuv\u00e2ntul a fost Andi. Acesta i-a confirmat c\u0103 e un dansator foarte bun.<\/p>\n<p>&#8220;Acum r\u00e2dem, glumim, dar realitatea e c\u0103 e\u0219ti talentat, m\u0103i, C\u0103t\u0103lin, fie vorba \u00eentre noi. Chiar e\u0219ti talentat. Cel pu\u021bin la dans e bine, bine.&#8221;<\/p>\n<p>Toate aceste aprecieri au fost \u00eencununate de 4 de Da, cu care C\u0103t\u0103lin Chiric\u0103 merge \u00een urm\u0103toarea etap\u0103 a concursului.<\/p>\n<p> VIDEO: C\u0103t\u0103lin Chiric\u0103 la Rom\u00e2nii au talent 2022 <\/p>\n<p> <a class=\"echo_read_more\" href=\"https:\/\/www.infomusic.ro\/2022\/03\/romanii-au-talent-2022-catalin-chirica-dans-tiktok-costumatie\/\" target=\"_blank\" rel=\"noopener\">\u00a0\u00bb\u00a0Cite\u0219te continuarea pe pagina autorului<\/a><\/p>\n","protected":false},"excerpt":{"rendered":"<p>Originar din Bucure\u0219ti, C\u0103t\u0103lin Chiric\u0103 a venit la Rom\u00e2nii au talent 2022 pentru a dansa. De c\u00e2nd a p\u0103\u0219it pe scen\u0103, \u00eens\u0103, t\u00e2n\u0103rul le-a atras \u00eent\u00e2i aten\u021bia jura\u021bilor prin \u021binuta adoptat\u0103. Andi Moisescu i-a complimentat costumul de un ro\u0219u aprins, fiind curios s\u0103 afle cine l-a sf\u0103tuit s\u0103-l \u00eembrace. &#8220;M\u0103 pasioneaz\u0103 foarte mult culorile, \u00een [&hellip;]<\/p>\n","protected":false},"author":1,"featured_media":3614,"comment_status":"open","ping_status":"open","sticky":false,"template":"","format":"standard","meta":{"_crdt_document":"","footnotes":""},"categories":[4],"tags":[],"class_list":["post-3613","post","type-post","status-publish","format-standard","has-post-thumbnail","hentry","category-noutati"],"_links":{"self":[{"href":"https:\/\/news-fm.ro\/index.php\/wp-json\/wp\/v2\/posts\/3613","targetHints":{"allow":["GET"]}}],"collection":[{"href":"https:\/\/news-fm.ro\/index.php\/wp-json\/wp\/v2\/posts"}],"about":[{"href":"https:\/\/news-fm.ro\/index.php\/wp-json\/wp\/v2\/types\/post"}],"author":[{"embeddable":true,"href":"https:\/\/news-fm.ro\/index.php\/wp-json\/wp\/v2\/users\/1"}],"replies":[{"embeddable":true,"href":"https:\/\/news-fm.ro\/index.php\/wp-json\/wp\/v2\/comments?post=3613"}],"version-history":[{"count":0,"href":"https:\/\/news-fm.ro\/index.php\/wp-json\/wp\/v2\/posts\/3613\/revisions"}],"wp:featuredmedia":[{"embeddable":true,"href":"https:\/\/news-fm.ro\/index.php\/wp-json\/wp\/v2\/media\/3614"}],"wp:attachment":[{"href":"https:\/\/news-fm.ro\/index.php\/wp-json\/wp\/v2\/media?parent=3613"}],"wp:term":[{"taxonomy":"category","embeddable":true,"href":"https:\/\/news-fm.ro\/index.php\/wp-json\/wp\/v2\/categories?post=3613"},{"taxonomy":"post_tag","embeddable":true,"href":"https:\/\/news-fm.ro\/index.php\/wp-json\/wp\/v2\/tags?post=3613"}],"curies":[{"name":"wp","href":"https:\/\/api.w.org\/{rel}","templated":true}]}}