{"id":3601,"date":"2022-03-24T09:58:43","date_gmt":"2022-03-24T09:58:43","guid":{"rendered":"http:\/\/news-fm.ro\/index.php\/2022\/03\/24\/avionul-in-care-se-afla-miley-cyrus-a-fost-lovit-de-fulger-foto\/"},"modified":"2022-03-24T09:58:43","modified_gmt":"2022-03-24T09:58:43","slug":"avionul-in-care-se-afla-miley-cyrus-a-fost-lovit-de-fulger-foto","status":"publish","type":"post","link":"https:\/\/news-fm.ro\/index.php\/2022\/03\/24\/avionul-in-care-se-afla-miley-cyrus-a-fost-lovit-de-fulger-foto\/","title":{"rendered":"Avionul \u00een care se afla Miley Cyrus a fost lovit de fulger &#8211; FOTO"},"content":{"rendered":"<p>Miley Cyrus se afl\u0103 \u00een plin turneu \u00een America de Sud, iar pe 23 martie, artista ar fi trebuit s\u0103 concerteze la festivalul Asuncionico din Paraguay. Planurile i-au fost date peste cap de o furtun\u0103. Avionul \u00een care se afla c\u00e2nt\u0103rea\u021ba a fost lovit de fulger \u0219i a trebuit s\u0103 aterizeze de urgen\u021b\u0103.<\/p>\n<p>\u00cen ciuda experien\u021bei \u00eenfrico\u0219\u0103toare, nimeni de la bordul avionului nu a fost r\u0103nit. Miley a postat pe pagina sa de Instagram un clip din timpul furtunii, dar \u0219i o poz\u0103 \u00een care se vede avaria cauzat\u0103 de fulger.<\/p>\n<p>De asemenea, artista le-a transmis un mesaj fanilor \u00eengrijora\u021bi:<\/p>\n<p>&#8220;Fanilor \u0219i celor care s-au speriat dup\u0103 ce au auzit despre zborul meu spre Asuncion. Avionul nostru a fost prins \u00een mijlocul unei furtuni nea\u0219teptate \u0219i lovit de fulger. Echipa, trupa, prietenii \u0219i membrii familiei care c\u0103l\u0103toreau al\u0103turi de mine sunt bine, dup\u0103 ce am aterizat de urgen\u021b\u0103. Din p\u0103cate, nu am putut ajunge \u00een Paraguay. V\u0103 iubesc!&#8221;<\/p>\n<p>Miley Cyrus se num\u0103ra printre headlinerii festivalului Asuncionico, al\u0103turi de Foo Fighters, Doja Cat sau Machine Gun Kelly. Ieri, organizatorii au anun\u021bat c\u0103 anuleaz\u0103 \u00eentreaga edi\u021bie din acest an din cauza furtunilor \u0219i ploilor abundente.<\/p>\n<p> <a class=\"echo_read_more\" href=\"https:\/\/www.infomusic.ro\/2022\/03\/avionul-in-care-se-afla-miley-cyrus-a-fost-lovit-de-fulger\/\" target=\"_blank\" rel=\"noopener\">\u00a0\u00bb\u00a0Cite\u0219te continuarea pe pagina autorului<\/a><\/p>\n","protected":false},"excerpt":{"rendered":"<p>Miley Cyrus se afl\u0103 \u00een plin turneu \u00een America de Sud, iar pe 23 martie, artista ar fi trebuit s\u0103 concerteze la festivalul Asuncionico din Paraguay. Planurile i-au fost date peste cap de o furtun\u0103. Avionul \u00een care se afla c\u00e2nt\u0103rea\u021ba a fost lovit de fulger \u0219i a trebuit s\u0103 aterizeze de urgen\u021b\u0103. \u00cen ciuda [&hellip;]<\/p>\n","protected":false},"author":1,"featured_media":3602,"comment_status":"open","ping_status":"open","sticky":false,"template":"","format":"standard","meta":{"_crdt_document":"","footnotes":""},"categories":[4],"tags":[],"class_list":["post-3601","post","type-post","status-publish","format-standard","has-post-thumbnail","hentry","category-noutati"],"_links":{"self":[{"href":"https:\/\/news-fm.ro\/index.php\/wp-json\/wp\/v2\/posts\/3601","targetHints":{"allow":["GET"]}}],"collection":[{"href":"https:\/\/news-fm.ro\/index.php\/wp-json\/wp\/v2\/posts"}],"about":[{"href":"https:\/\/news-fm.ro\/index.php\/wp-json\/wp\/v2\/types\/post"}],"author":[{"embeddable":true,"href":"https:\/\/news-fm.ro\/index.php\/wp-json\/wp\/v2\/users\/1"}],"replies":[{"embeddable":true,"href":"https:\/\/news-fm.ro\/index.php\/wp-json\/wp\/v2\/comments?post=3601"}],"version-history":[{"count":0,"href":"https:\/\/news-fm.ro\/index.php\/wp-json\/wp\/v2\/posts\/3601\/revisions"}],"wp:featuredmedia":[{"embeddable":true,"href":"https:\/\/news-fm.ro\/index.php\/wp-json\/wp\/v2\/media\/3602"}],"wp:attachment":[{"href":"https:\/\/news-fm.ro\/index.php\/wp-json\/wp\/v2\/media?parent=3601"}],"wp:term":[{"taxonomy":"category","embeddable":true,"href":"https:\/\/news-fm.ro\/index.php\/wp-json\/wp\/v2\/categories?post=3601"},{"taxonomy":"post_tag","embeddable":true,"href":"https:\/\/news-fm.ro\/index.php\/wp-json\/wp\/v2\/tags?post=3601"}],"curies":[{"name":"wp","href":"https:\/\/api.w.org\/{rel}","templated":true}]}}