{"id":3599,"date":"2022-03-24T01:00:05","date_gmt":"2022-03-24T01:00:05","guid":{"rendered":"https:\/\/news-fm.ro\/index.php\/2022\/03\/24\/smiley-va-sustine-un-concert-de-proportii-la-sala-polivalenta-din-bucuresti\/"},"modified":"2022-03-24T01:00:05","modified_gmt":"2022-03-24T01:00:05","slug":"smiley-va-sustine-un-concert-de-proportii-la-sala-polivalenta-din-bucuresti","status":"publish","type":"post","link":"https:\/\/news-fm.ro\/index.php\/2022\/03\/24\/smiley-va-sustine-un-concert-de-proportii-la-sala-polivalenta-din-bucuresti\/","title":{"rendered":"Smiley va sus\u021bine un concert de propor\u021bii la Sala Polivalent\u0103 din Bucure\u0219ti"},"content":{"rendered":"<p>Timid\u0103, Maria H\u0103ulic\u0103 a venit la Rom\u00e2nii au talent 2022 f\u0103r\u0103 a\u0219tept\u0103ri prea mari. Chiar dac\u0103 iube\u0219te muzica, acest vis al unei cariere pe scen\u0103 i se pare greu de \u00eendeplinit, lipsa \u00eencuraj\u0103rilor din partea celor din jur zdruncin\u00e2ndu-i \u00eencrederea. Le-a m\u0103rturisit jura\u021bilor c\u0103 profesorul ei de muzic\u0103 a fost cel care a \u00eenscris-o, datorit\u0103 lui afl\u00e2ndu-se la audi\u021biile sezonului 12.<\/p>\n<p>\u00cen v\u00e2rst\u0103 de 18 ani, Maria nu s-a bucurat de o copil\u0103rie normal\u0103. P\u0103rin\u021bii ei s-au desp\u0103r\u021bit la scurt\u0103 vreme dup\u0103 na\u0219terea ei \u0219i a fost crescut\u0103 de bunici. Chiar dac\u0103 a primit mereu afec\u021biune din partea lor, lipsa p\u0103rin\u021bilor a fost mereu o realitate dureroas\u0103.<\/p>\n<p> Maria H\u0103ulic\u0103 la Rom\u00e2nii au talent 2022: &#8220;Cea mai mare dorin\u021b\u0103 a mea este, indiferent ce a\u0219 fi, s\u0103 fiu un om bun \u0219i s\u0103 pot s\u0103 ajut \u0219i pe restul&#8221; <\/p>\n<p>&#8220;Toat\u0103 lumea a fost sceptic\u0103 pe partea asta cu muzica, pentru c\u0103 tot spuneau c\u0103 nu pot s\u0103 fac un viitor din lucrul \u0103sta \u0219i, \u00eentr-adev\u0103r, este greu, pentru c\u0103 \u00een ziua de azi, \u00een general, trebuie s\u0103 ai foarte mult\u0103 sus\u021binere material\u0103 pentru partea asta. Eu am fost crescut\u0103 de bunici de mic\u0103. Mama \u0219i tata s-au desp\u0103r\u021bit c\u00e2nd eu eram bebelu\u0219.<\/p>\n<p>Tata, din p\u0103cate, a fugit foarte mul\u021bi ani de mine, \u0219i din p\u0103cate nu \u0219tiu foarte multe despre el. \u0218i el c\u00e2nta \u00een copil\u0103ria lui la acordeon. Am \u00eencercat s\u0103 iau leg\u0103tura cu el, dar, din p\u0103cate, adev\u0103rul dur m-a lovit \u00een fa\u021b\u0103 \u00een momentul \u00een care mi-am dat seama c\u0103 are o problem\u0103 nasoal\u0103 cu alcoolul \u0219i c\u0103 nu m\u0103 voi putea \u00een\u021belege vreodat\u0103 cu el.<\/p>\n<p>Am \u00eencercat s\u0103 vorbesc cu el la telefon, mi-a zis de multe ori c\u0103 nu sunt copilul lui, s\u0103 nu-l mai caut \u0219i da, a fost dureros. V\u0103 da\u021bi seama, m\u0103 simt r\u0103nit\u0103, pentru c\u0103 e tata, dar nu pot s\u0103 spun c\u0103 suf\u0103r dup\u0103 ceva ce n-am avut niciodat\u0103.<\/p>\n<p>La un moment dat, mama a fost plecat\u0103 \u00een str\u0103in\u0103tate s\u0103 munceasc\u0103 pentru mine. Am suferit mult dup\u0103 ea \u0219i de dorul ei, dar am avut-o acas\u0103 pe bunica, care a fost trup \u0219i suflet pentru mine \u00een orice moment. Nu pot s\u0103 zic c\u0103 am dus lips\u0103 de dragoste. Cea mai mare dorin\u021b\u0103 a mea este, indiferent ce a\u0219 fi, s\u0103 fiu un om bun \u0219i s\u0103 pot s\u0103 ajut \u0219i pe restul&#8221;, a povestit Maria \u00een testimonialul filmat pentru Rom\u00e2nii au talent 2022.<\/p>\n<p> Maria H\u0103ulic\u0103 la Rom\u00e2nii au talent 2022: &#8220;Sunt un om simplu care iube\u0219te s\u0103 c\u00e2nte&#8221; <\/p>\n<p>De\u0219i nu \u00eendr\u0103zne\u0219te \u00eenc\u0103 s\u0103 spere la o carier\u0103 \u00een muzic\u0103, Maria recunoa\u0219te c\u0103 acest lucru ar face-o extrem de fericit\u0103.<\/p>\n<p>&#8220;M-a\u0219 sim\u021bi \u00eemplinit\u0103 la modul maxim dac\u0103 a\u0219 avea succes pe partea cu muzica, pentru faptul c\u0103 e lucrul care-mi place cel mai mult s\u0103-l fac pe lumea asta. Sunt un om simplu care iube\u0219te s\u0103 c\u00e2nte.&#8221;<\/p>\n<p> Momentul preg\u0103tit de Maria H\u0103ulic\u0103 pentru Rom\u00e2nii au talent 2022 \u0219i reac\u021biile jura\u021bilor <\/p>\n<p>Acompaniindu-se la chitar\u0103, Maria a interpretat la Rom\u00e2nii au talent 2022 piesa lui Emeric Imre, &#8220;Nebun de alb&#8221;. Pentru c\u00e2teva minute, emo\u021bia a pus st\u0103p\u00e2nire pe \u00eentreaga sal\u0103. Maria H\u0103ulic\u0103 a uitat de ne\u00eencredere \u0219i a l\u0103sat muzica s\u0103 vorbeasc\u0103 pentru ea. A primit din partea jura\u021bilor patru de DA, cu to\u021bii \u00eencuraj\u00e2nd-o s\u0103-\u0219i urmeze visul.<\/p>\n<p> Drago\u0219 Bucur: &#8220;Vine un moment \u00een care te doare fix \u00een dos de ce \u00ee\u021bi spun cei din jurul t\u0103u&#8221; <\/p>\n<p>&#8220;\u00cemi amintesc de momentele \u00een care nu aveam \u00eencredere \u00een mine \u0219i \u00een care m\u0103 interesa aproapte tot ce credeau sau spuneau oamenii din jurul meu \u0219i eu n-a\u0219 vrea s\u0103 mai ajung niciodat\u0103 \u00eenapoi,<\/p>\n<p> <a class=\"echo_read_more\" href=\"https:\/\/www.infomusic.ro\/2022\/03\/smiley-concert-sala-polivalenta-bucuresti\/\" target=\"_blank\" rel=\"noopener\">\u00a0\u00bb\u00a0Cite\u0219te continuarea pe pagina autorului<\/a><\/p>\n","protected":false},"excerpt":{"rendered":"<p>Timid\u0103, Maria H\u0103ulic\u0103 a venit la Rom\u00e2nii au talent 2022 f\u0103r\u0103 a\u0219tept\u0103ri prea mari. Chiar dac\u0103 iube\u0219te muzica, acest vis al unei cariere pe scen\u0103 i se pare greu de \u00eendeplinit, lipsa \u00eencuraj\u0103rilor din partea celor din jur zdruncin\u00e2ndu-i \u00eencrederea. Le-a m\u0103rturisit jura\u021bilor c\u0103 profesorul ei de muzic\u0103 a fost cel care a \u00eenscris-o, datorit\u0103 [&hellip;]<\/p>\n","protected":false},"author":1,"featured_media":3600,"comment_status":"open","ping_status":"open","sticky":false,"template":"","format":"standard","meta":{"_crdt_document":"","footnotes":""},"categories":[4],"tags":[],"class_list":["post-3599","post","type-post","status-publish","format-standard","has-post-thumbnail","hentry","category-noutati"],"_links":{"self":[{"href":"https:\/\/news-fm.ro\/index.php\/wp-json\/wp\/v2\/posts\/3599","targetHints":{"allow":["GET"]}}],"collection":[{"href":"https:\/\/news-fm.ro\/index.php\/wp-json\/wp\/v2\/posts"}],"about":[{"href":"https:\/\/news-fm.ro\/index.php\/wp-json\/wp\/v2\/types\/post"}],"author":[{"embeddable":true,"href":"https:\/\/news-fm.ro\/index.php\/wp-json\/wp\/v2\/users\/1"}],"replies":[{"embeddable":true,"href":"https:\/\/news-fm.ro\/index.php\/wp-json\/wp\/v2\/comments?post=3599"}],"version-history":[{"count":0,"href":"https:\/\/news-fm.ro\/index.php\/wp-json\/wp\/v2\/posts\/3599\/revisions"}],"wp:featuredmedia":[{"embeddable":true,"href":"https:\/\/news-fm.ro\/index.php\/wp-json\/wp\/v2\/media\/3600"}],"wp:attachment":[{"href":"https:\/\/news-fm.ro\/index.php\/wp-json\/wp\/v2\/media?parent=3599"}],"wp:term":[{"taxonomy":"category","embeddable":true,"href":"https:\/\/news-fm.ro\/index.php\/wp-json\/wp\/v2\/categories?post=3599"},{"taxonomy":"post_tag","embeddable":true,"href":"https:\/\/news-fm.ro\/index.php\/wp-json\/wp\/v2\/tags?post=3599"}],"curies":[{"name":"wp","href":"https:\/\/api.w.org\/{rel}","templated":true}]}}