{"id":3595,"date":"2022-03-23T17:59:46","date_gmt":"2022-03-23T17:59:46","guid":{"rendered":"https:\/\/news-fm.ro\/index.php\/2022\/03\/23\/luna-amara-a-fost-invitata-la-diud-wheres-my-tune-video\/"},"modified":"2022-03-23T17:59:46","modified_gmt":"2022-03-23T17:59:46","slug":"luna-amara-a-fost-invitata-la-diud-wheres-my-tune-video","status":"publish","type":"post","link":"https:\/\/news-fm.ro\/index.php\/2022\/03\/23\/luna-amara-a-fost-invitata-la-diud-wheres-my-tune-video\/","title":{"rendered":"Luna Amar\u0103 a fost invitat\u0103 la &#8220;Diud, where&#8217;s my tune?&#8221; &#8211; VIDEO"},"content":{"rendered":"<p>&#8220;Avem o regul\u0103 nescris\u0103 la &#8220;Diud, where&#8217;s my tune?&#8221;: s\u0103 invit\u0103m arti\u0219ti care ne inspir\u0103, arti\u0219ti care continu\u0103 s\u0103 ne surprind\u0103 chiar \u0219i acum, la mai bine de 20 de ani de c\u00e2nd i-am descoperit prima oar\u0103. Luna Amar\u0103 este una dintre trupele ALEA. \u0218i ne bucur\u0103m c\u0103 i-am putut asculta live \u00een D\u0103 Space.<\/p>\n<p>Veni\u021bi din Cluj-Napoca, aici, la &#8220;Diud, where&#8217;s my tune?&#8221;. Enjoy as much as we did&#8221;, a transmis echipa DIUD.<\/p>\n<p>DIUD este o echip\u0103 de tineri creativi, cinea\u0219ti, cinefili \u0219i oameni de comunicare\u00a0ce urm\u0103resc \u00een permanen\u021b\u0103 cele mai noi tendin\u021be artistice \u0219i tehnice \u00een materie de scenaristic\u0103, produc\u021bie \u0219i regie de film. Recent, la DIUD a fost invitat\u0103 \u0219i\u00a0<a href=\"https:\/\/www.infomusic.ro\/2021\/11\/dora-gaitanovici-diud-wheres-my-tune-video\/\">Dora Gaitanovici<\/a>, finalist\u0103 la Vocea Rom\u00e2niei \u00een 2018.<\/p>\n<p> VIDEO: Luna Amar\u0103 &#8211; Unghii de Drac \/ Deadends la &#8220;Diud, where&#8217;s my tune?&#8221; <\/p>\n<p>Lansat\u0103 \u00een 2000,\u00a0Luna Amar\u0103 este forma\u021bia fanion pentru mai multe genera\u021bii de consumatori\u00a0dar \u0219i de dragoste ale poeziilor care abordeaz\u0103 diverse st\u0103ri. \u00cen compozi\u021biile originale se pune accentul pe solo-urile de trompet\u0103, riff-urile de chitar\u0103 \u0219i \u00eembinarea contrastant\u0103 a duetului de voci, cvintetul fiind apreciat \u0219i pentru sec\u021bia ritmic\u0103 solid\u0103 care st\u0103 la baza pieselor.<\/p>\n<p>Trupa clujean\u0103 se bucur\u0103 de succes pe plan na\u021bional, promov\u00e2nd &#8220;Folclor&#8221;, &#8220;Ro\u0219u aprins&#8221;, &#8220;Gri dorian&#8221;, &#8220;Ego no.4&#8221;, &#8220;Ora\u0219&#8221;, &#8220;Chihlimbar&#8221; \u0219i &#8220;Pietre \u00een alb&#8221; \u00een sute de concerte, fiind invitat\u0103 \u0219i \u00een Anglia, Germania, Olanda, Fran\u021ba, Ungaria, Moldova, Bulgaria \u0219i Turcia, de-a lungul activit\u0103\u021bii ne\u00eentrerupte.<\/p>\n<p> <a class=\"echo_read_more\" href=\"https:\/\/www.infomusic.ro\/2022\/03\/luna-amara-diud-video\/\" target=\"_blank\" rel=\"noopener\">\u00a0\u00bb\u00a0Cite\u0219te continuarea pe pagina autorului<\/a><\/p>\n","protected":false},"excerpt":{"rendered":"<p>&#8220;Avem o regul\u0103 nescris\u0103 la &#8220;Diud, where&#8217;s my tune?&#8221;: s\u0103 invit\u0103m arti\u0219ti care ne inspir\u0103, arti\u0219ti care continu\u0103 s\u0103 ne surprind\u0103 chiar \u0219i acum, la mai bine de 20 de ani de c\u00e2nd i-am descoperit prima oar\u0103. Luna Amar\u0103 este una dintre trupele ALEA. \u0218i ne bucur\u0103m c\u0103 i-am putut asculta live \u00een D\u0103 Space. [&hellip;]<\/p>\n","protected":false},"author":1,"featured_media":3596,"comment_status":"open","ping_status":"open","sticky":false,"template":"","format":"standard","meta":{"_crdt_document":"","footnotes":""},"categories":[4],"tags":[],"class_list":["post-3595","post","type-post","status-publish","format-standard","has-post-thumbnail","hentry","category-noutati"],"_links":{"self":[{"href":"https:\/\/news-fm.ro\/index.php\/wp-json\/wp\/v2\/posts\/3595","targetHints":{"allow":["GET"]}}],"collection":[{"href":"https:\/\/news-fm.ro\/index.php\/wp-json\/wp\/v2\/posts"}],"about":[{"href":"https:\/\/news-fm.ro\/index.php\/wp-json\/wp\/v2\/types\/post"}],"author":[{"embeddable":true,"href":"https:\/\/news-fm.ro\/index.php\/wp-json\/wp\/v2\/users\/1"}],"replies":[{"embeddable":true,"href":"https:\/\/news-fm.ro\/index.php\/wp-json\/wp\/v2\/comments?post=3595"}],"version-history":[{"count":0,"href":"https:\/\/news-fm.ro\/index.php\/wp-json\/wp\/v2\/posts\/3595\/revisions"}],"wp:featuredmedia":[{"embeddable":true,"href":"https:\/\/news-fm.ro\/index.php\/wp-json\/wp\/v2\/media\/3596"}],"wp:attachment":[{"href":"https:\/\/news-fm.ro\/index.php\/wp-json\/wp\/v2\/media?parent=3595"}],"wp:term":[{"taxonomy":"category","embeddable":true,"href":"https:\/\/news-fm.ro\/index.php\/wp-json\/wp\/v2\/categories?post=3595"},{"taxonomy":"post_tag","embeddable":true,"href":"https:\/\/news-fm.ro\/index.php\/wp-json\/wp\/v2\/tags?post=3595"}],"curies":[{"name":"wp","href":"https:\/\/api.w.org\/{rel}","templated":true}]}}