{"id":3593,"date":"2022-03-23T17:00:02","date_gmt":"2022-03-23T17:00:02","guid":{"rendered":"https:\/\/news-fm.ro\/index.php\/2022\/03\/23\/te-cunosc-de-undeva-revine-cu-cel-de-al-17-lea-sezon-ei-sunt-prezentatorii-emisiunii\/"},"modified":"2022-03-23T17:00:02","modified_gmt":"2022-03-23T17:00:02","slug":"te-cunosc-de-undeva-revine-cu-cel-de-al-17-lea-sezon-ei-sunt-prezentatorii-emisiunii","status":"publish","type":"post","link":"https:\/\/news-fm.ro\/index.php\/2022\/03\/23\/te-cunosc-de-undeva-revine-cu-cel-de-al-17-lea-sezon-ei-sunt-prezentatorii-emisiunii\/","title":{"rendered":"&#8220;Te cunosc de undeva&#8221; revine cu cel de-al 17-lea sezon; ei sunt prezentatorii emisiunii"},"content":{"rendered":"<p>Pentru finala Eurovision Rom\u00e2nia 2022, TVR-ul a ales o nou\u0103 echip\u0103 de prezentatori. Gazdele finalei Selec\u021biei Na\u021bionale de pe 5 martie vor fi Eda Marcus \u0219i Aurelian Temi\u0219an, ambii cu experien\u021b\u0103 \u00een acest rol. Aurelian Temi\u0219an a mai prezentat o alt\u0103 edi\u021bie a Eurovision Rom\u00e2nia, \u00een vreme ce Eda Marcus, prezentatoarea \u0219tirilor sportive din cadrul Telejurnalului, a fost \u00een 2019 gazda festivalului Cerbul de Aur.<\/p>\n<p>&#8220;Selec\u021bia Na\u021bional\u0103 este piesa care lipsea din &#8220;colec\u0163ia&#8221; mea de evenimente mari ale Televiziunii Rom\u00e2ne. Am \u00eenceput cu Eurovision Junior acum foarte mul\u0163i ani, am continuat, dup\u0103, cu Cerbul de Aur \u00een 2019, apoi cu programul de Revelion al TVR 1 \u00een 2021, iar anul acesta voi prezenta finala Eurovision Rom\u00e2nia. A fost dorin\u0163a care mi s-a \u00eemplinit la momentul potrivit, acum c\u00e2nd sunt mai preg\u0103tit\u0103 ca niciodat\u0103 pentru el&#8221;, a declarat Eda Marcus pentru TVR.<\/p>\n<p> Aurelian Temi\u0219an: &#8220;M\u0103 bucur s\u0103 fiu din nou implicat \u00een acest concurs, ca prezentator, \u0219i s\u0103 simt din nou emo\u021biile concuren\u021bilor, aduc\u00e2ndu-mi aminte de edi\u021biile \u00een care eu eram \u00een pozi\u021bia lor&#8221; <\/p>\n<p>Aurelian Temi\u0219an revine pe scena Eurovision \u00een calitate de prezentator, artistul av\u00e2nd \u0219i dou\u0103 particip\u0103ri la acest concurs.<\/p>\n<p>&#8220;M\u0103 bucur s\u0103 fiu din nou implicat \u00een acest concurs, ca prezentator, \u0219i s\u0103 simt din nou emo\u021biile concuren\u021bilor, aduc\u00e2ndu-mi aminte de edi\u021biile \u00een care eu eram \u00een pozi\u021bia lor, d\u00e2nd tot ce puteam pentru a face acel show total de care acest grandios concurs are nevoie, pe plan interna\u021bional.<\/p>\n<p>C\u00e2t despre colega mea de prezentare, Eda, se adevere\u0219te \u00eenc\u0103 o dat\u0103 c\u0103 muzica \u0219i sportul merg m\u00e2n\u0103 \u00een m\u00e2n\u0103. Cu Eda \u0219i cu mine pe post de Masters of Ceremony&#8230; Eurovisionul poate sa \u00eenceap\u0103!&#8221;<\/p>\n<p><img loading=\"lazy\" decoding=\"async\" alt=\"Eda Marcus \u0219i Aurelian Temi\u0219an\" height=\"533\" loading=\"lazy\"  src=\"https:\/\/static.infomusic.ro\/media\/2022\/03\/eda-marcus-aurelian-temisan-credit-tvr.jpg\"  width=\"800\"\/><\/p>\n<p>Eda Marcus \u0219i Aurelian Temi\u0219an \u2502 FOTO: TVR<\/p>\n<p> Finala Eurovision Rom\u00e2nia 2022 va mai avea doi prezentatori <\/p>\n<p>Bogdan St\u0103nescu \u0219i Ilinca B\u0103cil\u0103 completeaz\u0103 echipa de prezentatori. T\u00e2n\u0103ra artist\u0103 va lua, din nou, pulsul emo\u021biilor din camera verde a Selec\u021biei Na\u021bionale, al\u0103turi de concuren\u021bi, iar gazda emisiunii &#8220;Cu capu-n zori&#8221;\u00a0de la TVR 1 va fi al\u0103turi de jura\u021bii Eurovision Rom\u00e2nia.<\/p>\n<p> Cine sunt finali\u0219tii Eurovision Rom\u00e2nia 2022 <\/p>\n<p>\u00cen show-ul de s\u00e2mb\u0103t\u0103, 5 martie, zece concuren\u0163i vor lupta pentru a reprezenta Rom\u00e2nia la Torino, la Eurovision Song Contest 2022.<\/p>\n<p>Cei 10 finali\u0219ti \u0219i piesele cu care s-au calificat:<\/p>\n<ul>\n<li>Alex Parker &#038; Bastien<em>\u00a0\u2013 &#8220;<\/em>All this love&#8221;<\/li>\n<li>Andrei Petru\u0219 &#8211; &#8220;Take me&#8221;<\/li>\n<li>Cream, Minodora \u0219i Diana Buc\u015f\u0103 \u2013 &#8220;<a href=\"https:\/\/www.infomusic.ro\/2022\/02\/romania-mea-finala-eurovision-romania-2022-cum-motiveaza-comisia\/\">Rom\u00e2nia mea<\/a>&#8220;<\/li>\n<li>Dora Gaitanovici \u2013 &#8220;Ana&#8221;<\/li>\n<li>Gabriel Basco \u2013 &#8220;One night&#8221;<\/li>\n<li>Kyrie Mend\u00e9l \u2013 &#8220;Hurricane&#8221;<\/li>\n<li>M\u00d8ISE \u2013 &#8220;Guilty&#8221;<\/li>\n<li>Petra \u2013 &#8220;Ireligios&#8221;<\/li>\n<li>Vanu &#8211; &#8220;Never give up&#8221;<\/li>\n<li>WRS \u2013 &#8220;Llamame&#8221;<\/li>\n<\/ul>\n<p>Cum se va vota \u00een finala Eurovision Rom\u00e2nia 2022 <\/p>\n<p>Publicul va fi \u0219aselea jurat al finalei Eurovision. \u00cen ultima faz\u0103 a Selec\u021biei Na\u021bionale, c\u00e2\u0219tig\u0103torul va fi decis de juriul concursului &#8211; Alexandra Ungureanu, Ozana Barabancea, Randi, Cristian Faur \u015fi Adrian Romcescu \u2013 \u0219i de telespectatori (prin SMS), punctajul acordat de public av\u00e2nd ponderea celui acordat de un jurat.<\/p>\n<p> Cine vor fi invita\u021bii speciali din finala Eurovision Rom\u00e2nia 2022 <\/p>\n<p>Concuren\u021bii care reprezint\u0103 Republica Moldova, Albania, Muntenegru, Cehia, Macedonia de Nord, Estonia \u0219i Bulgaria la Eurovision 2022 vor urca pe scen\u0103 \u00een finala Selec\u021biei Na\u021bionale. G\u0103se\u0219ti mai multe detalii <a href=\"https:\/\/www.infomusic.ro\/2022\/02\/finala-eurovision-romania-2022-bucuresti-concurenti\/\">aici<\/a>.<\/p>\n<p> De la ce or\u0103 po\u021bi urm\u0103ri finala Eurovision Rom\u00e2nia 2022 <\/p>\n<p>Finala Eurovision Rom\u00e2nia 2022 va putea fi urm\u0103rit\u0103 live pe TVR \u0219i pe canalul de YouTube al postului\u00a0\u00eencep\u00e2nd cu ora 21:00.<\/p>\n<p> <a class=\"echo_read_more\" href=\"https:\/\/www.infomusic.ro\/2022\/03\/prezentatori-te-cunosc-de-undeva-sezonul-17\/\" target=\"_blank\" rel=\"noopener\">\u00a0\u00bb\u00a0Cite\u0219te continuarea pe pagina autorului<\/a><\/p>\n","protected":false},"excerpt":{"rendered":"<p>Pentru finala Eurovision Rom\u00e2nia 2022, TVR-ul a ales o nou\u0103 echip\u0103 de prezentatori. Gazdele finalei Selec\u021biei Na\u021bionale de pe 5 martie vor fi Eda Marcus \u0219i Aurelian Temi\u0219an, ambii cu experien\u021b\u0103 \u00een acest rol. Aurelian Temi\u0219an a mai prezentat o alt\u0103 edi\u021bie a Eurovision Rom\u00e2nia, \u00een vreme ce Eda Marcus, prezentatoarea \u0219tirilor sportive din cadrul [&hellip;]<\/p>\n","protected":false},"author":1,"featured_media":3594,"comment_status":"open","ping_status":"open","sticky":false,"template":"","format":"standard","meta":{"_crdt_document":"","footnotes":""},"categories":[4],"tags":[],"class_list":["post-3593","post","type-post","status-publish","format-standard","has-post-thumbnail","hentry","category-noutati"],"_links":{"self":[{"href":"https:\/\/news-fm.ro\/index.php\/wp-json\/wp\/v2\/posts\/3593","targetHints":{"allow":["GET"]}}],"collection":[{"href":"https:\/\/news-fm.ro\/index.php\/wp-json\/wp\/v2\/posts"}],"about":[{"href":"https:\/\/news-fm.ro\/index.php\/wp-json\/wp\/v2\/types\/post"}],"author":[{"embeddable":true,"href":"https:\/\/news-fm.ro\/index.php\/wp-json\/wp\/v2\/users\/1"}],"replies":[{"embeddable":true,"href":"https:\/\/news-fm.ro\/index.php\/wp-json\/wp\/v2\/comments?post=3593"}],"version-history":[{"count":0,"href":"https:\/\/news-fm.ro\/index.php\/wp-json\/wp\/v2\/posts\/3593\/revisions"}],"wp:featuredmedia":[{"embeddable":true,"href":"https:\/\/news-fm.ro\/index.php\/wp-json\/wp\/v2\/media\/3594"}],"wp:attachment":[{"href":"https:\/\/news-fm.ro\/index.php\/wp-json\/wp\/v2\/media?parent=3593"}],"wp:term":[{"taxonomy":"category","embeddable":true,"href":"https:\/\/news-fm.ro\/index.php\/wp-json\/wp\/v2\/categories?post=3593"},{"taxonomy":"post_tag","embeddable":true,"href":"https:\/\/news-fm.ro\/index.php\/wp-json\/wp\/v2\/tags?post=3593"}],"curies":[{"name":"wp","href":"https:\/\/api.w.org\/{rel}","templated":true}]}}