{"id":3585,"date":"2022-03-22T08:00:16","date_gmt":"2022-03-22T08:00:16","guid":{"rendered":"http:\/\/news-fm.ro\/index.php\/2022\/03\/22\/adda-a-lansat-albumul-fata-din-diamant\/"},"modified":"2022-03-22T08:00:16","modified_gmt":"2022-03-22T08:00:16","slug":"adda-a-lansat-albumul-fata-din-diamant","status":"publish","type":"post","link":"https:\/\/news-fm.ro\/index.php\/2022\/03\/22\/adda-a-lansat-albumul-fata-din-diamant\/","title":{"rendered":"ADDA a lansat albumul &#8220;Fata din diamant&#8221;"},"content":{"rendered":"<p><a href=\"https:\/\/www.infomusic.ro\/stiri\/muzica\/albume-noi-muzica\/\">Albume noi<\/a>   <\/p>\n<p>ADDA le prezint\u0103 fanilor &#8220;Fata din diamant&#8221;, un album \u00eenc\u0103rcat de emo\u021bie. Materialul poate fi ascultat pe toate platformele digitale. Te invit\u0103m s\u0103 cite\u0219ti mai multe detalii.<\/p>\n<p><img loading=\"lazy\" decoding=\"async\" alt=\"\" height=\"46\" loading=\"lazy\" src=\"https:\/\/secure.gravatar.com\/avatar\/9d38d050002cce547922c9679f820ed9?s=46&#038;d=blank&#038;r=g\"  width=\"46\"\/> <\/p>\n<p>Publicat<\/p>\n<p>acum 21 de ore<\/p>\n<p>pe<\/p>\n<p>21\/03\/2022<\/p>\n<p><img fetchpriority=\"high\" decoding=\"async\" alt=\"Artwork album ADDA - Fata din diamant\" height=\"667\"  src=\"https:\/\/static.infomusic.ro\/media\/2022\/03\/artwork-album-adda-fata-din-diamant-1000x667.jpg\"  width=\"1000\"\/><\/p>\n<p> Artwork album ADDA &#8211; Fata din diamant \u2502 FOTO: captur\u0103 YouTube <\/p>\n<p>ADDA a compus 11 piese pline de mesaj \u0219i emo\u021bie pe care le-a adunat \u00een albumul &#8220;Fata din diamant&#8221;. Materialul a fost lansat azi-noapte, la ora 00:00, pe toate platformele de streaming \u0219i pe YouTube, iar \u00een cur\u00e2nd poate fi achizi\u021bionat \u0219i \u00een format fizic.<\/p>\n<p>&#8220;A fost un album care s-a f\u0103cut greu. Printre covizi \u0219i perfuziile mele. Printre mutat studio-ul de dou\u0103 ori. Printre via\u021ba care bate filmul cu \u0219i despre oameni. Dar \u00eentr-un final s-a lansat. \u0218i sper s\u0103 v\u0103 dea putere, a\u0219a cum \u00eemi d\u0103 mie acum. S\u0103 v\u0103 pun\u0103 un z\u00e2mbet pe fa\u021b\u0103. S\u0103 v\u0103 elibereze. S\u0103 schimbe sau s\u0103 adauge ceva bun \u00een sufletul vostru. \u0102sta e scopul. \u0102sta e motivul pentru care fac muzic\u0103&#8221;, este o parte din mesajul pe care ADDA l-a transmis fanilor pe Instagram.<\/p>\n<\/p>\n<p>Printre melodiile care se g\u0103sesc pe albumul &#8220;Fata din diamant&#8221; se num\u0103r\u0103 <a href=\"https:\/\/www.infomusic.ro\/videoclip\/adda-tramvaiul-23\/\" rel=\"noopener\" target=\"_blank\">&#8220;Tramvaiul 23&#8221;<\/a>, <a href=\"https:\/\/www.infomusic.ro\/videoclip\/adda-tramvaiul-sfarsitului\/\" rel=\"noopener\" target=\"_blank\">&#8220;Tramvaiul Sf\u00e2r\u0219itului&#8221;<\/a>, <a href=\"https:\/\/www.infomusic.ro\/videoclip\/adda-sa-nu-mi-iei-trandafiri\/\" rel=\"noopener\" target=\"_blank\">&#8220;S\u0103 nu-mi iei trandafiri&#8221;<\/a> sau <a href=\"https:\/\/www.infomusic.ro\/videoclip\/adda-si-nosfe-lasa-ma-sa-mor\/\" rel=\"noopener\" target=\"_blank\">&#8220;Las\u0103-m\u0103 s\u0103 mor&#8221;<\/a>, o colaborare cu Nosfe. Toate aceste piese au fost deja lansate cu videoclip.<\/p>\n<p> TRACKLIST album &#8220;Fata din diamant&#8221;: <\/p>\n<ol>\n<li>Tramvaiul 23<\/li>\n<li>Tramvaiul Sf\u00e2r\u0219itului<\/li>\n<li>Las\u0103-m\u0103 s\u0103 mor<\/li>\n<li>S\u0103 nu-mi iei trandafiri<\/li>\n<li>Paranoia<\/li>\n<li>Altcineva<\/li>\n<li>Du-te la ea<\/li>\n<li>Ploaia care vine<\/li>\n<li>Rupe-mi<\/li>\n<li>Puternic\u0103<\/li>\n<li>Fata din diamant<\/li>\n<\/ol>\n<p>      \u00ce\u021bi recomand\u0103m aceste videoclipuri        <\/p>\n<p><img decoding=\"async\" alt=\"INFOMUSIC\" height=\"150\" src=\"https:\/\/static.infomusic.ro\/logo-slogan.svg\" width=\"150\"\/><\/p>\n<p> <a class=\"echo_read_more\" href=\"https:\/\/www.infomusic.ro\/2022\/03\/adda-a-lansat-albumul-fata-din-diamant\/\" target=\"_blank\" rel=\"noopener\">\u00a0\u00bb\u00a0Cite\u0219te continuarea pe pagina autorului<\/a><\/p>\n","protected":false},"excerpt":{"rendered":"<p>Albume noi ADDA le prezint\u0103 fanilor &#8220;Fata din diamant&#8221;, un album \u00eenc\u0103rcat de emo\u021bie. Materialul poate fi ascultat pe toate platformele digitale. Te invit\u0103m s\u0103 cite\u0219ti mai multe detalii. Publicat acum 21 de ore pe 21\/03\/2022 Artwork album ADDA &#8211; Fata din diamant \u2502 FOTO: captur\u0103 YouTube ADDA a compus 11 piese pline de mesaj [&hellip;]<\/p>\n","protected":false},"author":1,"featured_media":3586,"comment_status":"open","ping_status":"open","sticky":false,"template":"","format":"standard","meta":{"_crdt_document":"","footnotes":""},"categories":[4],"tags":[],"class_list":["post-3585","post","type-post","status-publish","format-standard","has-post-thumbnail","hentry","category-noutati"],"_links":{"self":[{"href":"https:\/\/news-fm.ro\/index.php\/wp-json\/wp\/v2\/posts\/3585","targetHints":{"allow":["GET"]}}],"collection":[{"href":"https:\/\/news-fm.ro\/index.php\/wp-json\/wp\/v2\/posts"}],"about":[{"href":"https:\/\/news-fm.ro\/index.php\/wp-json\/wp\/v2\/types\/post"}],"author":[{"embeddable":true,"href":"https:\/\/news-fm.ro\/index.php\/wp-json\/wp\/v2\/users\/1"}],"replies":[{"embeddable":true,"href":"https:\/\/news-fm.ro\/index.php\/wp-json\/wp\/v2\/comments?post=3585"}],"version-history":[{"count":0,"href":"https:\/\/news-fm.ro\/index.php\/wp-json\/wp\/v2\/posts\/3585\/revisions"}],"wp:featuredmedia":[{"embeddable":true,"href":"https:\/\/news-fm.ro\/index.php\/wp-json\/wp\/v2\/media\/3586"}],"wp:attachment":[{"href":"https:\/\/news-fm.ro\/index.php\/wp-json\/wp\/v2\/media?parent=3585"}],"wp:term":[{"taxonomy":"category","embeddable":true,"href":"https:\/\/news-fm.ro\/index.php\/wp-json\/wp\/v2\/categories?post=3585"},{"taxonomy":"post_tag","embeddable":true,"href":"https:\/\/news-fm.ro\/index.php\/wp-json\/wp\/v2\/tags?post=3585"}],"curies":[{"name":"wp","href":"https:\/\/api.w.org\/{rel}","templated":true}]}}