{"id":3583,"date":"2022-03-22T08:00:17","date_gmt":"2022-03-22T08:00:17","guid":{"rendered":"http:\/\/news-fm.ro\/index.php\/2022\/03\/22\/alexandra-ungureanu-navigheaza-printre-hituri-si-dezamagiri-in-podcastul-aproximativ-discutii-cu-dj-gojira\/"},"modified":"2022-03-22T08:00:17","modified_gmt":"2022-03-22T08:00:17","slug":"alexandra-ungureanu-navigheaza-printre-hituri-si-dezamagiri-in-podcastul-aproximativ-discutii-cu-dj-gojira","status":"publish","type":"post","link":"https:\/\/news-fm.ro\/index.php\/2022\/03\/22\/alexandra-ungureanu-navigheaza-printre-hituri-si-dezamagiri-in-podcastul-aproximativ-discutii-cu-dj-gojira\/","title":{"rendered":"Alexandra Ungureanu navigheaz\u0103 printre hituri \u015fi dezam\u0103giri \u00een podcastul &#8220;Aproximativ Discu\u0163ii&#8221; cu DJ Gojira"},"content":{"rendered":"<p>S\u00e2mb\u0103t\u0103 sear\u0103 a avut loc primul show live din cadrul\u00a0 Selec\u021biei Na\u021bionale pentru Eurovision 2022. Din cei 20 de participan\u021bi, <a href=\"https:\/\/www.infomusic.ro\/2022\/02\/piesa-romaniei-la-eurovision-2022-se-va-decide-din-aceste-10-melodii-finaliste\/\">doar 10 au mers mai departe \u00een final\u0103<\/a>, decizia fiind luat\u0103 exclusiv de c\u0103tre un juriu de speciali\u0219ti. Mul\u021bi dintre fanii concursului au fost nemul\u021bumi\u021bi de selec\u021bia jura\u021bilor, exprim\u00e2ndu-\u0219i dezaprobarea \u0219i chiar furia prin comentarii pe pagina de Facebook a Eurovision Rom\u00e2nia, pe YouTube, dar \u0219i pe grupuri dedicate.<\/p>\n<p>Din acest juriu aspru criticat au f\u0103cut parte Alexandra Ungureanu, Randi, Ozana Barabancea, Cristian Faur \u015fi Adrian Romcescu. Randi a reac\u021bionat la mesajele fanilor Eurovision public\u00e2nd c\u00e2teva clipuri pe Story, iar Alexandra Ungureanu \u0219i-a expus punctul de vedere post\u00e2nd un mesaj amplu pe Facebook.<\/p>\n<p> Alexandra Ungureanu: &#8220;\u0218tiam \u00een ce m\u0103 bag, ce implic\u0103, \u0219tiam ce fenomen uria\u0219 este acest concurs, ce efervescen\u021b\u0103 \u0219i controverse se creeaz\u0103 \u00een jurul lui&#8221; <\/p>\n<p>&#8220;Ce emo\u021bii au fost, pentru mine, asear\u0103. Dup\u0103 trei particip\u0103ri \u00een calitate de concurent, o prezen\u021b\u0103 ca artist invitat \u00een recital, pentru prima dat\u0103, ieri, jurat \u00eentr-un show fenomen care pentru mine \u00eenseamn\u0103 mult. De ce? A fost rampa de lansare, c\u00e2nd eram la \u00eenceput, \u0219i locul \u00een care mul\u021bi dintre voi m-a\u021bi descoperit.<\/p>\n<p>Chiar cea mai drag\u0103 \u0219i longeviv\u0103 prietenie din via\u021ba mea s-a n\u0103scut tot \u00een jurul acestui proiect. A\u0219a c\u0103, am spus un mare &#8220;da&#8221; invita\u021biei de a fi din nou parte din acest super show. \u0218tiam \u00een ce m\u0103 bag, ce implic\u0103, \u0219tiam ce fenomen uria\u0219 este acest concurs, ce efervescen\u021b\u0103 \u0219i controverse se creeaz\u0103 \u00een jurul lui. C\u00e2t\u0103 pasiune st\u00e2rne\u0219te, la extreme, c\u00e2te r\u00e2nduri se scriu \u0219i ce miz\u0103 uria\u0219\u0103 e, p\u00e2n\u0103 la urm\u0103, pentru Rom\u00e2nia prezen\u021ba \u00eentr-un asemenea context interna\u021bional. De asta am tratat din primul moment, cu maxim\u0103 seriozitate, rolul care mi s-a oferit.&#8221;<\/p>\n<p> Alexandra Ungureanu: &#8220;Sunt foarte multe lucruri de l\u0103murit \u0219i sper s\u0103 se \u00eent\u00e2mple asta p\u00e2n\u0103 \u00een 5 martie&#8221; <\/p>\n<p>Alexandra \u00ee\u0219i continu\u0103 postarea explic\u00e2nd c\u0103 selec\u021bia pe care ea a f\u0103cut-o a fost \u00een cuno\u0219tin\u021b\u0103 de cauz\u0103 \u0219i c\u0103 e important ca publicul s\u0103 primeasc\u0103 anumite l\u0103muriri.<\/p>\n<p>&#8220;Am ascultat de multe ori compozi\u021biile \u00eenscrise, m-am documentat, am luat pulsul grupurilor de fani, pentru a \u00een\u021belege c\u00e2t mai bine vibe-ul selec\u021biei de anul acesta. Iat\u0103-ne, dup\u0103 semifinala de asear\u0103, fix \u00een mijlocul furtunii. Sunt foarte multe lucruri de l\u0103murit \u0219i sper s\u0103 se \u00eent\u00e2mple asta p\u00e2n\u0103 \u00een 5 martie, av\u00e2nd o pies\u0103 care s\u0103 reprezinte o \u021bar\u0103 cu \u0219anse reale.&#8221;<\/p>\n<p> Favori\u021bii Alexandrei Ungureanu care nu au ajuns \u00een finala Eurovision Rom\u00e2nia 2022 <\/p>\n<p>F\u0103r\u0103 a spune care a fost punctajul pe care ea l-a dat concuren\u021bilor, Alexandra dezv\u0103luie c\u0103 finali\u0219tii ei la Eurovision Rom\u00e2nia 2022 ar fi fost al\u021bii dec\u00e2t cei ale\u0219i s\u00e2mb\u0103t\u0103 sear\u0103. Artista ofer\u0103 chiar o list\u0103 a celor care s-au plasat \u00een top 10 pentru ea, dar nu au trecut selec\u021bia. Printre ei se num\u0103r\u0103 \u0219i doi dintre favori\u021bii publicului, respectiv Aris \u0219i <a href=\"https:\/\/www.infomusic.ro\/2022\/02\/piesa-semifinala-eurovision-romania-2022-trending-youtube-melodii-top-10\/\">E-an-na<\/a>.<\/p>\n<p>&#8220;Vreau s\u0103 felicit to\u021bi finali\u0219tii \u0219i s\u0103 le urez mult\u0103 baft\u0103 \u00een Marea Final\u0103. Vreau s\u0103 \u00eei felicit \u0219i pe cei care nu au reu\u0219it calificarea. Unii dintre ei au fost \u0219i favori\u021bii mei asear\u0103, reg\u0103sindu-se \u00een &#8220;my top 10&#8221;. \u0218i aici m\u0103 refer la Eugenia Nicolae, Aris, E-an-na, \u0219i <a href=\"https:\/\/www.infomusic.ro\/interviu\/eliza-g-semifinalista-selectia-nationala-eurovision-2022-sper-sa-pot-da-inapoi-romaniei-toata-dragostea-pe-care-am-primit-o\/\">Eliza G<\/a>. Ce voci, ce prezen\u021be. N-a fost s\u0103 fie acum, dar mi-ar fi tare drag s\u0103 c\u00e2nt\u0103m \u00eempreun\u0103 la un concert sau la &#8220;Duet cu Alexandra&#8221;. Da, e o invita\u021bie oficial\u0103. V\u0103 mul\u021bumesc \u0219i vou\u0103 pentru toate mesajele primite, pentru criticile constructive. Fie ca cel mai bun, din cei r\u0103ma\u0219i, s\u0103 c\u00e2\u0219tige&#8221;, spune Alexandra \u00een \u00eencheierea post\u0103rii sale.<\/p>\n<p> <a class=\"echo_read_more\" href=\"https:\/\/www.infomusic.ro\/2022\/03\/alexandra-ungureanu-navigheaza-printre-hituri-si-dezamagiri-in-podcastul-aproximativ-discutii-cu-dj-gojira\/\" target=\"_blank\" rel=\"noopener\">\u00a0\u00bb\u00a0Cite\u0219te continuarea pe pagina autorului<\/a><\/p>\n","protected":false},"excerpt":{"rendered":"<p>S\u00e2mb\u0103t\u0103 sear\u0103 a avut loc primul show live din cadrul\u00a0 Selec\u021biei Na\u021bionale pentru Eurovision 2022. Din cei 20 de participan\u021bi, doar 10 au mers mai departe \u00een final\u0103, decizia fiind luat\u0103 exclusiv de c\u0103tre un juriu de speciali\u0219ti. Mul\u021bi dintre fanii concursului au fost nemul\u021bumi\u021bi de selec\u021bia jura\u021bilor, exprim\u00e2ndu-\u0219i dezaprobarea \u0219i chiar furia prin comentarii [&hellip;]<\/p>\n","protected":false},"author":1,"featured_media":3584,"comment_status":"open","ping_status":"open","sticky":false,"template":"","format":"standard","meta":{"_crdt_document":"","footnotes":""},"categories":[4],"tags":[],"class_list":["post-3583","post","type-post","status-publish","format-standard","has-post-thumbnail","hentry","category-noutati"],"_links":{"self":[{"href":"https:\/\/news-fm.ro\/index.php\/wp-json\/wp\/v2\/posts\/3583","targetHints":{"allow":["GET"]}}],"collection":[{"href":"https:\/\/news-fm.ro\/index.php\/wp-json\/wp\/v2\/posts"}],"about":[{"href":"https:\/\/news-fm.ro\/index.php\/wp-json\/wp\/v2\/types\/post"}],"author":[{"embeddable":true,"href":"https:\/\/news-fm.ro\/index.php\/wp-json\/wp\/v2\/users\/1"}],"replies":[{"embeddable":true,"href":"https:\/\/news-fm.ro\/index.php\/wp-json\/wp\/v2\/comments?post=3583"}],"version-history":[{"count":0,"href":"https:\/\/news-fm.ro\/index.php\/wp-json\/wp\/v2\/posts\/3583\/revisions"}],"wp:featuredmedia":[{"embeddable":true,"href":"https:\/\/news-fm.ro\/index.php\/wp-json\/wp\/v2\/media\/3584"}],"wp:attachment":[{"href":"https:\/\/news-fm.ro\/index.php\/wp-json\/wp\/v2\/media?parent=3583"}],"wp:term":[{"taxonomy":"category","embeddable":true,"href":"https:\/\/news-fm.ro\/index.php\/wp-json\/wp\/v2\/categories?post=3583"},{"taxonomy":"post_tag","embeddable":true,"href":"https:\/\/news-fm.ro\/index.php\/wp-json\/wp\/v2\/tags?post=3583"}],"curies":[{"name":"wp","href":"https:\/\/api.w.org\/{rel}","templated":true}]}}