{"id":3457,"date":"2022-03-03T05:58:56","date_gmt":"2022-03-03T05:58:56","guid":{"rendered":"http:\/\/news-fm.ro\/index.php\/2022\/03\/03\/concertele-lui-david-garrett-din-2022-se-amana-din-nou-afla-noile-date\/"},"modified":"2022-03-03T05:58:56","modified_gmt":"2022-03-03T05:58:56","slug":"concertele-lui-david-garrett-din-2022-se-amana-din-nou-afla-noile-date","status":"publish","type":"post","link":"https:\/\/news-fm.ro\/index.php\/2022\/03\/03\/concertele-lui-david-garrett-din-2022-se-amana-din-nou-afla-noile-date\/","title":{"rendered":"Concertele lui David Garrett din 2022 se am\u00e2n\u0103 din nou; Afl\u0103 noile date"},"content":{"rendered":"<p>Din cauza situa\u021biilor interna\u021bionale asociate \u0219i a restric\u021biilor epidemiologice, managementul artistului David Garrett a decis am\u00e2narea tuturor concertelor din cadrul turneului european &#8220;ALIVE&#8221; programate pentru lunile aprilie \u0219i mai 2022.<\/p>\n<p>  Care sunt noile date ale concertelor David Garrett de la Bucure\u0219ti \u0219i Cluj-Napoca <\/p>\n<p>De\u0219i pentru p\u0103r\u021bile implicate \u00een planificarea turneului mondial nu a fost o decizie u\u0219oar\u0103, organizatorii din Rom\u00e2nia s-au conformat \u0219i au reprogramat concertele ce ar fi trebuit s\u0103 se desf\u0103\u0219oare pe 17 mai la Sala Palatului din Bucure\u0219ti \u0219i pe 20 mai la BT Arena Cluj-Napoca. Astfel, \u00eent\u00e2lnirea publicului din Rom\u00e2nia cu celebrul violonist David Garrett, \u00een concertul &#8220;ALIVE&#8221;, va avea loc pe 1 septembrie, la BT Arena din Cluj-Napoca, iar pe 3 septembrie, la Sala Palatului din Bucure\u0219ti.<\/p>\n<p> Ce se \u00eent\u00e2mpl\u0103 cu biletele cump\u0103rate <\/p>\n<ul>\n<li>Biletele deja achizi\u021bionate pentru cele dou\u0103 concerte \u00ee\u0219i p\u0103streaz\u0103 valabilitatea pentru reprezenta\u021biile din luna septembrie. Conform legisla\u021biei \u00een vigoare, cump\u0103r\u0103torii de bilete pot opta pentru preschimbarea biletelor \u00een vouchere, \u00een termen de 30 de zile calendaristice. Astfel, \u00een perioada 2 martie &#8211; 31 martie 2022 posesorii de bilete \u00ee\u0219i pot exprima op\u021biunea prin trimiterea unui email c\u0103tre <a data-cfemail=\"7f1c10110b1e1c0b3f1a091a110b1612510d10\" href=\"http:\/\/www.infomusic.ro\/cdn-cgi\/l\/email-protection\">[email\u00a0protected]<\/a> cu subiectul &#8220;Solicitare voucher David Garrett&#8221;.<\/li>\n<\/ul>\n<p>\u00cen acela\u0219i timp, iubitorii de muzic\u0103 live care nu doresc s\u0103 piard\u0103 \u0219ansa de a se bucura de noul concert marca David Garrett pot cump\u0103ra bilete de la casa de bilete a S\u0103lii Palatului sau online.<\/p>\n<p> David Garrett: &#8220;V\u0103 mul\u021bumim foarte mult pentru r\u0103bdare, \u00een\u021belegere \u0219i, bine\u00een\u021beles, pentru loialitate&#8221; <\/p>\n<p>&#8220;A\u0219tept cu ner\u0103bdare s\u0103 revin \u00een sf\u00e2r\u0219it pe scen\u0103, al\u0103turi de band-ul meu \u0219i, s\u0103 c\u00e2nt\u0103m din nou pentru to\u021bi cei care iubesc muzica noastr\u0103. \u00cen aceste vremuri dificile, momentele pozitive \u0219i clipele de fericire sunt extrem de importante pentru noi to\u021bi. V\u0103 mul\u021bumim foarte mult pentru r\u0103bdare, \u00een\u021belegere \u0219i, bine\u00een\u021beles, pentru loialitate. P\u00e2n\u0103 \u00een luna septembrie, c\u00e2nd ne vom \u00eent\u00e2lni la Cluj-Napoca \u0219i Bucure\u0219ti, v\u0103 doresc s\u0103 ave\u021bi grij\u0103 de voi \u0219i s\u0103 r\u0103m\u00e2ne\u021bi s\u0103n\u0103to\u0219i&#8221;, a transmis David Garrett.<\/p>\n<p>Noul turneu &#8220;ALIVE&#8221; marcheaz\u0103 un nou \u00eenceput pentru David Garrett. \u00cen stilul crossover inedit, artistul celebreaz\u0103 via\u021ba adopt\u00e2nd un repertoriu complex \u0219i variat, o fuziune \u00eentre muzica clasic\u0103 \u0219i cele mai cunoscute melodii pop, garant\u00e2nd astfel audien\u021bei o experien\u021b\u0103 muzical\u0103 de neuitat.<\/p>\n<\/p>\n<p>Programul concertului &#8220;ALIVE&#8221; 2022 cuprinde un mix de melodii ce ating sufletele oamenilor, de la piese celebre cum sunt &#8220;What a Wonderful World&#8221;, &#8220;Imagine&#8221; sau &#8220;Beauty and the Beast&#8221;, la imnuri rock precum &#8220;Enter Sandman&#8221; sau &#8220;Paint it Black&#8221;, \u0219i p\u00e2n\u0103 la hituri dansabile ca &#8220;Happy&#8221; al lui Pharrell Williams, &#8220;Hit the Road Jack&#8221;, &#8220;Thriller&#8221;, &#8220;Bella Ciao&#8221; \u0219i omonimul &#8220;Stayin\u2019 Alive&#8221; care vor ridica publicul \u00een picioare. De asemenea, ca \u00een toate concertele fai<\/p>\n<p> <a class=\"echo_read_more\" href=\"https:\/\/www.infomusic.ro\/2022\/03\/concerte-david-garrett-2022-se-amana-noile-date\/\" target=\"_blank\" rel=\"noopener\">\u00a0\u00bb\u00a0Cite\u0219te continuarea pe pagina autorului<\/a><\/p>\n","protected":false},"excerpt":{"rendered":"<p>Din cauza situa\u021biilor interna\u021bionale asociate \u0219i a restric\u021biilor epidemiologice, managementul artistului David Garrett a decis am\u00e2narea tuturor concertelor din cadrul turneului european &#8220;ALIVE&#8221; programate pentru lunile aprilie \u0219i mai 2022. Care sunt noile date ale concertelor David Garrett de la Bucure\u0219ti \u0219i Cluj-Napoca De\u0219i pentru p\u0103r\u021bile implicate \u00een planificarea turneului mondial nu a fost o [&hellip;]<\/p>\n","protected":false},"author":1,"featured_media":3458,"comment_status":"open","ping_status":"open","sticky":false,"template":"","format":"standard","meta":{"_crdt_document":"","footnotes":""},"categories":[4],"tags":[],"class_list":["post-3457","post","type-post","status-publish","format-standard","has-post-thumbnail","hentry","category-noutati"],"_links":{"self":[{"href":"https:\/\/news-fm.ro\/index.php\/wp-json\/wp\/v2\/posts\/3457","targetHints":{"allow":["GET"]}}],"collection":[{"href":"https:\/\/news-fm.ro\/index.php\/wp-json\/wp\/v2\/posts"}],"about":[{"href":"https:\/\/news-fm.ro\/index.php\/wp-json\/wp\/v2\/types\/post"}],"author":[{"embeddable":true,"href":"https:\/\/news-fm.ro\/index.php\/wp-json\/wp\/v2\/users\/1"}],"replies":[{"embeddable":true,"href":"https:\/\/news-fm.ro\/index.php\/wp-json\/wp\/v2\/comments?post=3457"}],"version-history":[{"count":0,"href":"https:\/\/news-fm.ro\/index.php\/wp-json\/wp\/v2\/posts\/3457\/revisions"}],"wp:featuredmedia":[{"embeddable":true,"href":"https:\/\/news-fm.ro\/index.php\/wp-json\/wp\/v2\/media\/3458"}],"wp:attachment":[{"href":"https:\/\/news-fm.ro\/index.php\/wp-json\/wp\/v2\/media?parent=3457"}],"wp:term":[{"taxonomy":"category","embeddable":true,"href":"https:\/\/news-fm.ro\/index.php\/wp-json\/wp\/v2\/categories?post=3457"},{"taxonomy":"post_tag","embeddable":true,"href":"https:\/\/news-fm.ro\/index.php\/wp-json\/wp\/v2\/tags?post=3457"}],"curies":[{"name":"wp","href":"https:\/\/api.w.org\/{rel}","templated":true}]}}