{"id":3385,"date":"2022-02-22T09:00:17","date_gmt":"2022-02-22T09:00:17","guid":{"rendered":"http:\/\/news-fm.ro\/index.php\/2022\/02\/22\/the-motans-a-lansat-un-nou-single-toate-drumurile-audio\/"},"modified":"2022-02-22T09:00:17","modified_gmt":"2022-02-22T09:00:17","slug":"the-motans-a-lansat-un-nou-single-toate-drumurile-audio","status":"publish","type":"post","link":"https:\/\/news-fm.ro\/index.php\/2022\/02\/22\/the-motans-a-lansat-un-nou-single-toate-drumurile-audio\/","title":{"rendered":"The Motans a lansat un nou single, &#8220;Toate Drumurile&#8221; &#8211; AUDIO"},"content":{"rendered":"<p>Dup\u0103 <a href=\"https:\/\/www.infomusic.ro\/2020\/10\/aftermovie-the-concert-drive-in-concert-inna-antonia-irina-rimes-carlas-dreams-video\/\">edi\u021bia pandemic\u0103 Drive In<\/a>, din iunie 2020, The Concert revine pe 30 iulie 2022. Evenimentul se va desf\u0103\u0219ura la Romexpo, \u00een Bucure\u0219ti, av\u00e2nd confirmate trei nume mari pe afi\u0219: Carla&#8217;s Dreams, Irina Rimes \u0219i The Motans. Mul\u021bi al\u021bi invita\u021bi speciali vor fi anun\u021ba\u021bi \u00een perioada urm\u0103toare.<\/p>\n<p>Evenimentul va respecta normele \u00een vigoare la momentul desf\u0103\u0219ur\u0103rii acestuia. Fanii care au avut abonamente la edi\u021bia dn 2020 vor primi \u00eenc\u0103 un bilet cadou din aceea\u0219i categorie, bilet pe care \u00eel pot ridica la intrare, \u00een ziua concertului. Biletele deja cump\u0103rate la edi\u021bia din 2020 sunt automat valabile, iar fanii nu trebuie dec\u00e2t s\u0103 vin\u0103 cu aceastea la intrare.<\/p>\n<p> Pre\u021buri bilete la The Concert 2022: <\/p>\n<p>Biletele s-au pus \u00een vanzare online \u0219i sunt disponibile la urm\u0103toarele pre\u021buri:<\/p>\n<ul>\n<li>VIP &#8211; 219 lei<\/li>\n<li>Fan Zone &#8211; 139 lei<\/li>\n<li>Acces General &#8211; 99 lei<\/li>\n<\/ul>\n<p>Se pun \u00een v\u00e2nzare doar 200 de bilete la categoria VIP \u0219i 800 la categoria Fan Zone. \u00cen ziua concertului biletele vor costa 250 de lei la VIP, 170 de lei \u00een Fan Zone \u0219i 130 de lei la Acces General. La pre\u021burile tuturor biletelor se adaug\u0103 comisionul de procesare de 10 lei. La minim 4 bilete cump\u0103rate din aceea\u0219i categorie se acord\u0103 un discount de 15%. Copiii sub 7 ani au acces gratuit \u00eenso\u021bi\u021bi de un adult posesor de bilet.<\/p>\n<p> Despre Carla&#8217;s Dreams, Irina Rimes \u0219i The Motans <\/p>\n<p>Carla&#8217;s Dreams au ap\u0103rut pe pia\u021ba muzical\u0103 \u00een 2012 \u0219i de atunci sunt de neoprit. Arti\u0219tii din Republica Moldova se bucur\u0103 de o popularitate \u00een continu\u0103 ascensiune, plas\u00e2ndu-se pe pozi\u021bii frunta\u0219e \u00een topuri cu melodii ca &#8220;Te rog&#8221;, &#8220;Sub pielea mea #eroina&#8221;, &#8220;Acele&#8221;, &#8220;Imperfect&#8221;, &#8220;Antiexemplu&#8221;, &#8220;Ne topim&#8221;, &#8220;P\u00e2n\u0103 la s\u00e2nge&#8221;.<\/p>\n<p>Concertele explozive\u00a0Carla&#8217;s Dreams, 100% live, nu se rezum\u0103 niciodat\u0103 la un singur gen muzical. Combin\u00e2nd elemente de pop, hip-hop, dance \u0219i rock, sunt gata s\u0103 uimeasc\u0103 mereu fanii cu abilitatea maleabil\u0103 de a combina stilurile cu singurul obiectiv de a da o f\u0103r\u00e2m\u0103 de originalitate pe pia\u021ba muzical\u0103 rom\u00e2neasc\u0103 \u0219i interna\u021bional\u0103.<\/p>\n<\/p>\n<p>Irina Rimes\u00a0este una dintre cele mai apreciate artiste din Rom\u00e2nia. Primul ei single, &#8220;Visele&#8221;, a lansat-o \u00een industria muzical\u0103, i-a adus titlul pentru debutul anului trecut \u015fi a ajuns rapid \u00een topul celor mai difuzate piese de pe radiourile locale.\u00a0. Anul 2020 a gasit-o pe Irina cu o schimbare consistent\u0103 de stil, dar nu \u0219i de con\u021binut. Albumul &#8220;<a href=\"https:\/\/www.infomusic.ro\/2020\/05\/irina-rimes-a-lansat-pastila-primul-album-din-romania-cu-grafica-pe-spotify\/\">Pastila<\/a>&#8221; a adoptat stilul pop-trap, dar mesajele sale puternice au fost \u00een continuare reg\u0103site printre r\u00e2nduri. \u00cen 2021 single-ul &#8220;<a href=\"https:\/\/www.infomusic.ro\/videoclip\/irina-rimes-n-avem-timp\/\">N-avem timp<\/a>&#8221; a ajuns pe locul \u00eent\u00e2i \u00een topul radiourilor locale, iar piesa &#8220;\u041d\u0430\u0432\u0441\u0435\u0433\u0434\u0430&#8221; \u00een colaborare cu Jah Khalib a \u00eensemnat debutul ei \u00een Rusia.<\/p>\n<\/p>\n<p>The Motans\u00a0este unul dintre cei mai aprecia\u021bi \u0219i iubi\u021bi arti\u0219ti ai momentului. Piesele sale sunt printre cele mai \u00eendr\u0103gite \u0219i ascultate de fanii rom\u00e2ni, motiv pentru care aproape cu fiecare lansare artistul a ajuns \u00een topurile celor mai asculta\u021bi arti\u0219ti ai momentului.<\/p>\n<\/p>\n<p> <a class=\"echo_read_more\" href=\"https:\/\/www.infomusic.ro\/2022\/02\/the-motans-a-lansat-toate-drumurile-audio\/\" target=\"_blank\" rel=\"noopener\">\u00a0\u00bb\u00a0Cite\u0219te continuarea pe pagina autorului<\/a><\/p>\n","protected":false},"excerpt":{"rendered":"<p>Dup\u0103 edi\u021bia pandemic\u0103 Drive In, din iunie 2020, The Concert revine pe 30 iulie 2022. Evenimentul se va desf\u0103\u0219ura la Romexpo, \u00een Bucure\u0219ti, av\u00e2nd confirmate trei nume mari pe afi\u0219: Carla&#8217;s Dreams, Irina Rimes \u0219i The Motans. Mul\u021bi al\u021bi invita\u021bi speciali vor fi anun\u021ba\u021bi \u00een perioada urm\u0103toare. Evenimentul va respecta normele \u00een vigoare la momentul [&hellip;]<\/p>\n","protected":false},"author":1,"featured_media":3386,"comment_status":"open","ping_status":"open","sticky":false,"template":"","format":"standard","meta":{"_crdt_document":"","footnotes":""},"categories":[4],"tags":[],"class_list":["post-3385","post","type-post","status-publish","format-standard","has-post-thumbnail","hentry","category-noutati"],"_links":{"self":[{"href":"https:\/\/news-fm.ro\/index.php\/wp-json\/wp\/v2\/posts\/3385","targetHints":{"allow":["GET"]}}],"collection":[{"href":"https:\/\/news-fm.ro\/index.php\/wp-json\/wp\/v2\/posts"}],"about":[{"href":"https:\/\/news-fm.ro\/index.php\/wp-json\/wp\/v2\/types\/post"}],"author":[{"embeddable":true,"href":"https:\/\/news-fm.ro\/index.php\/wp-json\/wp\/v2\/users\/1"}],"replies":[{"embeddable":true,"href":"https:\/\/news-fm.ro\/index.php\/wp-json\/wp\/v2\/comments?post=3385"}],"version-history":[{"count":0,"href":"https:\/\/news-fm.ro\/index.php\/wp-json\/wp\/v2\/posts\/3385\/revisions"}],"wp:featuredmedia":[{"embeddable":true,"href":"https:\/\/news-fm.ro\/index.php\/wp-json\/wp\/v2\/media\/3386"}],"wp:attachment":[{"href":"https:\/\/news-fm.ro\/index.php\/wp-json\/wp\/v2\/media?parent=3385"}],"wp:term":[{"taxonomy":"category","embeddable":true,"href":"https:\/\/news-fm.ro\/index.php\/wp-json\/wp\/v2\/categories?post=3385"},{"taxonomy":"post_tag","embeddable":true,"href":"https:\/\/news-fm.ro\/index.php\/wp-json\/wp\/v2\/tags?post=3385"}],"curies":[{"name":"wp","href":"https:\/\/api.w.org\/{rel}","templated":true}]}}